{"id":931541,"date":"2025-01-07T21:45:45","date_gmt":"2025-01-07T20:45:45","guid":{"rendered":"https:\/\/sindik.at\/?p=931541"},"modified":"2025-01-09T09:31:18","modified_gmt":"2025-01-09T08:31:18","slug":"januarove-stretnutie-9","status":"publish","type":"post","link":"https:\/\/sindik.at\/?p=931541","title":{"rendered":"Janu\u00e1rov\u00e9 stretnutie"},"content":{"rendered":"\n<p>Prv\u00fdkr\u00e1t v tomto roku sa uvid\u00edme u\u017e tento v\u00edkend.<\/p>\n\n\n\n<!--more-->\n\n\n\n<p>Konkr\u00e9tne v sobotu 11.1. op\u00e4\u0165 v coworkingovej zasada\u010dke v Avione na Ivanskej ceste v Bratislave od 9:00.<\/p>\n\n\n\n<p>Te\u0161\u00edm sa na va\u0161u \u00fa\u010das\u0165,<br>Ikon<\/p>\n","protected":false},"excerpt":{"rendered":"<p>Prv\u00fdkr\u00e1t v tomto roku sa uvid\u00edme u\u017e tento v\u00edkend.<\/p>\n","protected":false},"author":1,"featured_media":0,"comment_status":"open","ping_status":"open","sticky":false,"template":"","format":"standard","meta":{"jetpack_post_was_ever_published":false,"_jetpack_newsletter_access":"","_jetpack_dont_email_post_to_subs":false,"_jetpack_newsletter_tier_id":0,"_jetpack_memberships_contains_paywalled_content":false,"_jetpack_memberships_contains_paid_content":false,"footnotes":"","jetpack_publicize_message":"","jetpack_publicize_feature_enabled":true,"jetpack_social_post_already_shared":true,"jetpack_social_options":{"image_generator_settings":{"template":"highway","default_image_id":0,"font":"","enabled":false},"version":2}},"categories":[7],"tags":[],"class_list":["post-931541","post","type-post","status-publish","format-standard","hentry","category-tema-4-stretnutia-php"],"jetpack_publicize_connections":[],"jetpack_featured_media_url":"","jetpack_sharing_enabled":true,"jetpack_shortlink":"https:\/\/wp.me\/p5aqy8-3UkR","jetpack_likes_enabled":true,"jetpack-related-posts":[],"_links":{"self":[{"href":"https:\/\/sindik.at\/index.php?rest_route=\/wp\/v2\/posts\/931541","targetHints":{"allow":["GET"]}}],"collection":[{"href":"https:\/\/sindik.at\/index.php?rest_route=\/wp\/v2\/posts"}],"about":[{"href":"https:\/\/sindik.at\/index.php?rest_route=\/wp\/v2\/types\/post"}],"author":[{"embeddable":true,"href":"https:\/\/sindik.at\/index.php?rest_route=\/wp\/v2\/users\/1"}],"replies":[{"embeddable":true,"href":"https:\/\/sindik.at\/index.php?rest_route=%2Fwp%2Fv2%2Fcomments&post=931541"}],"version-history":[{"count":4,"href":"https:\/\/sindik.at\/index.php?rest_route=\/wp\/v2\/posts\/931541\/revisions"}],"predecessor-version":[{"id":931545,"href":"https:\/\/sindik.at\/index.php?rest_route=\/wp\/v2\/posts\/931541\/revisions\/931545"}],"wp:attachment":[{"href":"https:\/\/sindik.at\/index.php?rest_route=%2Fwp%2Fv2%2Fmedia&parent=931541"}],"wp:term":[{"taxonomy":"category","embeddable":true,"href":"https:\/\/sindik.at\/index.php?rest_route=%2Fwp%2Fv2%2Fcategories&post=931541"},{"taxonomy":"post_tag","embeddable":true,"href":"https:\/\/sindik.at\/index.php?rest_route=%2Fwp%2Fv2%2Ftags&post=931541"}],"curies":[{"name":"wp","href":"https:\/\/api.w.org\/{rel}","templated":true}]}}