{"id":931386,"date":"2024-07-18T21:16:40","date_gmt":"2024-07-18T20:16:40","guid":{"rendered":"https:\/\/sindik.at\/?p=931386"},"modified":"2024-07-18T21:16:40","modified_gmt":"2024-07-18T20:16:40","slug":"oneskorene-zapisky-z-druheho-januaroveho-stretnutia","status":"publish","type":"post","link":"https:\/\/sindik.at\/?p=931386","title":{"rendered":"Oneskoren\u00e9 z\u00e1pisky z druh\u00e9ho janu\u00e1rov\u00e9ho stretnutia"},"content":{"rendered":"\n<p>Na druhom janu\u00e1rovom stretnut\u00ed sa zi\u0161la pomerne ak\u010dn\u00e1 \u00faderka.<\/p>\n\n\n\n<!--more-->\n\n\n\n<p>Aj ke\u010f je to u\u017e pomerne d\u00e1vno, rozhodol som sa zhrn\u00fa\u0165 priebeh druh\u00e9ho janu\u00e1rov\u00e9ho stretnutia, na ktorom sme sa fyzicky zi\u0161li v zlo\u017een\u00ed Martin Chabada, Ub880d, \u010ci\u017eo, Stano Hrda, Busy, Loki a jeho potomkovia. V on-line sa objavil ur\u010dite Martin \u010cern\u00fd, a zrejme aj \u010das\u0165 Zeroteamu z Berl\u00edna, pr\u00edpadne sn\u00e1\u010f aj Martin No.1.<\/p>\n\n\n\n<p>Pr\u00e1ve uko\u010d\u00edrovanie pr\u00edtomn\u00fdch det\u00ed, aby pri pobehovan\u00ed nevytrhli sklenen\u00e9 dvere zasada\u010dky z p\u00e1ntov bol dos\u0165 traumatizuj\u00faci z\u00e1\u017eitok, tak\u017ee som nemal najmen\u0161iu chu\u0165 pokra\u010dova\u0165 v p\u00edsan\u00ed z\u00e1piskov zo stretnut\u00ed, ale po reklam\u00e1ci\u00e1ch \u00fa\u010dastn\u00edkov som sa rozhodol, \u017ee sa k tejto \u010dinnosti vr\u00e1tim \ud83d\ude09<\/p>\n\n\n\n<p>Martin Chabada sa s Martinom \u010cern\u00fdm, ktor\u00fd bol na on-line, dali dokopy aby presk\u00famali mo\u017enos\u0165 spustenia <a href=\"https:\/\/github.com\/raxoft\/z80test\">SCF\/CCF testov<\/a> od Patrika Raka na <a href=\"https:\/\/github.com\/SuperFabius\/Z80-MBC2\">Z80 MBC2<\/a>. Tie testy n\u00e1m dali zabra\u0165 u\u017e predt\u00fdm pri laden\u00ed emul\u00e1cie Z80 a spektra na PAX S920. Mysl\u00edm, \u017ee pod CP\/M sa nakoniec nepodarilo prelo\u017ei\u0165 s\u00e9riu testov od Raxofta. Zato sme zistili ak\u00e9 s\u00fa mo\u017enosti kompil\u00e1cie zdrojov\u00fdch assemblerov\u00fdch programov do strojov\u00e9ho k\u00f3du na verzii CP\/M, ktor\u00e1 na MBC2 be\u017e\u00ed. Pokia\u013e viem, tak SjASMPlus nepodporuje kompil\u00e1ciu v\u00fdsledn\u00e9ho k\u00f3du do form\u00e1tu .COM pre CP\/M, ktor\u00fd by sme n\u00e1sledne vedeli nainjektova\u0165 do obrazu diskety.<\/p>\n\n\n\n<p>Zvl\u00e1dli sme aj trochu letovania napriek po\u017eiarnym hl\u00e1si\u010dom rozlo\u017een\u00fdm pod stropom zasada\u010dky. Ja som konkr\u00e9tne odletoval ConnectOne modul zo SIFu, ktor\u00fd priniesol UB880D. A nesk\u00f4r som vyr\u00e1bal nap\u00e1jac\u00ed k\u00e1bel pre Atari 7800, ktor\u00e9 priniesol Stano Hrda. Konzolu sme aj rozobrali, aby sme sa pokochali \u010do sa v nej skr\u00fdva.<\/p>\n\n\n\n<figure class=\"wp-block-image size-large\"><a href=\"https:\/\/sindik.at\/wp-content\/uploads\/2024\/07\/SDK_Januar21_02.jpg\"><img loading=\"lazy\" decoding=\"async\" width=\"1024\" height=\"835\" src=\"https:\/\/sindik.at\/wp-content\/uploads\/2024\/07\/SDK_Januar21_02-1024x835.jpg\" alt=\"\" class=\"wp-image-931387\" srcset=\"https:\/\/sindik.at\/wp-content\/uploads\/2024\/07\/SDK_Januar21_02-1024x835.jpg 1024w, https:\/\/sindik.at\/wp-content\/uploads\/2024\/07\/SDK_Januar21_02-300x245.jpg 300w, https:\/\/sindik.at\/wp-content\/uploads\/2024\/07\/SDK_Januar21_02-768x626.jpg 768w, https:\/\/sindik.at\/wp-content\/uploads\/2024\/07\/SDK_Januar21_02-368x300.jpg 368w, https:\/\/sindik.at\/wp-content\/uploads\/2024\/07\/SDK_Januar21_02.jpg 1472w\" sizes=\"auto, (max-width: 1024px) 100vw, 1024px\" \/><\/a><\/figure>\n\n\n\n<p>Po jej rozbehnut\u00ed sme si vysk\u00fa\u0161ali zahra\u0165 jedin\u00fa vstavan\u00fa hru Asteroids.<\/p>\n\n\n\n<p>Okrem pr\u00edtomnosti nezbedn\u00fdch det\u00ed sme mali trochu probl\u00e9m aj s monitorom, na ktorom bola zapojen\u00e1 UB-ho Delta. Pri sebemen\u0161om zakol\u00edsan\u00ed cinch k\u00e1bla odmietal zobrazova\u0165 vstupn\u00fd sign\u00e1l. Na konci k\u00e1bla bol konektor, ktor\u00fd mal zjavne probl\u00e9m spr\u00e1vne zapadn\u00fa\u0165 do protikusu na strane monitora, tak\u017ee n\u00e1m pripravil ne\u010dakan\u00fa z\u00e1bavu pri manipul\u00e1cii \u010di u\u017e s\u00a0 po\u010d\u00edta\u010dom, alebo samotn\u00fdm monitorom.<\/p>\n\n\n\n<p>Ja som sa potom pustil do ods\u00e1vania zvy\u0161kov odstrihan\u00fdch predl\u017eovac\u00edch k\u00e1blikov k FRB konektoru pre pripojenie ROM modulu k hlavnej doske PMD 85-3. T\u00fa som d\u00e1vnej\u0161ie zak\u00fapil v stave \u010diasto\u010dnej opravy, ktor\u00fa by som chcel dotiahnu\u0165 do zdarn\u00e9ho konca. Na\u0161liapnut\u00e9 na to m\u00e1, sn\u00e1\u010f sa to podar\u00ed.<\/p>\n\n\n\n<p>Obed sme absolvovali &#8211; ako u\u017e zvy\u010dajne &#8211; v miestnom foodcourte a Loki po \u0148om tu\u0161\u00edm rie\u0161il nejak\u00e9 za\u017e\u00edvacie \u0165a\u017ekosti det\u00ed, nu\u017e h\u00e1dam to dopadlo dobre.<\/p>\n\n\n\n<p>Viac si toho u\u017e z janu\u00e1ra asi nespomeniem.\u00a0Viem v\u0161ak, \u017ee po \u00faspe\u0161nom ukon\u010den\u00ed stretnutia sa mi podarilo zamkn\u00fa\u0165 dvere zasada\u010dky, tak\u017ee neutrpeli \u017eiadnu ujmu nadmernou aktivitou najmlad\u0161\u00edch \u00fa\u010dastn\u00edkov. Potom som sa u\u017e len odobral vr\u00e1ti\u0165 k\u013e\u00fa\u010de na infodesk.<\/p>\n\n\n\n<p>Zhrnul by som to ako ak\u010dn\u00e9 stretnutie so \u0161\u0165astn\u00fdm koncom,<br>Ikon<br><span id=\"docs-internal-guid-ee37949b-7fff-942f-4920-50dae4de0976\"><div><span style=\"font-size: 11pt; font-family: Arial, sans-serif; color: rgb(0, 0, 0); background-color: transparent; font-variant-numeric: normal; font-variant-east-asian: normal; font-variant-alternates: normal; font-variant-position: normal; vertical-align: baseline;\"><\/span><\/div><\/span><\/p>\n\n\n\n<p><span id=\"docs-internal-guid-2312c4bb-7fff-624e-f3e0-ff15d07177c9\"><div><span style=\"font-size: 11pt; font-family: Arial, sans-serif; color: rgb(0, 0, 0); background-color: transparent; font-variant-numeric: normal; font-variant-east-asian: normal; font-variant-alternates: normal; font-variant-position: normal; vertical-align: baseline;\"><\/span><\/div><\/span><\/p>\n","protected":false},"excerpt":{"rendered":"<p>Na druhom janu\u00e1rovom stretnut\u00ed sa zi\u0161la pomerne ak\u010dn\u00e1 \u00faderka.<\/p>\n","protected":false},"author":1,"featured_media":0,"comment_status":"open","ping_status":"open","sticky":false,"template":"","format":"standard","meta":{"jetpack_post_was_ever_published":false,"_jetpack_newsletter_access":"","_jetpack_dont_email_post_to_subs":false,"_jetpack_newsletter_tier_id":0,"_jetpack_memberships_contains_paywalled_content":false,"_jetpack_memberships_contains_paid_content":false,"footnotes":"","jetpack_publicize_message":"","jetpack_publicize_feature_enabled":true,"jetpack_social_post_already_shared":true,"jetpack_social_options":{"image_generator_settings":{"template":"highway","default_image_id":0,"font":"","enabled":false},"version":2}},"categories":[7],"tags":[],"class_list":["post-931386","post","type-post","status-publish","format-standard","hentry","category-tema-4-stretnutia-php"],"jetpack_publicize_connections":[],"jetpack_featured_media_url":"","jetpack_sharing_enabled":true,"jetpack_shortlink":"https:\/\/wp.me\/p5aqy8-3Uim","jetpack_likes_enabled":true,"jetpack-related-posts":[],"_links":{"self":[{"href":"https:\/\/sindik.at\/index.php?rest_route=\/wp\/v2\/posts\/931386","targetHints":{"allow":["GET"]}}],"collection":[{"href":"https:\/\/sindik.at\/index.php?rest_route=\/wp\/v2\/posts"}],"about":[{"href":"https:\/\/sindik.at\/index.php?rest_route=\/wp\/v2\/types\/post"}],"author":[{"embeddable":true,"href":"https:\/\/sindik.at\/index.php?rest_route=\/wp\/v2\/users\/1"}],"replies":[{"embeddable":true,"href":"https:\/\/sindik.at\/index.php?rest_route=%2Fwp%2Fv2%2Fcomments&post=931386"}],"version-history":[{"count":2,"href":"https:\/\/sindik.at\/index.php?rest_route=\/wp\/v2\/posts\/931386\/revisions"}],"predecessor-version":[{"id":931389,"href":"https:\/\/sindik.at\/index.php?rest_route=\/wp\/v2\/posts\/931386\/revisions\/931389"}],"wp:attachment":[{"href":"https:\/\/sindik.at\/index.php?rest_route=%2Fwp%2Fv2%2Fmedia&parent=931386"}],"wp:term":[{"taxonomy":"category","embeddable":true,"href":"https:\/\/sindik.at\/index.php?rest_route=%2Fwp%2Fv2%2Fcategories&post=931386"},{"taxonomy":"post_tag","embeddable":true,"href":"https:\/\/sindik.at\/index.php?rest_route=%2Fwp%2Fv2%2Ftags&post=931386"}],"curies":[{"name":"wp","href":"https:\/\/api.w.org\/{rel}","templated":true}]}}