{"id":931322,"date":"2024-01-01T20:31:54","date_gmt":"2024-01-01T19:31:54","guid":{"rendered":"https:\/\/sindik.at\/?p=931322"},"modified":"2024-01-01T20:31:54","modified_gmt":"2024-01-01T19:31:54","slug":"januarove-stretnutie-8","status":"publish","type":"post","link":"https:\/\/sindik.at\/?p=931322","title":{"rendered":"Janu\u00e1rov\u00e9 stretnutie"},"content":{"rendered":"\n<p>Nov\u00fd rok bude vhodn\u00e9 za\u010da\u0165 dynamicky, tak\u017ee sa vid\u00edme u\u017e v nede\u013eu 7.1. POZOR: zmena miesta konania &#8211; Avion, Ivansk\u00e1 cesta, Bratislava<\/p>\n\n\n\n<!--more-->\n\n\n\n<p>S novoro\u010dnou zdravicou a \u017eelan\u00edm v\u0161etk\u00e9ho dobr\u00e9ho do cel\u00e9ho roka by som r\u00e1d ozn\u00e1mil radostn\u00fa novinu, \u017ee po dlh\u0161ej odmlke sa op\u00e4\u0165 budeme ma\u0165 mo\u017enos\u0165 stretn\u00fa\u0165 u\u017e t\u00fato nede\u013eu 7.1. od 9:00 v coworkingovej z\u00f3ne Hej v Avion Shopping Park v Bratislave na Iv\u00e1nskej ceste 16.<\/p>\n\n\n\n<p>Na\u0161a zarezervovan\u00e1 zasada\u010dka sa nach\u00e1dza na poschod\u00ed nad predaj\u0148ou All Toys, ktor\u00e1 je po pravej strane pri vstupe od McDonalds.<\/p>\n\n\n\n<p>Te\u0161\u00edm sa na hojn\u00fa \u00fa\u010das\u0165 pri obnovenej premi\u00e9re v Bratislave po mnoh\u00fdch rokoch,<br>Ikon<\/p>\n","protected":false},"excerpt":{"rendered":"<p>Nov\u00fd rok bude vhodn\u00e9 za\u010da\u0165 dynamicky, tak\u017ee sa vid\u00edme u\u017e v nede\u013eu 7.1. POZOR: zmena miesta konania &#8211; Avion, Ivansk\u00e1 cesta, Bratislava<\/p>\n","protected":false},"author":1,"featured_media":0,"comment_status":"open","ping_status":"open","sticky":false,"template":"","format":"standard","meta":{"jetpack_post_was_ever_published":false,"_jetpack_newsletter_access":"","_jetpack_dont_email_post_to_subs":false,"_jetpack_newsletter_tier_id":0,"_jetpack_memberships_contains_paywalled_content":false,"_jetpack_memberships_contains_paid_content":false,"footnotes":"","jetpack_publicize_message":"","jetpack_publicize_feature_enabled":true,"jetpack_social_post_already_shared":true,"jetpack_social_options":{"image_generator_settings":{"template":"highway","default_image_id":0,"font":"","enabled":false},"version":2}},"categories":[7],"tags":[],"class_list":["post-931322","post","type-post","status-publish","format-standard","hentry","category-tema-4-stretnutia-php"],"jetpack_publicize_connections":[],"jetpack_featured_media_url":"","jetpack_sharing_enabled":true,"jetpack_shortlink":"https:\/\/wp.me\/p5aqy8-3Uhk","jetpack_likes_enabled":true,"jetpack-related-posts":[],"_links":{"self":[{"href":"https:\/\/sindik.at\/index.php?rest_route=\/wp\/v2\/posts\/931322","targetHints":{"allow":["GET"]}}],"collection":[{"href":"https:\/\/sindik.at\/index.php?rest_route=\/wp\/v2\/posts"}],"about":[{"href":"https:\/\/sindik.at\/index.php?rest_route=\/wp\/v2\/types\/post"}],"author":[{"embeddable":true,"href":"https:\/\/sindik.at\/index.php?rest_route=\/wp\/v2\/users\/1"}],"replies":[{"embeddable":true,"href":"https:\/\/sindik.at\/index.php?rest_route=%2Fwp%2Fv2%2Fcomments&post=931322"}],"version-history":[{"count":1,"href":"https:\/\/sindik.at\/index.php?rest_route=\/wp\/v2\/posts\/931322\/revisions"}],"predecessor-version":[{"id":931323,"href":"https:\/\/sindik.at\/index.php?rest_route=\/wp\/v2\/posts\/931322\/revisions\/931323"}],"wp:attachment":[{"href":"https:\/\/sindik.at\/index.php?rest_route=%2Fwp%2Fv2%2Fmedia&parent=931322"}],"wp:term":[{"taxonomy":"category","embeddable":true,"href":"https:\/\/sindik.at\/index.php?rest_route=%2Fwp%2Fv2%2Fcategories&post=931322"},{"taxonomy":"post_tag","embeddable":true,"href":"https:\/\/sindik.at\/index.php?rest_route=%2Fwp%2Fv2%2Ftags&post=931322"}],"curies":[{"name":"wp","href":"https:\/\/api.w.org\/{rel}","templated":true}]}}