{"id":931305,"date":"2023-09-27T20:28:38","date_gmt":"2023-09-27T19:28:38","guid":{"rendered":"https:\/\/sindik.at\/?p=931305"},"modified":"2023-09-27T20:28:38","modified_gmt":"2023-09-27T19:28:38","slug":"retro-pocitace-na-comics-salone-2023","status":"publish","type":"post","link":"https:\/\/sindik.at\/?p=931305","title":{"rendered":"Retro po\u010d\u00edta\u010de na Comics sal\u00f3ne 2023"},"content":{"rendered":"\n<p>Od organiz\u00e1torov bratislavskej akcie s dlhoro\u010dnou trad\u00edciou sme dostali pozvanie z\u00fa\u010dastni\u0165 sa so \u017eivou technikou a prezentova\u0165 ju na vlastnom st\u00e1nku.<\/p>\n\n\n\n<!--more-->\n\n\n\n<figure class=\"wp-block-gallery has-nested-images columns-default is-cropped wp-block-gallery-1 is-layout-flex wp-block-gallery-is-layout-flex\">\n<figure class=\"wp-block-image size-large\"><a href=\"https:\/\/sindik.at\/wp-content\/uploads\/2023\/09\/sdk_na_cs_2023.jpg\"><img loading=\"lazy\" decoding=\"async\" width=\"1024\" height=\"1024\" data-id=\"931306\" src=\"https:\/\/sindik.at\/wp-content\/uploads\/2023\/09\/sdk_na_cs_2023-1024x1024.jpg\" alt=\"\" class=\"wp-image-931306\" srcset=\"https:\/\/sindik.at\/wp-content\/uploads\/2023\/09\/sdk_na_cs_2023-1024x1024.jpg 1024w, https:\/\/sindik.at\/wp-content\/uploads\/2023\/09\/sdk_na_cs_2023-300x300.jpg 300w, https:\/\/sindik.at\/wp-content\/uploads\/2023\/09\/sdk_na_cs_2023-150x150.jpg 150w, https:\/\/sindik.at\/wp-content\/uploads\/2023\/09\/sdk_na_cs_2023-768x768.jpg 768w, https:\/\/sindik.at\/wp-content\/uploads\/2023\/09\/sdk_na_cs_2023-1536x1536.jpg 1536w, https:\/\/sindik.at\/wp-content\/uploads\/2023\/09\/sdk_na_cs_2023.jpg 1920w\" sizes=\"auto, (max-width: 1024px) 100vw, 1024px\" \/><\/a><\/figure>\n<\/figure>\n\n\n\n<p>\u010eakujeme za\u0148, radi pr\u00eddeme a predvedieme, \u017ee ma\u0161inky, o ktor\u00e9 sa star\u00e1me maj\u00fa st\u00e1le \u010do uk\u00e1za\u0165.<\/p>\n\n\n\n<p>Vid\u00edme sa u\u017e tento v\u00edkend 29.9. &#8211; 1.10. na <a href=\"https:\/\/www.comics-salon.sk\/\">Comics sal\u00f3ne<\/a> v Ru\u017einove.<\/p>\n\n\n\n<figure class=\"wp-block-image size-full\"><a href=\"https:\/\/www.facebook.com\/comicssalon\/\" target=\"_blank\" rel=\"noreferrer noopener\"><img loading=\"lazy\" decoding=\"async\" width=\"652\" height=\"256\" src=\"https:\/\/sindik.at\/wp-content\/uploads\/2023\/09\/cs_2023_head.jpg\" alt=\"\" class=\"wp-image-931307\" srcset=\"https:\/\/sindik.at\/wp-content\/uploads\/2023\/09\/cs_2023_head.jpg 652w, https:\/\/sindik.at\/wp-content\/uploads\/2023\/09\/cs_2023_head-300x118.jpg 300w, https:\/\/sindik.at\/wp-content\/uploads\/2023\/09\/cs_2023_head-500x196.jpg 500w\" sizes=\"auto, (max-width: 652px) 100vw, 652px\" \/><\/a><\/figure>\n\n\n\n<p>U\u017e sa neviem do\u010dka\u0165,<br>Ikon<\/p>\n","protected":false},"excerpt":{"rendered":"<p>Od organiz\u00e1torov bratislavskej akcie s dlhoro\u010dnou trad\u00edciou sme dostali pozvanie z\u00fa\u010dastni\u0165 sa so \u017eivou technikou a prezentova\u0165 ju na vlastnom st\u00e1nku.<\/p>\n","protected":false},"author":1,"featured_media":0,"comment_status":"open","ping_status":"open","sticky":false,"template":"","format":"standard","meta":{"jetpack_post_was_ever_published":false,"_jetpack_newsletter_access":"","_jetpack_dont_email_post_to_subs":false,"_jetpack_newsletter_tier_id":0,"_jetpack_memberships_contains_paywalled_content":false,"_jetpack_memberships_contains_paid_content":false,"footnotes":"","jetpack_publicize_message":"","jetpack_publicize_feature_enabled":true,"jetpack_social_post_already_shared":true,"jetpack_social_options":{"image_generator_settings":{"template":"highway","default_image_id":0,"font":"","enabled":false},"version":2}},"categories":[7],"tags":[],"class_list":["post-931305","post","type-post","status-publish","format-standard","hentry","category-tema-4-stretnutia-php"],"jetpack_publicize_connections":[],"jetpack_featured_media_url":"","jetpack_sharing_enabled":true,"jetpack_shortlink":"https:\/\/wp.me\/p5aqy8-3Uh3","jetpack_likes_enabled":true,"jetpack-related-posts":[],"_links":{"self":[{"href":"https:\/\/sindik.at\/index.php?rest_route=\/wp\/v2\/posts\/931305","targetHints":{"allow":["GET"]}}],"collection":[{"href":"https:\/\/sindik.at\/index.php?rest_route=\/wp\/v2\/posts"}],"about":[{"href":"https:\/\/sindik.at\/index.php?rest_route=\/wp\/v2\/types\/post"}],"author":[{"embeddable":true,"href":"https:\/\/sindik.at\/index.php?rest_route=\/wp\/v2\/users\/1"}],"replies":[{"embeddable":true,"href":"https:\/\/sindik.at\/index.php?rest_route=%2Fwp%2Fv2%2Fcomments&post=931305"}],"version-history":[{"count":2,"href":"https:\/\/sindik.at\/index.php?rest_route=\/wp\/v2\/posts\/931305\/revisions"}],"predecessor-version":[{"id":931309,"href":"https:\/\/sindik.at\/index.php?rest_route=\/wp\/v2\/posts\/931305\/revisions\/931309"}],"wp:attachment":[{"href":"https:\/\/sindik.at\/index.php?rest_route=%2Fwp%2Fv2%2Fmedia&parent=931305"}],"wp:term":[{"taxonomy":"category","embeddable":true,"href":"https:\/\/sindik.at\/index.php?rest_route=%2Fwp%2Fv2%2Fcategories&post=931305"},{"taxonomy":"post_tag","embeddable":true,"href":"https:\/\/sindik.at\/index.php?rest_route=%2Fwp%2Fv2%2Ftags&post=931305"}],"curies":[{"name":"wp","href":"https:\/\/api.w.org\/{rel}","templated":true}]}}