{"id":931255,"date":"2023-07-17T21:11:02","date_gmt":"2023-07-17T20:11:02","guid":{"rendered":"https:\/\/sindik.at\/?p=931255"},"modified":"2023-08-01T10:34:02","modified_gmt":"2023-08-01T09:34:02","slug":"strateny-pocitac-830-1-cast","status":"publish","type":"post","link":"https:\/\/sindik.at\/?p=931255","title":{"rendered":"Straten\u00fd po\u010d\u00edta\u010d 830 (1. \u010das\u0165)"},"content":{"rendered":"\n<p>Pravdepodobne skratka SP znamenala pod\u013ea p\u00f4vodn\u00e9ho autora \u010di autorsk\u00e9ho t\u00edmu \u00faplne nie\u010do in\u00e9, ale o tomto dlho stratenom po\u010d\u00edta\u010di doteraz kolovali iba ch\u00fdry. Po\u010fme sa teda spolu pozrie\u0165 \u010do je to vlastne za\u010d.<\/p>\n\n\n\n<!--more-->\n\n\n\n<p>Z\u00e1vody v\u00fdpo\u010dtovej techniky v Banskej Bystrici s\u00fa n\u00e1m &#8211; koncov\u00fdm u\u017e\u00edvate\u013eom &#8211; z osemdesiatych rokov zn\u00e1me hlavne produkciou po\u010d\u00edta\u010dov PP01 a\u017e 06. \u017de pred touto radou sa ZVT u\u017e sna\u017eilo uspie\u0165 v oblasti stoln\u00fdch po\u010d\u00edta\u010dov nie\u010d\u00edm in\u00fdm som dlho ani len netu\u0161il. Dokonca ani sl\u00e1vne svetov\u00e9 vyh\u013ead\u00e1va\u010de toho o skor\u0161ej tvorbe z produkcie ZVT ve\u013ea nevedia. Na\u0161\u0165astie sa objavili fotky z v\u00fdstav retro po\u010d\u00edta\u010dov organizovan\u00fdch ob\u010dianskym zdru\u017een\u00edm SMEP etc. pod veden\u00edm p\u00e1na Jula Ormisa a na nich sa ved\u013ea TP8 (SPU-800), ktor\u00e1 mala korene e\u0161te z konca 70-tych a rozhodne sa nepodobala na stoln\u00fd po\u010d\u00edta\u010d, objavil aj SP830. Kr\u00e9movo-tmavohned\u00fd fe\u0161\u00e1k s robustnou kl\u00e1vesnicou a vlastn\u00fdm \u010c\/B monitorom v neprehliadnute\u013enom hlin\u00edkovom tele. \u010co sa v \u0148om v\u0161ak skr\u00fdva? Pre\u010do u n\u00e1s neuspel? Pre\u010do sme sa v Dome pionierov nehrali na \u0148om, ale na omnoho sl\u00e1vnej\u0161\u00edch PMD-\u010dkach?<\/p>\n\n\n\n<figure class=\"wp-block-image size-large\"><a href=\"https:\/\/sindik.at\/wp-content\/uploads\/2023\/07\/IMG_20230604_093918_725.jpg\"><img loading=\"lazy\" decoding=\"async\" width=\"1024\" height=\"768\" src=\"https:\/\/sindik.at\/wp-content\/uploads\/2023\/07\/IMG_20230604_093918_725-1024x768.jpg\" alt=\"\" class=\"wp-image-931256\" srcset=\"https:\/\/sindik.at\/wp-content\/uploads\/2023\/07\/IMG_20230604_093918_725-1024x768.jpg 1024w, https:\/\/sindik.at\/wp-content\/uploads\/2023\/07\/IMG_20230604_093918_725-300x225.jpg 300w, https:\/\/sindik.at\/wp-content\/uploads\/2023\/07\/IMG_20230604_093918_725-768x576.jpg 768w, https:\/\/sindik.at\/wp-content\/uploads\/2023\/07\/IMG_20230604_093918_725-400x300.jpg 400w, https:\/\/sindik.at\/wp-content\/uploads\/2023\/07\/IMG_20230604_093918_725.jpg 1176w\" sizes=\"auto, (max-width: 1024px) 100vw, 1024px\" \/><\/a><\/figure>\n\n\n\n<p>Pok\u00fasim sa na\u010drtn\u00fa\u0165 m\u00f4j poh\u013ead na vec, preto pros\u00edm neberte \u010fal\u0161ie riadky ako v\u0161eobecn\u00fa \u201cpraudu\u201d.<\/p>\n\n\n\n<p>Nev\u00fdhodou je, \u017ee po 40 rokoch je u\u017e dos\u0165 probl\u00e9mov\u00e9 zohna\u0165 \u013eud\u00ed, ktor\u00ed by mali s projektom nie\u010do spolo\u010dn\u00e9. Mnoh\u00ed sa stratili vo v\u00edre dej\u00edn a niektor\u00ed \u017eia\u013e u\u017e aj odobrali na onen svet.<\/p>\n\n\n\n<p>Pr\u00edbeh po\u010d\u00edta\u010da vraj za\u010dal ke\u010f ist\u00fd pra\u017esk\u00fd in\u017einier obiehal jednotliv\u00e9 podniky v republike a h\u013eadal niekoho, kto jeho zlep\u0161ovac\u00ed n\u00e1vrh zoberie do v\u00fdroby. V ZVT sa toho nakoniec ujali a opakovanou v\u00fdrobou prototypu vyrobili pribli\u017ene 50 kusov. Tak\u00fdto sp\u00f4sob \u00fadajne nesp\u013a\u0148al ani defin\u00edciu prototypovej s\u00e9rie. Onen in\u017einier ve\u013emi trval na tom, aby sa vyhodnocovanie skokov na ly\u017eiach v Harrachove v roku v\u00fdroby &#8211; pravdepodobne 1983 &#8211; udialo pr\u00e1ve na jeho po\u010d\u00edta\u010di. \u010ci sa to podarilo u\u017e ale dobov\u00e9 z\u00e1znamy neuv\u00e1dzaj\u00fa.<\/p>\n\n\n\n<p>Pre\u010do sa pr\u00edbeh skon\u010dil tak r\u00fdchlo sa m\u00f4\u017eeme len domnieva\u0165. \u0164a\u017ek\u00e9 \u0161asi tvor\u00ed hlin\u00edkov\u00fd odliatok s v\u00e1hou minim\u00e1lne 25 kg, va\u0148a so zdrojom a C trafom m\u00e1 minim\u00e1lne \u010fal\u0161\u00edch 5, kl\u00e1vesnica nebude ove\u013ea \u013eah\u0161ia v r\u00e1mci pou\u017eitia robustn\u00fdch bakelitov\u00fdch \u201cmikrosp\u00edna\u010dov\u201d z dia\u013enopisu to pod\u013ea m\u0148a tie\u017e na 2-3 kil\u00e1 dotiahne. Predpoklad\u00e1m, \u017ee ak by sa po\u010d\u00edta\u010d dostal do s\u00e9riovej v\u00fdroby, ur\u010dite by do\u0161lo k jeho od\u013eah\u010deniu, no napriek tomu vyzer\u00e1 materi\u00e1lovo a v\u00fdrobne n\u00e1ro\u010dn\u00fd u\u017e v r\u00e1mci svojej doby.<\/p>\n\n\n\n<figure class=\"wp-block-image size-large\"><a href=\"https:\/\/sindik.at\/wp-content\/uploads\/2023\/07\/rozobraty_sp830.jpg\"><img loading=\"lazy\" decoding=\"async\" width=\"1024\" height=\"768\" src=\"https:\/\/sindik.at\/wp-content\/uploads\/2023\/07\/rozobraty_sp830-1024x768.jpg\" alt=\"\" class=\"wp-image-931257\" srcset=\"https:\/\/sindik.at\/wp-content\/uploads\/2023\/07\/rozobraty_sp830-1024x768.jpg 1024w, https:\/\/sindik.at\/wp-content\/uploads\/2023\/07\/rozobraty_sp830-300x225.jpg 300w, https:\/\/sindik.at\/wp-content\/uploads\/2023\/07\/rozobraty_sp830-768x576.jpg 768w, https:\/\/sindik.at\/wp-content\/uploads\/2023\/07\/rozobraty_sp830-400x300.jpg 400w, https:\/\/sindik.at\/wp-content\/uploads\/2023\/07\/rozobraty_sp830.jpg 1176w\" sizes=\"auto, (max-width: 1024px) 100vw, 1024px\" \/><\/a><\/figure>\n\n\n\n<figure class=\"wp-block-image size-large\"><a href=\"https:\/\/sindik.at\/wp-content\/uploads\/2023\/07\/backplane.jpg\"><img loading=\"lazy\" decoding=\"async\" width=\"1024\" height=\"768\" src=\"https:\/\/sindik.at\/wp-content\/uploads\/2023\/07\/backplane-1024x768.jpg\" alt=\"\" class=\"wp-image-931267\" srcset=\"https:\/\/sindik.at\/wp-content\/uploads\/2023\/07\/backplane-1024x768.jpg 1024w, https:\/\/sindik.at\/wp-content\/uploads\/2023\/07\/backplane-300x225.jpg 300w, https:\/\/sindik.at\/wp-content\/uploads\/2023\/07\/backplane-768x576.jpg 768w, https:\/\/sindik.at\/wp-content\/uploads\/2023\/07\/backplane-400x300.jpg 400w, https:\/\/sindik.at\/wp-content\/uploads\/2023\/07\/backplane.jpg 1176w\" sizes=\"auto, (max-width: 1024px) 100vw, 1024px\" \/><\/a><\/figure>\n\n\n\n<p>Vo vn\u00fatri je to naozaj zauj\u00edmav\u00fd hybrid. Backplane je \u010diasto\u010dne recyklovan\u00fd z modelu TP8. Obsahuje \u00factyhodn\u00fdch 11 poz\u00edci\u00ed na karty osaden\u00fdch konektormi WK 465 80. Pri poh\u013eade zozadu s\u00fa na \u013eavej strane vonkaj\u0161\u00edm \u0161asi zakryt\u00e9 \u0161tyri poz\u00edcie na karty. Tie s\u00fa a\u017e do momentu odkrytovania fixn\u00e9 a t\u00fdm p\u00e1dom nepr\u00edstupn\u00e9 na manipul\u00e1ciu. Poradie osaden\u00fdch kariet z\u013eava je nasledovn\u00e9:&nbsp;<\/p>\n\n\n\n<ul class=\"wp-block-list\">\n<li>doska rozhrania kl\u00e1vesnice (7CB 006 330),&nbsp;<\/li>\n\n\n\n<li>doska RAM (7CB 006 312),&nbsp;<\/li>\n\n\n\n<li>doska EPROM (ozna\u010den\u00e1 EPROM 14K),<\/li>\n\n\n\n<li>doska CPU (bez ozna\u010denia)<\/li>\n<\/ul>\n\n\n\n<figure class=\"wp-block-image size-full\"><a href=\"https:\/\/sindik.at\/wp-content\/uploads\/2023\/07\/kbd.jpg\"><img loading=\"lazy\" decoding=\"async\" width=\"605\" height=\"882\" src=\"https:\/\/sindik.at\/wp-content\/uploads\/2023\/07\/kbd.jpg\" alt=\"\" class=\"wp-image-931262\" srcset=\"https:\/\/sindik.at\/wp-content\/uploads\/2023\/07\/kbd.jpg 605w, https:\/\/sindik.at\/wp-content\/uploads\/2023\/07\/kbd-206x300.jpg 206w\" sizes=\"auto, (max-width: 605px) 100vw, 605px\" \/><\/a><\/figure>\n\n\n\n<figure class=\"wp-block-image size-large\"><a href=\"https:\/\/sindik.at\/wp-content\/uploads\/2023\/07\/RAM.jpg\"><img loading=\"lazy\" decoding=\"async\" width=\"1024\" height=\"768\" src=\"https:\/\/sindik.at\/wp-content\/uploads\/2023\/07\/RAM-1024x768.jpg\" alt=\"\" class=\"wp-image-931259\" srcset=\"https:\/\/sindik.at\/wp-content\/uploads\/2023\/07\/RAM-1024x768.jpg 1024w, https:\/\/sindik.at\/wp-content\/uploads\/2023\/07\/RAM-300x225.jpg 300w, https:\/\/sindik.at\/wp-content\/uploads\/2023\/07\/RAM-768x576.jpg 768w, https:\/\/sindik.at\/wp-content\/uploads\/2023\/07\/RAM-400x300.jpg 400w, https:\/\/sindik.at\/wp-content\/uploads\/2023\/07\/RAM.jpg 1176w\" sizes=\"auto, (max-width: 1024px) 100vw, 1024px\" \/><\/a><figcaption class=\"wp-element-caption\">Doska RAM<\/figcaption><\/figure>\n\n\n\n<figure class=\"wp-block-image size-large\"><a href=\"https:\/\/sindik.at\/wp-content\/uploads\/2023\/07\/EPROM_14k.jpg\"><img loading=\"lazy\" decoding=\"async\" width=\"1024\" height=\"768\" src=\"https:\/\/sindik.at\/wp-content\/uploads\/2023\/07\/EPROM_14k-1024x768.jpg\" alt=\"\" class=\"wp-image-931260\" srcset=\"https:\/\/sindik.at\/wp-content\/uploads\/2023\/07\/EPROM_14k-1024x768.jpg 1024w, https:\/\/sindik.at\/wp-content\/uploads\/2023\/07\/EPROM_14k-300x225.jpg 300w, https:\/\/sindik.at\/wp-content\/uploads\/2023\/07\/EPROM_14k-768x576.jpg 768w, https:\/\/sindik.at\/wp-content\/uploads\/2023\/07\/EPROM_14k-400x300.jpg 400w, https:\/\/sindik.at\/wp-content\/uploads\/2023\/07\/EPROM_14k.jpg 1176w\" sizes=\"auto, (max-width: 1024px) 100vw, 1024px\" \/><\/a><figcaption class=\"wp-element-caption\">Doska ROM<\/figcaption><\/figure>\n\n\n\n<figure class=\"wp-block-image size-large\"><a href=\"https:\/\/sindik.at\/wp-content\/uploads\/2023\/07\/CPU.jpg\"><img loading=\"lazy\" decoding=\"async\" width=\"1024\" height=\"768\" src=\"https:\/\/sindik.at\/wp-content\/uploads\/2023\/07\/CPU-1024x768.jpg\" alt=\"\" class=\"wp-image-931261\" srcset=\"https:\/\/sindik.at\/wp-content\/uploads\/2023\/07\/CPU-1024x768.jpg 1024w, https:\/\/sindik.at\/wp-content\/uploads\/2023\/07\/CPU-300x225.jpg 300w, https:\/\/sindik.at\/wp-content\/uploads\/2023\/07\/CPU-768x576.jpg 768w, https:\/\/sindik.at\/wp-content\/uploads\/2023\/07\/CPU-400x300.jpg 400w, https:\/\/sindik.at\/wp-content\/uploads\/2023\/07\/CPU.jpg 1176w\" sizes=\"auto, (max-width: 1024px) 100vw, 1024px\" \/><\/a><figcaption class=\"wp-element-caption\">Doska CPU<\/figcaption><\/figure>\n\n\n\n<p>Na pravej strane s\u00fa vo \u201cfixnej\u201d \u010dasti zdroj s 3x B260D (7CB 006 196) a ve\u013ek\u00e9 EI trafo s usmer\u0148ova\u010dom a filtr\u00e1ciou. Ostatn\u00fdch sedem poz\u00edci\u00ed medzit\u00fdm je pr\u00edstupn\u00fdch aj pri uzavretom \u0161asi. Tak je umo\u017enen\u00e9 roz\u0161irovanie syst\u00e9mu o \u010fal\u0161ie karty.<\/p>\n\n\n\n<figure class=\"wp-block-image size-large\"><a href=\"https:\/\/sindik.at\/wp-content\/uploads\/2023\/07\/psu.jpg\"><img loading=\"lazy\" decoding=\"async\" width=\"1024\" height=\"768\" src=\"https:\/\/sindik.at\/wp-content\/uploads\/2023\/07\/psu-1024x768.jpg\" alt=\"\" class=\"wp-image-931263\" srcset=\"https:\/\/sindik.at\/wp-content\/uploads\/2023\/07\/psu-1024x768.jpg 1024w, https:\/\/sindik.at\/wp-content\/uploads\/2023\/07\/psu-300x225.jpg 300w, https:\/\/sindik.at\/wp-content\/uploads\/2023\/07\/psu-768x576.jpg 768w, https:\/\/sindik.at\/wp-content\/uploads\/2023\/07\/psu-400x300.jpg 400w, https:\/\/sindik.at\/wp-content\/uploads\/2023\/07\/psu.jpg 1176w\" sizes=\"auto, (max-width: 1024px) 100vw, 1024px\" \/><\/a><figcaption class=\"wp-element-caption\">Doska zdroja<\/figcaption><\/figure>\n\n\n\n<figure class=\"wp-block-image size-large\"><a href=\"https:\/\/sindik.at\/wp-content\/uploads\/2023\/07\/psu2.jpg\"><img loading=\"lazy\" decoding=\"async\" width=\"1024\" height=\"768\" src=\"https:\/\/sindik.at\/wp-content\/uploads\/2023\/07\/psu2-1024x768.jpg\" alt=\"\" class=\"wp-image-931264\" srcset=\"https:\/\/sindik.at\/wp-content\/uploads\/2023\/07\/psu2-1024x768.jpg 1024w, https:\/\/sindik.at\/wp-content\/uploads\/2023\/07\/psu2-300x225.jpg 300w, https:\/\/sindik.at\/wp-content\/uploads\/2023\/07\/psu2-768x576.jpg 768w, https:\/\/sindik.at\/wp-content\/uploads\/2023\/07\/psu2-400x300.jpg 400w, https:\/\/sindik.at\/wp-content\/uploads\/2023\/07\/psu2.jpg 1176w\" sizes=\"auto, (max-width: 1024px) 100vw, 1024px\" \/><\/a><\/figure>\n\n\n\n<p>K funk\u010dn\u00e9mu syst\u00e9mu n\u00e1m ch\u00fdbaj\u00fa minim\u00e1lne dva \u010fal\u0161ie podsyst\u00e9my &#8211; videoadapt\u00e9r pre displej a vhodn\u00e9 rozhranie pre z\u00e1znam a prehr\u00e1vanie d\u00e1t. Doska riadenia displeja m\u00e1 ozna\u010denie 7CB 006 326 a rozhranie pre magnetof\u00f3n je op\u00e4\u0165 bez ozna\u010denia.<\/p>\n\n\n\n<figure class=\"wp-block-image size-large\"><a href=\"https:\/\/sindik.at\/wp-content\/uploads\/2023\/07\/video.jpg\"><img loading=\"lazy\" decoding=\"async\" width=\"1024\" height=\"768\" src=\"https:\/\/sindik.at\/wp-content\/uploads\/2023\/07\/video-1024x768.jpg\" alt=\"\" class=\"wp-image-931265\" srcset=\"https:\/\/sindik.at\/wp-content\/uploads\/2023\/07\/video-1024x768.jpg 1024w, https:\/\/sindik.at\/wp-content\/uploads\/2023\/07\/video-300x225.jpg 300w, https:\/\/sindik.at\/wp-content\/uploads\/2023\/07\/video-768x576.jpg 768w, https:\/\/sindik.at\/wp-content\/uploads\/2023\/07\/video-400x300.jpg 400w, https:\/\/sindik.at\/wp-content\/uploads\/2023\/07\/video.jpg 1257w\" sizes=\"auto, (max-width: 1024px) 100vw, 1024px\" \/><\/a><figcaption class=\"wp-element-caption\">Doska DSP<\/figcaption><\/figure>\n\n\n\n<figure class=\"wp-block-image size-large\"><a href=\"https:\/\/sindik.at\/wp-content\/uploads\/2023\/08\/MGF_2_mini.jpg\"><img loading=\"lazy\" decoding=\"async\" width=\"1024\" height=\"681\" src=\"https:\/\/sindik.at\/wp-content\/uploads\/2023\/08\/MGF_2_mini-1024x681.jpg\" alt=\"\" class=\"wp-image-931288\" srcset=\"https:\/\/sindik.at\/wp-content\/uploads\/2023\/08\/MGF_2_mini-1024x681.jpg 1024w, https:\/\/sindik.at\/wp-content\/uploads\/2023\/08\/MGF_2_mini-300x199.jpg 300w, https:\/\/sindik.at\/wp-content\/uploads\/2023\/08\/MGF_2_mini-768x510.jpg 768w, https:\/\/sindik.at\/wp-content\/uploads\/2023\/08\/MGF_2_mini-1536x1021.jpg 1536w, https:\/\/sindik.at\/wp-content\/uploads\/2023\/08\/MGF_2_mini-451x300.jpg 451w, https:\/\/sindik.at\/wp-content\/uploads\/2023\/08\/MGF_2_mini.jpg 1920w\" sizes=\"auto, (max-width: 1024px) 100vw, 1024px\" \/><\/a><figcaption class=\"wp-element-caption\">Doska MGF<\/figcaption><\/figure>\n\n\n\n<p>\u010co vlastne vhodn\u00fdm prepojen\u00edm t\u00fdchto dosiek z\u00edskame? Po\u010d\u00edta\u010d s nasledovn\u00fdmi parametrami:<\/p>\n\n\n\n<ul class=\"wp-block-list\">\n<li>Procesor U880D (klon Z80) taktovan\u00fd na 2.5MHz<\/li>\n\n\n\n<li>48k opera\u010dnej pam\u00e4te RAM<\/li>\n\n\n\n<li>1k (x7 bit) video pam\u00e4te, ktor\u00e1 je s\u00fa\u010das\u0165ou dosky displeja (DSP), t\u00e1 umo\u017e\u0148uje textov\u00e9 rozl\u00ed\u0161enie 64&#215;16 znakov, psuedografiku 128&#215;48<\/li>\n\n\n\n<li>13k EPROM s jazykom Basic II (jedna poz\u00edcia na doske zostala vo\u013en\u00e1)<\/li>\n\n\n\n<li>QWERTZ kl\u00e1vesnicu so 75 kl\u00e1vesami<\/li>\n\n\n\n<li>Rozhranie pre magnetof\u00f3n s riaden\u00edm motorov<\/li>\n<\/ul>\n\n\n\n<p>Na\u0161\u0165astie o.z. SMEP etc. vlastn\u00ed rovno dva kusy SP830 a tak jeden mohol zosta\u0165 na v\u00fdstave a druh\u00fd skon\u010dil u m\u0148a v dielni na prieskum, rozobratie, opravu a renov\u00e1ciu krabice. Tento druh\u00fd kus je toti\u017e zakrytovan\u00fd iba plastom a teda je omnoho \u013eah\u0161\u00ed, skladnej\u0161\u00ed a prenosnej\u0161\u00ed ako jeho \u201cfabrick\u00fd\u201d kolega. Kryt vyr\u00e1bali \u0161tudenti elektropriemyslovky J.Murga\u0161a v B.Bystrici v r\u00e1mci SO\u010cky, do ktorej bol po\u010d\u00edta\u010d ako s\u00fa\u0165a\u017en\u00fd expon\u00e1t prihl\u00e1sen\u00fd v \u0161kolskom roku 1984\/85. Na kryte sa v\u0161ak u\u017e prejavil zub \u010dasu a naozaj si vy\u017eadoval pomerne ve\u013ek\u00fa d\u00e1vku pozornosti.<\/p>\n\n\n\n<p><a href=\"https:\/\/sindik.at\/?p=931270\">Pokra\u010dovanie nabud\u00face<\/a>,<br>Ikon<\/p>\n","protected":false},"excerpt":{"rendered":"<p>Pravdepodobne skratka SP znamenala pod\u013ea p\u00f4vodn\u00e9ho autora \u010di autorsk\u00e9ho t\u00edmu \u00faplne nie\u010do in\u00e9, ale o tomto dlho stratenom po\u010d\u00edta\u010di doteraz kolovali iba ch\u00fdry. Po\u010fme sa teda spolu pozrie\u0165 \u010do je to vlastne za\u010d.<\/p>\n","protected":false},"author":1,"featured_media":0,"comment_status":"open","ping_status":"open","sticky":false,"template":"","format":"standard","meta":{"jetpack_post_was_ever_published":false,"_jetpack_newsletter_access":"","_jetpack_dont_email_post_to_subs":false,"_jetpack_newsletter_tier_id":0,"_jetpack_memberships_contains_paywalled_content":false,"_jetpack_memberships_contains_paid_content":false,"footnotes":"","jetpack_publicize_message":"","jetpack_publicize_feature_enabled":true,"jetpack_social_post_already_shared":true,"jetpack_social_options":{"image_generator_settings":{"template":"highway","default_image_id":0,"font":"","enabled":false},"version":2}},"categories":[5],"tags":[],"class_list":["post-931255","post","type-post","status-publish","format-standard","hentry","category-tema-2-hardware-php"],"jetpack_publicize_connections":[],"jetpack_featured_media_url":"","jetpack_sharing_enabled":true,"jetpack_shortlink":"https:\/\/wp.me\/p5aqy8-3Ugf","jetpack_likes_enabled":true,"jetpack-related-posts":[],"_links":{"self":[{"href":"https:\/\/sindik.at\/index.php?rest_route=\/wp\/v2\/posts\/931255","targetHints":{"allow":["GET"]}}],"collection":[{"href":"https:\/\/sindik.at\/index.php?rest_route=\/wp\/v2\/posts"}],"about":[{"href":"https:\/\/sindik.at\/index.php?rest_route=\/wp\/v2\/types\/post"}],"author":[{"embeddable":true,"href":"https:\/\/sindik.at\/index.php?rest_route=\/wp\/v2\/users\/1"}],"replies":[{"embeddable":true,"href":"https:\/\/sindik.at\/index.php?rest_route=%2Fwp%2Fv2%2Fcomments&post=931255"}],"version-history":[{"count":8,"href":"https:\/\/sindik.at\/index.php?rest_route=\/wp\/v2\/posts\/931255\/revisions"}],"predecessor-version":[{"id":931290,"href":"https:\/\/sindik.at\/index.php?rest_route=\/wp\/v2\/posts\/931255\/revisions\/931290"}],"wp:attachment":[{"href":"https:\/\/sindik.at\/index.php?rest_route=%2Fwp%2Fv2%2Fmedia&parent=931255"}],"wp:term":[{"taxonomy":"category","embeddable":true,"href":"https:\/\/sindik.at\/index.php?rest_route=%2Fwp%2Fv2%2Fcategories&post=931255"},{"taxonomy":"post_tag","embeddable":true,"href":"https:\/\/sindik.at\/index.php?rest_route=%2Fwp%2Fv2%2Ftags&post=931255"}],"curies":[{"name":"wp","href":"https:\/\/api.w.org\/{rel}","templated":true}]}}