{"id":931138,"date":"2023-03-20T23:04:40","date_gmt":"2023-03-20T22:04:40","guid":{"rendered":"https:\/\/sindik.at\/?p=931138"},"modified":"2023-03-20T23:47:33","modified_gmt":"2023-03-20T22:47:33","slug":"klavesnica-pre-didaktik-m92-m93-kompakt","status":"publish","type":"post","link":"https:\/\/sindik.at\/?p=931138","title":{"rendered":"<strong>Kl\u00e1vesnica pre Didaktik M92, M93, Kompakt<\/strong>"},"content":{"rendered":"\n<p>Na za\u010diatok pripomeniem, \u017ee kl\u00e1vesnica Didaktik s\u00edce m\u00e1 dobr\u00fd dizajn a lad\u00ed so samotn\u00fdm Didaktikom, no jej funk\u010dnos\u0165 u\u017e po p\u00e1r d\u0148och za\u010dne pokrivk\u00e1va\u0165. D\u00f4vody je asi zbyto\u010dn\u00e9 rozobera\u0165.<\/p>\n\n\n\n<!--more-->\n\n\n\n<p>Pri snah\u00e1ch odsp\u00e1jkova\u0165 IC (IO) z dosky som prehrial aj cesti\u010dku&#8230; a dostal som sa do \u0161t\u00e1dia, kedy je u\u017e lep\u0161ie nanovo spravi\u0165 cel\u00fa dosku. V\u010faka p\u00e1novi z Myjavy sa mi podarilo k\u00fapi\u0165 origin\u00e1lne dosky. <a href=\"https:\/\/elektro.bazos.sk\/inzerat\/147142437\/pmd85.php\">https:\/\/elektro.bazos.sk\/inzerat\/147142437\/pmd85.php<\/a><\/p>\n\n\n\n<p>Ja som sa dostal k my\u0161lienke zostroji\u0165 nanovo kl\u00e1vesnicu pre tieto stroje z pragmatickej\u0161ieho d\u00f4vodu a to pri rekon\u0161trukcii mojich star\u0161\u00edch k\u00faskov (1x Kompakt, 3x Didaktik M).<\/p>\n\n\n\n<p>Tieto dosky s\u00fa v\u0161ak pre verziu M92 a teda v\u00fdvod na kl\u00e1vesnicu maj\u00fa rie\u0161en\u00fd u\u017e cez konektor FD26P:<\/p>\n\n\n\n<figure class=\"wp-block-gallery has-nested-images columns-default is-cropped wp-block-gallery-1 is-layout-flex wp-block-gallery-is-layout-flex\">\n<figure class=\"wp-block-image size-large\"><a href=\"https:\/\/sindik.at\/wp-content\/uploads\/2023\/03\/20230319_152435-rotated-e1679344669533.jpg\"><img loading=\"lazy\" decoding=\"async\" width=\"1024\" height=\"723\" data-id=\"931142\" src=\"https:\/\/sindik.at\/wp-content\/uploads\/2023\/03\/20230319_152435-rotated-e1679344669533-1024x723.jpg\" alt=\"\" class=\"wp-image-931142\" srcset=\"https:\/\/sindik.at\/wp-content\/uploads\/2023\/03\/20230319_152435-rotated-e1679344669533-1024x723.jpg 1024w, https:\/\/sindik.at\/wp-content\/uploads\/2023\/03\/20230319_152435-rotated-e1679344669533-300x212.jpg 300w, https:\/\/sindik.at\/wp-content\/uploads\/2023\/03\/20230319_152435-rotated-e1679344669533-768x542.jpg 768w, https:\/\/sindik.at\/wp-content\/uploads\/2023\/03\/20230319_152435-rotated-e1679344669533-425x300.jpg 425w, https:\/\/sindik.at\/wp-content\/uploads\/2023\/03\/20230319_152435-rotated-e1679344669533.jpg 1296w\" sizes=\"auto, (max-width: 1024px) 100vw, 1024px\" \/><\/a><\/figure>\n\n\n\n<figure class=\"wp-block-image size-large\"><a href=\"https:\/\/sindik.at\/wp-content\/uploads\/2023\/03\/8187FG7qBRL-e1679344130421.jpg\"><img loading=\"lazy\" decoding=\"async\" width=\"1024\" height=\"726\" data-id=\"931147\" src=\"https:\/\/sindik.at\/wp-content\/uploads\/2023\/03\/8187FG7qBRL-e1679344130421-1024x726.jpg\" alt=\"\" class=\"wp-image-931147\" srcset=\"https:\/\/sindik.at\/wp-content\/uploads\/2023\/03\/8187FG7qBRL-e1679344130421-1024x726.jpg 1024w, https:\/\/sindik.at\/wp-content\/uploads\/2023\/03\/8187FG7qBRL-e1679344130421-300x213.jpg 300w, https:\/\/sindik.at\/wp-content\/uploads\/2023\/03\/8187FG7qBRL-e1679344130421-768x544.jpg 768w, https:\/\/sindik.at\/wp-content\/uploads\/2023\/03\/8187FG7qBRL-e1679344130421-423x300.jpg 423w, https:\/\/sindik.at\/wp-content\/uploads\/2023\/03\/8187FG7qBRL-e1679344130421.jpg 1254w\" sizes=\"auto, (max-width: 1024px) 100vw, 1024px\" \/><\/a><\/figure>\n<\/figure>\n\n\n\n<p>Doposia\u013e som nep\u00e1tral o rozdieloch v zapojen\u00ed a \u010di star\u0161ia kl\u00e1vesnica \u201eM91\u201c je pou\u017eite\u013en\u00e1<br>aj pre \u201eM92\u201c, ale z po\u010dtu vodi\u010dov mi to nepripadalo re\u00e1lne.16P vz 21P mi u\u017e matematicky nesed\u00ed.<\/p>\n\n\n\n<p>S\u00edce s\u00fa dostupn\u00e9 gerbery na dosky pre Kompakt a M92 na str\u00e1nkach z00ma v sekcii <a href=\"https:\/\/z00m.speccy.cz\/?file=hardware\">hardware<\/a>, ale o kl\u00e1vesniciach som tam ni\u010d nena\u0161iel a ani nikde inde. Nezostalo mi ni\u010d in\u00e9 ako rozobra\u0165 kl\u00e1vesnicu z m\u00f4jho Kompaktu a skop\u00edrova\u0165 jej dosku, \u010do sme v spolupr\u00e1ci so z00mom uverejnili: <a href=\"https:\/\/z00m.speccy.cz\/images\/Didaktik-M92-K-Keyb-xray.png\">https:\/\/z00m.speccy.cz\/images\/Didaktik-M92-K-Keyb-xray.png<\/a><\/p>\n\n\n\n<p>Tak\u017ee sa dost\u00e1vame k tomu podstatn\u00e9mu a to ke\u010f u\u017e vieme ak\u00e9 je spr\u00e1vne zapojenie kl\u00e1vesnice pre Kompakt, M92 a M93, tak pre\u010do robi\u0165 k\u00f3piu s rovnak\u00fdmi kl\u00e1vesami? Pre\u010do ju nezlep\u0161i\u0165? Ve\u010f to rob\u00edm hlavne pre seba&#8230; Tu nastupuj\u00fa modern\u00e9 vymo\u017eenosti, ktor\u00e9 nemali v &#8217;90 rokoch. Teraz s\u00fa modern\u00e9 kl\u00e1vesnice s mikrosp\u00edna\u010dmi v r\u00f4znych prevedeniach.<\/p>\n\n\n\n<p>Moja vo\u013eba padla na <strong>Kailh Chocolate V2 Low Profile Mechanical Keyboard Switch<\/strong>:<\/p>\n\n\n\n<figure class=\"wp-block-gallery has-nested-images columns-default is-cropped wp-block-gallery-2 is-layout-flex wp-block-gallery-is-layout-flex\">\n<figure class=\"wp-block-image size-large\"><a href=\"https:\/\/sindik.at\/wp-content\/uploads\/2023\/03\/Switch.png\"><img loading=\"lazy\" decoding=\"async\" width=\"816\" height=\"834\" data-id=\"931150\" src=\"https:\/\/sindik.at\/wp-content\/uploads\/2023\/03\/Switch.png\" alt=\"\" class=\"wp-image-931150\" srcset=\"https:\/\/sindik.at\/wp-content\/uploads\/2023\/03\/Switch.png 816w, https:\/\/sindik.at\/wp-content\/uploads\/2023\/03\/Switch-294x300.png 294w, https:\/\/sindik.at\/wp-content\/uploads\/2023\/03\/Switch-768x785.png 768w\" sizes=\"auto, (max-width: 816px) 100vw, 816px\" \/><\/a><\/figure>\n\n\n\n<figure class=\"wp-block-image size-large\"><a href=\"https:\/\/sindik.at\/wp-content\/uploads\/2023\/03\/switch-params.png\"><img loading=\"lazy\" decoding=\"async\" width=\"840\" height=\"838\" data-id=\"931151\" src=\"https:\/\/sindik.at\/wp-content\/uploads\/2023\/03\/switch-params.png\" alt=\"\" class=\"wp-image-931151\" srcset=\"https:\/\/sindik.at\/wp-content\/uploads\/2023\/03\/switch-params.png 840w, https:\/\/sindik.at\/wp-content\/uploads\/2023\/03\/switch-params-300x300.png 300w, https:\/\/sindik.at\/wp-content\/uploads\/2023\/03\/switch-params-150x150.png 150w, https:\/\/sindik.at\/wp-content\/uploads\/2023\/03\/switch-params-768x766.png 768w, https:\/\/sindik.at\/wp-content\/uploads\/2023\/03\/switch-params-301x300.png 301w\" sizes=\"auto, (max-width: 840px) 100vw, 840px\" \/><\/a><\/figure>\n<\/figure>\n\n\n\n<p>Ide o n\u00edzkoprofilov\u00e9 kl\u00e1vesov\u00e9 mikrosp\u00edna\u010de. Hned\u00e9 s\u00fa tie najtich\u0161ie bez povestn\u00e9ho klikania ako u my\u0161iek&#8230;<\/p>\n\n\n\n<p>Ku nim treba samotn\u00e9 kl\u00e1vesy a ja som zvolil tieto. S\u00fa vhodn\u00e9 hlavne preto, \u017ee nemus\u00edte vym\u00fd\u0161\u013ea\u0165, ako na ne potla\u010di\u0165 ozna\u010denie. M\u00f4\u017eete si ho vytla\u010di\u0165 na tla\u010diarni na oby\u010dajn\u00fd papier a vlo\u017ei\u0165 dnu.<\/p>\n\n\n\n<figure class=\"wp-block-gallery has-nested-images columns-default is-cropped wp-block-gallery-3 is-layout-flex wp-block-gallery-is-layout-flex\">\n<figure class=\"wp-block-image size-medium\"><a href=\"https:\/\/sindik.at\/wp-content\/uploads\/2023\/03\/Image_20230221_1614-e1679345450679.jpg\"><img loading=\"lazy\" decoding=\"async\" width=\"300\" height=\"297\" data-id=\"931153\" src=\"https:\/\/sindik.at\/wp-content\/uploads\/2023\/03\/Image_20230221_1614-e1679345450679-300x297.jpg\" alt=\"\" class=\"wp-image-931153\" srcset=\"https:\/\/sindik.at\/wp-content\/uploads\/2023\/03\/Image_20230221_1614-e1679345450679-300x297.jpg 300w, https:\/\/sindik.at\/wp-content\/uploads\/2023\/03\/Image_20230221_1614-e1679345450679-150x150.jpg 150w, https:\/\/sindik.at\/wp-content\/uploads\/2023\/03\/Image_20230221_1614-e1679345450679-768x761.jpg 768w, https:\/\/sindik.at\/wp-content\/uploads\/2023\/03\/Image_20230221_1614-e1679345450679-303x300.jpg 303w, https:\/\/sindik.at\/wp-content\/uploads\/2023\/03\/Image_20230221_1614-e1679345450679.jpg 864w\" sizes=\"auto, (max-width: 300px) 100vw, 300px\" \/><\/a><\/figure>\n\n\n\n<figure class=\"wp-block-image size-medium\"><a href=\"https:\/\/sindik.at\/wp-content\/uploads\/2023\/03\/Image_20230221_1959-e1679344731600.jpg\"><img loading=\"lazy\" decoding=\"async\" width=\"300\" height=\"212\" data-id=\"931149\" src=\"https:\/\/sindik.at\/wp-content\/uploads\/2023\/03\/Image_20230221_1959-e1679344731600-300x212.jpg\" alt=\"\" class=\"wp-image-931149\" srcset=\"https:\/\/sindik.at\/wp-content\/uploads\/2023\/03\/Image_20230221_1959-e1679344731600-300x212.jpg 300w, https:\/\/sindik.at\/wp-content\/uploads\/2023\/03\/Image_20230221_1959-e1679344731600-768x542.jpg 768w, https:\/\/sindik.at\/wp-content\/uploads\/2023\/03\/Image_20230221_1959-e1679344731600-425x300.jpg 425w, https:\/\/sindik.at\/wp-content\/uploads\/2023\/03\/Image_20230221_1959-e1679344731600.jpg 884w\" sizes=\"auto, (max-width: 300px) 100vw, 300px\" \/><\/a><\/figure>\n\n\n\n<figure class=\"wp-block-image size-medium\"><a href=\"https:\/\/sindik.at\/wp-content\/uploads\/2023\/03\/Image_20230221_1956-e1679344698607.jpg\"><img loading=\"lazy\" decoding=\"async\" width=\"300\" height=\"224\" data-id=\"931148\" src=\"https:\/\/sindik.at\/wp-content\/uploads\/2023\/03\/Image_20230221_1956-e1679344698607-300x224.jpg\" alt=\"\" class=\"wp-image-931148\" srcset=\"https:\/\/sindik.at\/wp-content\/uploads\/2023\/03\/Image_20230221_1956-e1679344698607-300x224.jpg 300w, https:\/\/sindik.at\/wp-content\/uploads\/2023\/03\/Image_20230221_1956-e1679344698607-768x573.jpg 768w, https:\/\/sindik.at\/wp-content\/uploads\/2023\/03\/Image_20230221_1956-e1679344698607-402x300.jpg 402w, https:\/\/sindik.at\/wp-content\/uploads\/2023\/03\/Image_20230221_1956-e1679344698607.jpg 896w\" sizes=\"auto, (max-width: 300px) 100vw, 300px\" \/><\/a><\/figure>\n<\/figure>\n\n\n\n<p>Tu som sa dostal do polemiky, prem\u00fd\u0161\u013eal som \u010di spravi\u0165 podsvietenie, alebo nie. R\u00e9bus pomohol rozhodn\u00fa\u0165 z00m a ak podsvietenie niekto nechce, tak si ho tam ned\u00e1. Doska je na\u0148 pripraven\u00e1, a pri n\u00e1vrhu som zoh\u013eadnil a pridal aj jumper pre pr\u00edpad, ak tam podsvietenie bude, ale niekto si ho v dan\u00fa chv\u00ed\u013eu chce vypn\u00fa\u0165&#8230;<\/p>\n\n\n\n<p>Strana z hora:<\/p>\n\n\n\n<figure class=\"wp-block-image size-full\"><a href=\"https:\/\/sindik.at\/wp-content\/uploads\/2023\/03\/zhora.png\"><img loading=\"lazy\" decoding=\"async\" width=\"536\" height=\"280\" src=\"https:\/\/sindik.at\/wp-content\/uploads\/2023\/03\/zhora.png\" alt=\"\" class=\"wp-image-931154\" srcset=\"https:\/\/sindik.at\/wp-content\/uploads\/2023\/03\/zhora.png 536w, https:\/\/sindik.at\/wp-content\/uploads\/2023\/03\/zhora-300x157.png 300w, https:\/\/sindik.at\/wp-content\/uploads\/2023\/03\/zhora-500x261.png 500w\" sizes=\"auto, (max-width: 536px) 100vw, 536px\" \/><\/a><\/figure>\n\n\n\n<p>Strana odspodu:<\/p>\n\n\n\n<figure class=\"wp-block-image size-full\"><a href=\"https:\/\/sindik.at\/wp-content\/uploads\/2023\/03\/zospodu.png\"><img loading=\"lazy\" decoding=\"async\" width=\"510\" height=\"288\" src=\"https:\/\/sindik.at\/wp-content\/uploads\/2023\/03\/zospodu.png\" alt=\"\" class=\"wp-image-931155\" srcset=\"https:\/\/sindik.at\/wp-content\/uploads\/2023\/03\/zospodu.png 510w, https:\/\/sindik.at\/wp-content\/uploads\/2023\/03\/zospodu-300x169.png 300w, https:\/\/sindik.at\/wp-content\/uploads\/2023\/03\/zospodu-500x282.png 500w\" sizes=\"auto, (max-width: 510px) 100vw, 510px\" \/><\/a><\/figure>\n\n\n\n<p>A tak pri\u0161lo na svet prv\u00fdch 10ks dosiek. Musel som ihne\u010f vysk\u00fa\u0161a\u0165 ako zapasuj\u00fa&#8230; <\/p>\n\n\n\n<p><strong>Didaktik M :<\/strong><\/p>\n\n\n\n<figure class=\"wp-block-gallery has-nested-images columns-1 wp-block-gallery-4 is-layout-flex wp-block-gallery-is-layout-flex\">\n<figure class=\"wp-block-image size-large\"><a href=\"https:\/\/sindik.at\/wp-content\/uploads\/2023\/03\/Image_20230303_1236-e1679345607518.jpg\"><img loading=\"lazy\" decoding=\"async\" width=\"1024\" height=\"459\" data-id=\"931156\" src=\"https:\/\/sindik.at\/wp-content\/uploads\/2023\/03\/Image_20230303_1236-e1679345607518-1024x459.jpg\" alt=\"\" class=\"wp-image-931156\" srcset=\"https:\/\/sindik.at\/wp-content\/uploads\/2023\/03\/Image_20230303_1236-e1679345607518-1024x459.jpg 1024w, https:\/\/sindik.at\/wp-content\/uploads\/2023\/03\/Image_20230303_1236-e1679345607518-300x135.jpg 300w, https:\/\/sindik.at\/wp-content\/uploads\/2023\/03\/Image_20230303_1236-e1679345607518-768x345.jpg 768w, https:\/\/sindik.at\/wp-content\/uploads\/2023\/03\/Image_20230303_1236-e1679345607518-1536x689.jpg 1536w, https:\/\/sindik.at\/wp-content\/uploads\/2023\/03\/Image_20230303_1236-e1679345607518-500x224.jpg 500w, https:\/\/sindik.at\/wp-content\/uploads\/2023\/03\/Image_20230303_1236-e1679345607518.jpg 1560w\" sizes=\"auto, (max-width: 1024px) 100vw, 1024px\" \/><\/a><\/figure>\n\n\n\n<figure class=\"wp-block-image size-large\"><a href=\"https:\/\/sindik.at\/wp-content\/uploads\/2023\/03\/Image_20230303_1237-e1679345638168.jpg\"><img loading=\"lazy\" decoding=\"async\" width=\"1024\" height=\"471\" data-id=\"931157\" src=\"https:\/\/sindik.at\/wp-content\/uploads\/2023\/03\/Image_20230303_1237-e1679345638168-1024x471.jpg\" alt=\"\" class=\"wp-image-931157\" srcset=\"https:\/\/sindik.at\/wp-content\/uploads\/2023\/03\/Image_20230303_1237-e1679345638168-1024x471.jpg 1024w, https:\/\/sindik.at\/wp-content\/uploads\/2023\/03\/Image_20230303_1237-e1679345638168-300x138.jpg 300w, https:\/\/sindik.at\/wp-content\/uploads\/2023\/03\/Image_20230303_1237-e1679345638168-768x353.jpg 768w, https:\/\/sindik.at\/wp-content\/uploads\/2023\/03\/Image_20230303_1237-e1679345638168-1536x706.jpg 1536w, https:\/\/sindik.at\/wp-content\/uploads\/2023\/03\/Image_20230303_1237-e1679345638168-500x230.jpg 500w, https:\/\/sindik.at\/wp-content\/uploads\/2023\/03\/Image_20230303_1237-e1679345638168.jpg 1592w\" sizes=\"auto, (max-width: 1024px) 100vw, 1024px\" \/><\/a><\/figure>\n\n\n\n<figure class=\"wp-block-image size-large\"><a href=\"https:\/\/sindik.at\/wp-content\/uploads\/2023\/03\/20230319_174500-e1679345665165.jpg\"><img loading=\"lazy\" decoding=\"async\" width=\"1024\" height=\"488\" data-id=\"931158\" src=\"https:\/\/sindik.at\/wp-content\/uploads\/2023\/03\/20230319_174500-e1679345665165-1024x488.jpg\" alt=\"\" class=\"wp-image-931158\" srcset=\"https:\/\/sindik.at\/wp-content\/uploads\/2023\/03\/20230319_174500-e1679345665165-1024x488.jpg 1024w, https:\/\/sindik.at\/wp-content\/uploads\/2023\/03\/20230319_174500-e1679345665165-300x143.jpg 300w, https:\/\/sindik.at\/wp-content\/uploads\/2023\/03\/20230319_174500-e1679345665165-768x366.jpg 768w, https:\/\/sindik.at\/wp-content\/uploads\/2023\/03\/20230319_174500-e1679345665165-1536x732.jpg 1536w, https:\/\/sindik.at\/wp-content\/uploads\/2023\/03\/20230319_174500-e1679345665165-2048x976.jpg 2048w, https:\/\/sindik.at\/wp-content\/uploads\/2023\/03\/20230319_174500-e1679345665165-500x238.jpg 500w\" sizes=\"auto, (max-width: 1024px) 100vw, 1024px\" \/><\/a><\/figure>\n<\/figure>\n\n\n\n<p>Pri Didaktiku M treba po\u010d\u00edta\u0165, \u017ee star\u0161ie verzie 90,91 nemali konektor FD-26P a teda bu\u010f zabr\u00fasite plastov\u00fa podperu, alebo tam neosad\u00edte konektor FD-26P a p\u00f4jdete priamo k\u00e1blom na dosku.<\/p>\n\n\n\n<figure class=\"wp-block-gallery has-nested-images columns-default is-cropped wp-block-gallery-5 is-layout-flex wp-block-gallery-is-layout-flex\">\n<figure class=\"wp-block-image size-large\"><a href=\"https:\/\/sindik.at\/wp-content\/uploads\/2023\/03\/20230319_174540-e1679345691735.jpg\"><img loading=\"lazy\" decoding=\"async\" width=\"1024\" height=\"703\" data-id=\"931159\" src=\"https:\/\/sindik.at\/wp-content\/uploads\/2023\/03\/20230319_174540-e1679345691735-1024x703.jpg\" alt=\"\" class=\"wp-image-931159\" srcset=\"https:\/\/sindik.at\/wp-content\/uploads\/2023\/03\/20230319_174540-e1679345691735-1024x703.jpg 1024w, https:\/\/sindik.at\/wp-content\/uploads\/2023\/03\/20230319_174540-e1679345691735-300x206.jpg 300w, https:\/\/sindik.at\/wp-content\/uploads\/2023\/03\/20230319_174540-e1679345691735-768x527.jpg 768w, https:\/\/sindik.at\/wp-content\/uploads\/2023\/03\/20230319_174540-e1679345691735-437x300.jpg 437w, https:\/\/sindik.at\/wp-content\/uploads\/2023\/03\/20230319_174540-e1679345691735.jpg 1408w\" sizes=\"auto, (max-width: 1024px) 100vw, 1024px\" \/><\/a><\/figure>\n\n\n\n<figure class=\"wp-block-image size-large\"><a href=\"https:\/\/sindik.at\/wp-content\/uploads\/2023\/03\/Image_20230303_1239-e1679345721830.jpg\"><img loading=\"lazy\" decoding=\"async\" width=\"1024\" height=\"820\" data-id=\"931160\" src=\"https:\/\/sindik.at\/wp-content\/uploads\/2023\/03\/Image_20230303_1239-e1679345721830-1024x820.jpg\" alt=\"\" class=\"wp-image-931160\" srcset=\"https:\/\/sindik.at\/wp-content\/uploads\/2023\/03\/Image_20230303_1239-e1679345721830-1024x820.jpg 1024w, https:\/\/sindik.at\/wp-content\/uploads\/2023\/03\/Image_20230303_1239-e1679345721830-300x240.jpg 300w, https:\/\/sindik.at\/wp-content\/uploads\/2023\/03\/Image_20230303_1239-e1679345721830-768x615.jpg 768w, https:\/\/sindik.at\/wp-content\/uploads\/2023\/03\/Image_20230303_1239-e1679345721830-375x300.jpg 375w, https:\/\/sindik.at\/wp-content\/uploads\/2023\/03\/Image_20230303_1239-e1679345721830.jpg 1084w\" sizes=\"auto, (max-width: 1024px) 100vw, 1024px\" \/><\/a><\/figure>\n<\/figure>\n\n\n\n<p><strong>Didaktik Kompakt :<\/strong><\/p>\n\n\n\n<figure class=\"wp-block-image size-large\"><a href=\"https:\/\/sindik.at\/wp-content\/uploads\/2023\/03\/Image_20230303_1234-e1679345748591.jpg\"><img loading=\"lazy\" decoding=\"async\" width=\"1024\" height=\"441\" src=\"https:\/\/sindik.at\/wp-content\/uploads\/2023\/03\/Image_20230303_1234-e1679345748591-1024x441.jpg\" alt=\"\" class=\"wp-image-931161\" srcset=\"https:\/\/sindik.at\/wp-content\/uploads\/2023\/03\/Image_20230303_1234-e1679345748591-1024x441.jpg 1024w, https:\/\/sindik.at\/wp-content\/uploads\/2023\/03\/Image_20230303_1234-e1679345748591-300x129.jpg 300w, https:\/\/sindik.at\/wp-content\/uploads\/2023\/03\/Image_20230303_1234-e1679345748591-768x331.jpg 768w, https:\/\/sindik.at\/wp-content\/uploads\/2023\/03\/Image_20230303_1234-e1679345748591-1536x661.jpg 1536w, https:\/\/sindik.at\/wp-content\/uploads\/2023\/03\/Image_20230303_1234-e1679345748591-500x215.jpg 500w, https:\/\/sindik.at\/wp-content\/uploads\/2023\/03\/Image_20230303_1234-e1679345748591.jpg 1552w\" sizes=\"auto, (max-width: 1024px) 100vw, 1024px\" \/><\/a><\/figure>\n\n\n\n<p>Prizn\u00e1vam, \u017ee som v n\u00e1vrhu po\u010d\u00edtal so svojou omylnos\u0165ou a tak som otvory dal o \u010dosi v\u00e4\u010d\u0161ie. Pri Kompakte to viete vymedzi\u0165 izola\u010dnou podlo\u017ekou pre v\u00fdkonov\u00e9 tranzistory a e\u0161te n\u00e1m to cel\u00fa dosku podvihne a vymedz\u00ed aj horizont\u00e1lnu v\u00f4\u013eu (treba 2ks teda obe strany).<\/p>\n\n\n\n<figure class=\"wp-block-gallery has-nested-images columns-default is-cropped wp-block-gallery-6 is-layout-flex wp-block-gallery-is-layout-flex\">\n<figure class=\"wp-block-image size-thumbnail\"><a href=\"https:\/\/sindik.at\/wp-content\/uploads\/2023\/03\/Image_20230316_1736072783467260814547368-e1679346651760.jpg\"><img loading=\"lazy\" decoding=\"async\" width=\"150\" height=\"150\" data-id=\"931169\" src=\"https:\/\/sindik.at\/wp-content\/uploads\/2023\/03\/Image_20230316_1736072783467260814547368-e1679346651760-150x150.jpg\" alt=\"\" class=\"wp-image-931169\"\/><\/a><\/figure>\n\n\n\n<figure class=\"wp-block-image size-thumbnail\"><a href=\"https:\/\/sindik.at\/wp-content\/uploads\/2023\/03\/20230316_171217-e1679346685242.jpg\"><img loading=\"lazy\" decoding=\"async\" width=\"150\" height=\"150\" data-id=\"931170\" src=\"https:\/\/sindik.at\/wp-content\/uploads\/2023\/03\/20230316_171217-e1679346685242-150x150.jpg\" alt=\"\" class=\"wp-image-931170\"\/><\/a><\/figure>\n<\/figure>\n\n\n\n<p><strong>Podsvietenie:<\/strong><\/p>\n\n\n\n<p>Pre podsvietenie som pou\u017eil s\u00e9riov\u00e9 p\u00e1rovanie dvoch SMD LED na jeden SMD rezistor a teda ak aj rezistor vyskratujete, tak ka\u017ed\u00e1 LED sa podel\u00ed s tou druhou o polovicu nap\u00e4tia, a tak na ka\u017ed\u00fa pripadne 2.5V. Z\u00e1rove\u0148 ak sa vyp\u00e1li jedna LED, zhasne s\u00edce aj druh\u00e1, ale ostatn\u00e9 zostan\u00fa svieti\u0165. Pravdepodobnos\u0165 vyp\u00e1lenia LED je takto minimalizovan\u00e1. Odpor som vypo\u010d\u00edtal na obmedzenie pr\u00fadu m\u00e1 max. 5mA na dve LED. Ak zvol\u00edte in\u00e9 LED, mali by ste urobi\u0165 nov\u00fd prepo\u010det. Toto ale posta\u010d\u00ed, aby LED nesvietili silno do o\u010d\u00ed.<\/p>\n\n\n\n<p><strong>Tak teda po\u010fme sa pusti\u0165 do os\u00e1dzania:<\/strong><\/p>\n\n\n\n<p>1. Prv\u00e9 os\u00e1dzame 22ks SMD rezistorov pre SMD LED. Pou\u017eil som rozmer 1206, 200R 1%, ich hodnotu si m\u00f4\u017eete zmeni\u0165 pod\u013ea typu LED ktor\u00e9 pou\u017eijete&#8230;<\/p>\n\n\n\n<figure class=\"wp-block-image size-full\"><a href=\"https:\/\/sindik.at\/wp-content\/uploads\/2023\/03\/S20230319_0003.jpg\"><img loading=\"lazy\" decoding=\"async\" width=\"640\" height=\"480\" src=\"https:\/\/sindik.at\/wp-content\/uploads\/2023\/03\/S20230319_0003.jpg\" alt=\"\" class=\"wp-image-931174\" srcset=\"https:\/\/sindik.at\/wp-content\/uploads\/2023\/03\/S20230319_0003.jpg 640w, https:\/\/sindik.at\/wp-content\/uploads\/2023\/03\/S20230319_0003-300x225.jpg 300w, https:\/\/sindik.at\/wp-content\/uploads\/2023\/03\/S20230319_0003-400x300.jpg 400w\" sizes=\"auto, (max-width: 640px) 100vw, 640px\" \/><\/a><\/figure>\n\n\n\n<p>2. Druh\u00e9 v porad\u00ed os\u00e1dzame SMD LED. Odpor\u00fa\u010dam rozmer 1206 alebo 2835. Ak sa rozhodnete pre 2835, je ich nutn\u00e9 tro\u0161ka posun\u00fa\u0165 na pl\u00f4\u0161kach smerom k otvoru na tla\u010d\u00edtko. Na fotke je vidie\u0165, o ko\u013eko treba vych\u00fdli\u0165 SMD LED. Inak bude tla\u010d\u00edtku zavadza\u0165. Upozor\u0148ujem, \u017ee tla\u010d\u00edtko RESET a \u0161\u00edpky maj\u00fa obr\u00e1ten\u00fa polaritu pre LED a teda kat\u00f3da (-) je v pravo. U v\u0161etk\u00fdch ostatn\u00fdch tla\u010didiel je vpravo An\u00f3da (+). Preto si treba pozrie\u0165, ako je v\u00fdrobcom LED ozna\u010den\u00e1. Na mojej fotke je jeden roh skosen\u00fd, ten je Kat\u00f3da. D\u00e1 sa to aj rozpozna\u0165 pod\u013ea ve\u013ekosti plochy na ktorej je kry\u0161t\u00e1l LED osaden\u00fd a ten je v\u017edy kat\u00f3dou. Po osaden\u00ed LED odpor\u00fa\u010dam vysk\u00fa\u0161a\u0165.<\/p>\n\n\n\n<figure class=\"wp-block-image size-full\"><a href=\"https:\/\/sindik.at\/wp-content\/uploads\/2023\/03\/S20230319_0002.jpg\"><img loading=\"lazy\" decoding=\"async\" width=\"640\" height=\"480\" src=\"https:\/\/sindik.at\/wp-content\/uploads\/2023\/03\/S20230319_0002.jpg\" alt=\"\" class=\"wp-image-931172\" srcset=\"https:\/\/sindik.at\/wp-content\/uploads\/2023\/03\/S20230319_0002.jpg 640w, https:\/\/sindik.at\/wp-content\/uploads\/2023\/03\/S20230319_0002-300x225.jpg 300w, https:\/\/sindik.at\/wp-content\/uploads\/2023\/03\/S20230319_0002-400x300.jpg 400w\" sizes=\"auto, (max-width: 640px) 100vw, 640px\" \/><\/a><\/figure>\n\n\n\n<figure class=\"wp-block-gallery has-nested-images columns-default is-cropped wp-block-gallery-7 is-layout-flex wp-block-gallery-is-layout-flex\">\n<figure class=\"wp-block-image size-large\"><a href=\"https:\/\/sindik.at\/wp-content\/uploads\/2023\/03\/20230316_155410-e1679347029209.jpg\"><img loading=\"lazy\" decoding=\"async\" width=\"1024\" height=\"314\" data-id=\"931177\" src=\"https:\/\/sindik.at\/wp-content\/uploads\/2023\/03\/20230316_155410-e1679347029209-1024x314.jpg\" alt=\"\" class=\"wp-image-931177\" srcset=\"https:\/\/sindik.at\/wp-content\/uploads\/2023\/03\/20230316_155410-e1679347029209-1024x314.jpg 1024w, https:\/\/sindik.at\/wp-content\/uploads\/2023\/03\/20230316_155410-e1679347029209-300x92.jpg 300w, https:\/\/sindik.at\/wp-content\/uploads\/2023\/03\/20230316_155410-e1679347029209-768x236.jpg 768w, https:\/\/sindik.at\/wp-content\/uploads\/2023\/03\/20230316_155410-e1679347029209-1536x471.jpg 1536w, https:\/\/sindik.at\/wp-content\/uploads\/2023\/03\/20230316_155410-e1679347029209-2048x628.jpg 2048w, https:\/\/sindik.at\/wp-content\/uploads\/2023\/03\/20230316_155410-e1679347029209-500x153.jpg 500w\" sizes=\"auto, (max-width: 1024px) 100vw, 1024px\" \/><\/a><\/figure>\n\n\n\n<figure class=\"wp-block-image size-large\"><a href=\"https:\/\/sindik.at\/wp-content\/uploads\/2023\/03\/Image_20230316_1551.jpg\"><img loading=\"lazy\" decoding=\"async\" width=\"1024\" height=\"576\" data-id=\"931176\" src=\"https:\/\/sindik.at\/wp-content\/uploads\/2023\/03\/Image_20230316_1551-1024x576.jpg\" alt=\"\" class=\"wp-image-931176\" srcset=\"https:\/\/sindik.at\/wp-content\/uploads\/2023\/03\/Image_20230316_1551-1024x576.jpg 1024w, https:\/\/sindik.at\/wp-content\/uploads\/2023\/03\/Image_20230316_1551-300x169.jpg 300w, https:\/\/sindik.at\/wp-content\/uploads\/2023\/03\/Image_20230316_1551-768x432.jpg 768w, https:\/\/sindik.at\/wp-content\/uploads\/2023\/03\/Image_20230316_1551-1536x864.jpg 1536w, https:\/\/sindik.at\/wp-content\/uploads\/2023\/03\/Image_20230316_1551-500x281.jpg 500w, https:\/\/sindik.at\/wp-content\/uploads\/2023\/03\/Image_20230316_1551.jpg 1600w\" sizes=\"auto, (max-width: 1024px) 100vw, 1024px\" \/><\/a><\/figure>\n<\/figure>\n\n\n\n<p>3. Teraz sa m\u00f4\u017eeme pusti\u0165 do os\u00e1dzania sp\u00edna\u010dov. Odpor\u00fa\u010dam si k tomu zabezpe\u010di\u0165 prav\u00edtko s hr\u00fabkou 5,15mm. Ja som pou\u017eil hlin\u00edkov\u00fd profil (ale a\u017e po prvej rade \u010d\u00edsel). V\u00e1m to p\u00ed\u0161em z vlastnej sk\u00fasenosti. Zasp\u00e1jkujete ako prv\u00e9 kl\u00e1vesu &#8222;1&#8220; a sna\u017ete sa ju \u010do najpresnej\u0161ie osadi\u0165. V\u00f4\u013ea otvorov je dostato\u010dn\u00e1, tak\u017ee sa jemne viete vystredi\u0165. Rovnako sa sna\u017ete vystredi\u0165 aj kl\u00e1vesu RESET. Ak m\u00e1te, tak prilo\u017ete prav\u00edtko a zafixujte ju k doske \u0161tipcom alebo gumi\u010dkou, pr\u00edpade \u010d\u00edm uzn\u00e1te za vhodn\u00e9. Teraz m\u00f4\u017eete p\u00e1jkova\u0165 v\u0161etky kl\u00e1vesy v rade tak, \u017ee si ich opriete o prav\u00edtko a m\u00e1te istotu, \u017ee v\u0161etky bud\u00fa rovno. Po prvej rade v\u00e1m hr\u00fabka prav\u00edtka 5.15 mm zabezpe\u010d\u00ed, \u017ee z druhej strany m\u00f4\u017eete rovnako postupova\u0165 druhou radou. N\u00e1sledne prav\u00edtko prelo\u017e\u00edte pre \u010fal\u0161iu radu a opakujete, k\u00fdm nem\u00e1te hotovo&#8230;<\/p>\n\n\n\n<figure class=\"wp-block-gallery has-nested-images columns-default is-cropped wp-block-gallery-8 is-layout-flex wp-block-gallery-is-layout-flex\">\n<figure class=\"wp-block-image size-large\"><a href=\"https:\/\/sindik.at\/wp-content\/uploads\/2023\/03\/20230319_194138-e1679347175406.jpg\"><img loading=\"lazy\" decoding=\"async\" width=\"1024\" height=\"436\" data-id=\"931178\" src=\"https:\/\/sindik.at\/wp-content\/uploads\/2023\/03\/20230319_194138-e1679347175406-1024x436.jpg\" alt=\"\" class=\"wp-image-931178\" srcset=\"https:\/\/sindik.at\/wp-content\/uploads\/2023\/03\/20230319_194138-e1679347175406-1024x436.jpg 1024w, https:\/\/sindik.at\/wp-content\/uploads\/2023\/03\/20230319_194138-e1679347175406-300x128.jpg 300w, https:\/\/sindik.at\/wp-content\/uploads\/2023\/03\/20230319_194138-e1679347175406-768x327.jpg 768w, https:\/\/sindik.at\/wp-content\/uploads\/2023\/03\/20230319_194138-e1679347175406-1536x654.jpg 1536w, https:\/\/sindik.at\/wp-content\/uploads\/2023\/03\/20230319_194138-e1679347175406-2048x873.jpg 2048w, https:\/\/sindik.at\/wp-content\/uploads\/2023\/03\/20230319_194138-e1679347175406-500x213.jpg 500w\" sizes=\"auto, (max-width: 1024px) 100vw, 1024px\" \/><\/a><\/figure>\n\n\n\n<figure class=\"wp-block-image size-large\"><a href=\"https:\/\/sindik.at\/wp-content\/uploads\/2023\/03\/20230319_194200-e1679347201307.jpg\"><img loading=\"lazy\" decoding=\"async\" width=\"1024\" height=\"420\" data-id=\"931179\" src=\"https:\/\/sindik.at\/wp-content\/uploads\/2023\/03\/20230319_194200-e1679347201307-1024x420.jpg\" alt=\"\" class=\"wp-image-931179\" srcset=\"https:\/\/sindik.at\/wp-content\/uploads\/2023\/03\/20230319_194200-e1679347201307-1024x420.jpg 1024w, https:\/\/sindik.at\/wp-content\/uploads\/2023\/03\/20230319_194200-e1679347201307-300x123.jpg 300w, https:\/\/sindik.at\/wp-content\/uploads\/2023\/03\/20230319_194200-e1679347201307-768x315.jpg 768w, https:\/\/sindik.at\/wp-content\/uploads\/2023\/03\/20230319_194200-e1679347201307-1536x630.jpg 1536w, https:\/\/sindik.at\/wp-content\/uploads\/2023\/03\/20230319_194200-e1679347201307-2048x840.jpg 2048w, https:\/\/sindik.at\/wp-content\/uploads\/2023\/03\/20230319_194200-e1679347201307-500x205.jpg 500w\" sizes=\"auto, (max-width: 1024px) 100vw, 1024px\" \/><\/a><\/figure>\n<\/figure>\n\n\n\n<p>Tieto fotky s\u00fa ilustra\u010dn\u00e9. T\u00e1to doska nie je osaden\u00e1 LED ani rezistormi. Nafotil som dodato\u010dne, aby ste mali predstavu ako sa \u013eahko zarovna\u0165.<\/p>\n\n\n\n<figure class=\"wp-block-image size-large\"><a href=\"https:\/\/sindik.at\/wp-content\/uploads\/2023\/03\/20230319_194244-e1679347229182.jpg\"><img loading=\"lazy\" decoding=\"async\" width=\"1024\" height=\"708\" src=\"https:\/\/sindik.at\/wp-content\/uploads\/2023\/03\/20230319_194244-e1679347229182-1024x708.jpg\" alt=\"\" class=\"wp-image-931180\" srcset=\"https:\/\/sindik.at\/wp-content\/uploads\/2023\/03\/20230319_194244-e1679347229182-1024x708.jpg 1024w, https:\/\/sindik.at\/wp-content\/uploads\/2023\/03\/20230319_194244-e1679347229182-300x207.jpg 300w, https:\/\/sindik.at\/wp-content\/uploads\/2023\/03\/20230319_194244-e1679347229182-768x531.jpg 768w, https:\/\/sindik.at\/wp-content\/uploads\/2023\/03\/20230319_194244-e1679347229182-1536x1062.jpg 1536w, https:\/\/sindik.at\/wp-content\/uploads\/2023\/03\/20230319_194244-e1679347229182-434x300.jpg 434w, https:\/\/sindik.at\/wp-content\/uploads\/2023\/03\/20230319_194244-e1679347229182.jpg 1868w\" sizes=\"auto, (max-width: 1024px) 100vw, 1024px\" \/><\/a><\/figure>\n\n\n\n<p>Je e\u0161te mal\u00fd nedostatok na doske, a t\u00fdm je c\u00ednov\u00e1 maska. Po dokon\u010den\u00ed n\u00e1vrhu som bol tak\u00fd nedo\u010dkav\u00fd a ist\u00fd svojim n\u00e1vrhom, \u017ee som si nespravil vizu\u00e1lnu kontrolu v programe a odoslal som do v\u00fdroby. To \u010do sa mi zobrazovalo v programe ako solder mask nebolo obojstrann\u00e9 a teda z druhej strany je stredov\u00fd kontakt sp\u00edna\u010da bez pekn\u00e9ho prstienka. T\u00e1to chybi\u010dka na funk\u010dnos\u0165 nem\u00e1 vplyv a v\u00fdvod sa d\u00e1 p\u00e1jkova\u0165 aj bez v\u00e4\u010d\u0161\u00edch probl\u00e9mov.<\/p>\n\n\n\n<p>Nov\u00fd upraven\u00fd n\u00e1vrh m\u00e1 tieto chybi\u010dky vychytan\u00e9 a je aj zdokonalen\u00fd. Ale ten d\u00e1m do v\u00fdroby a\u017e ke\u010f sa mi min\u00fa tieto dosky.<\/p>\n\n\n\n<p>4. Teraz si m\u00f4\u017eete osadi\u0165 k\u00e1bel, konektor na vyp\u00edna\u010d LED, odpor &#8230;.<\/p>\n\n\n\n<figure class=\"wp-block-image size-large\"><a href=\"https:\/\/sindik.at\/wp-content\/uploads\/2023\/03\/20230316_171207-e1679347254187.jpg\"><img loading=\"lazy\" decoding=\"async\" width=\"1024\" height=\"567\" src=\"https:\/\/sindik.at\/wp-content\/uploads\/2023\/03\/20230316_171207-e1679347254187-1024x567.jpg\" alt=\"\" class=\"wp-image-931181\" srcset=\"https:\/\/sindik.at\/wp-content\/uploads\/2023\/03\/20230316_171207-e1679347254187-1024x567.jpg 1024w, https:\/\/sindik.at\/wp-content\/uploads\/2023\/03\/20230316_171207-e1679347254187-300x166.jpg 300w, https:\/\/sindik.at\/wp-content\/uploads\/2023\/03\/20230316_171207-e1679347254187-768x425.jpg 768w, https:\/\/sindik.at\/wp-content\/uploads\/2023\/03\/20230316_171207-e1679347254187-1536x851.jpg 1536w, https:\/\/sindik.at\/wp-content\/uploads\/2023\/03\/20230316_171207-e1679347254187-2048x1134.jpg 2048w, https:\/\/sindik.at\/wp-content\/uploads\/2023\/03\/20230316_171207-e1679347254187-500x277.jpg 500w\" sizes=\"auto, (max-width: 1024px) 100vw, 1024px\" \/><\/a><\/figure>\n\n\n\n<p>Odpor pre POWER LED som zmenil na 470R. Ve\u013emi silno svietila. Ale ak\u00fd pou\u017eijete je na V\u00e1s. SMD rezistor 510R som napokon zn\u00ed\u017eil tie\u017e na 470R. Je to jedin\u00fd SMD rezistor pre jedin\u00fa LED. (To d\u00e1 logika, \u017ee pokia\u013e m\u00e1me 45 tla\u010didiel a SMD LED sp\u00e1rovan\u00e9 po dve LED s\u00e9riovo tak jedna bude vyst\u00e1va\u0165 a hoci ju m\u00f4\u017eeme sp\u00e1rova\u0165 s POWER LED, tak som tak nespravil, nako\u013eko POWER LED n\u00e1m m\u00e1 signalizova\u0165 nap\u00e1janie a v pr\u00edpade poruchy na RESET LED by bola t\u00e1to funkcia nemo\u017en\u00e1.)<\/p>\n\n\n\n<p><strong>Farbu SMD LED nech\u00e1m na v\u00e1s, ja som pre kl\u00e1vesy RESET a SYMBOL SHIFT zvolil \u010derven\u00fa, pre ENTER zelen\u00fa a pre CAPS SHIFT a BREAK SPACE modr\u00fa. Ostatn\u00e9 biele.<\/strong><\/p>\n\n\n\n<figure class=\"wp-block-image size-large\"><a href=\"https:\/\/sindik.at\/wp-content\/uploads\/2023\/03\/20230316_172055-e1679347281394.jpg\"><img loading=\"lazy\" decoding=\"async\" width=\"1024\" height=\"290\" src=\"https:\/\/sindik.at\/wp-content\/uploads\/2023\/03\/20230316_172055-e1679347281394-1024x290.jpg\" alt=\"\" class=\"wp-image-931182\" srcset=\"https:\/\/sindik.at\/wp-content\/uploads\/2023\/03\/20230316_172055-e1679347281394-1024x290.jpg 1024w, https:\/\/sindik.at\/wp-content\/uploads\/2023\/03\/20230316_172055-e1679347281394-300x85.jpg 300w, https:\/\/sindik.at\/wp-content\/uploads\/2023\/03\/20230316_172055-e1679347281394-768x218.jpg 768w, https:\/\/sindik.at\/wp-content\/uploads\/2023\/03\/20230316_172055-e1679347281394-1536x436.jpg 1536w, https:\/\/sindik.at\/wp-content\/uploads\/2023\/03\/20230316_172055-e1679347281394-2048x581.jpg 2048w, https:\/\/sindik.at\/wp-content\/uploads\/2023\/03\/20230316_172055-e1679347281394-500x142.jpg 500w\" sizes=\"auto, (max-width: 1024px) 100vw, 1024px\" \/><\/a><\/figure>\n\n\n\n<p>5. Posledn\u00e1 fin\u00e1lna f\u00e1za je vytla\u010denie a osadenie popisn\u00fdch papierikov.<\/p>\n\n\n\n<figure class=\"wp-block-image size-large\"><a href=\"https:\/\/sindik.at\/wp-content\/uploads\/2023\/03\/potlac.png\"><img loading=\"lazy\" decoding=\"async\" width=\"1024\" height=\"348\" src=\"https:\/\/sindik.at\/wp-content\/uploads\/2023\/03\/potlac-1024x348.png\" alt=\"\" class=\"wp-image-931184\" srcset=\"https:\/\/sindik.at\/wp-content\/uploads\/2023\/03\/potlac-1024x348.png 1024w, https:\/\/sindik.at\/wp-content\/uploads\/2023\/03\/potlac-300x102.png 300w, https:\/\/sindik.at\/wp-content\/uploads\/2023\/03\/potlac-768x261.png 768w, https:\/\/sindik.at\/wp-content\/uploads\/2023\/03\/potlac-1536x522.png 1536w, https:\/\/sindik.at\/wp-content\/uploads\/2023\/03\/potlac-500x170.png 500w, https:\/\/sindik.at\/wp-content\/uploads\/2023\/03\/potlac.png 1672w\" sizes=\"auto, (max-width: 1024px) 100vw, 1024px\" \/><\/a><figcaption class=\"wp-element-caption\"><a href=\"https:\/\/sindik.at\/wp-content\/uploads\/2023\/03\/Klavesnica-potlac-1.pdf\" data-type=\"URL\" data-id=\"https:\/\/sindik.at\/wp-content\/uploads\/2023\/03\/Klavesnica-potlac-1.pdf\">https:\/\/sindik.at\/wp-content\/uploads\/2023\/03\/Klavesnica-potlac-1.pdf<\/a><\/figcaption><\/figure>\n\n\n\n<p>Pre spr\u00e1vnu tla\u010d som pou\u017eil program <strong>Zoner Callisto 5 <\/strong>kde sa d\u00e1 pracova\u0165 s presn\u00fdmi rozmermi, rozmer jedn\u00e9ho tla\u010d\u00edtka je 13,6mm x 13,6mm. V\u00e1m som t\u00fato n\u00e1mahu u\u0161etril a m\u00f4\u017eete si vytla\u010di\u0165 z PDF kde treba tla\u010di\u0165 v 100% mierke bez \u00faprav rozmerov&#8230;<\/p>\n\n\n\n<figure class=\"wp-block-image size-large\"><a href=\"https:\/\/sindik.at\/wp-content\/uploads\/2023\/03\/20230318_220730-e1679347830689.jpg\"><img loading=\"lazy\" decoding=\"async\" width=\"1024\" height=\"546\" src=\"https:\/\/sindik.at\/wp-content\/uploads\/2023\/03\/20230318_220730-e1679347830689-1024x546.jpg\" alt=\"\" class=\"wp-image-931185\" srcset=\"https:\/\/sindik.at\/wp-content\/uploads\/2023\/03\/20230318_220730-e1679347830689-1024x546.jpg 1024w, https:\/\/sindik.at\/wp-content\/uploads\/2023\/03\/20230318_220730-e1679347830689-300x160.jpg 300w, https:\/\/sindik.at\/wp-content\/uploads\/2023\/03\/20230318_220730-e1679347830689-768x410.jpg 768w, https:\/\/sindik.at\/wp-content\/uploads\/2023\/03\/20230318_220730-e1679347830689-1536x819.jpg 1536w, https:\/\/sindik.at\/wp-content\/uploads\/2023\/03\/20230318_220730-e1679347830689-2048x1092.jpg 2048w, https:\/\/sindik.at\/wp-content\/uploads\/2023\/03\/20230318_220730-e1679347830689-500x267.jpg 500w\" sizes=\"auto, (max-width: 1024px) 100vw, 1024px\" \/><\/a><\/figure>\n\n\n\n<p><strong>Po nasaden\u00ed krytiek niektor\u00fdch kl\u00e1ves som pri\u0161iel k z\u00e1veru, \u017ee ich treba nalisova\u0165, preto\u017ee id\u00fa ve\u013emi \u0165a\u017eko a aj ke\u010f som sa postavil na cel\u00fa kl\u00e1vesnicu, tak moja hmotnos\u0165 90kg ich nezasunula do ulo\u017eenia tak hlboko, aby neodpad\u00e1vali. Preto mali\u010dk\u00e1 stol\u00e1rska svorka spravila citliv\u00fa pr\u00e1cu. Ak to pre\u017eeniete tak kl\u00e1vesa nebude reagova\u0165 (teda nebude sp\u00edna\u0165 kontakt). Sta\u010d\u00ed vytiahnu\u0165 a nalisova\u0165 znova. Medzi tla\u010d\u00edtko a kl\u00e1vesu sa mus\u00ed da\u0165 zasun\u00fa\u0165 0,5mm hrub\u00e1 mierka (\u0161p\u00e1romer) a nesmie by\u0165 v\u00e4\u010d\u0161ia ako 0,75mm.<\/strong><\/p>\n\n\n\n<figure class=\"wp-block-gallery has-nested-images columns-default is-cropped wp-block-gallery-9 is-layout-flex wp-block-gallery-is-layout-flex\">\n<figure class=\"wp-block-image size-medium\"><a href=\"https:\/\/sindik.at\/wp-content\/uploads\/2023\/03\/20230318_221129.jpg\"><img loading=\"lazy\" decoding=\"async\" width=\"300\" height=\"169\" data-id=\"931140\" src=\"https:\/\/sindik.at\/wp-content\/uploads\/2023\/03\/20230318_221129-300x169.jpg\" alt=\"\" class=\"wp-image-931140\" srcset=\"https:\/\/sindik.at\/wp-content\/uploads\/2023\/03\/20230318_221129-300x169.jpg 300w, https:\/\/sindik.at\/wp-content\/uploads\/2023\/03\/20230318_221129-1024x576.jpg 1024w, https:\/\/sindik.at\/wp-content\/uploads\/2023\/03\/20230318_221129-768x432.jpg 768w, https:\/\/sindik.at\/wp-content\/uploads\/2023\/03\/20230318_221129-1536x864.jpg 1536w, https:\/\/sindik.at\/wp-content\/uploads\/2023\/03\/20230318_221129-2048x1152.jpg 2048w, https:\/\/sindik.at\/wp-content\/uploads\/2023\/03\/20230318_221129-500x281.jpg 500w\" sizes=\"auto, (max-width: 300px) 100vw, 300px\" \/><\/a><\/figure>\n\n\n\n<figure class=\"wp-block-image size-large\"><a href=\"https:\/\/sindik.at\/wp-content\/uploads\/2023\/03\/20230318_221641-e1679347975915.jpg\"><img loading=\"lazy\" decoding=\"async\" width=\"1024\" height=\"426\" data-id=\"931186\" src=\"https:\/\/sindik.at\/wp-content\/uploads\/2023\/03\/20230318_221641-e1679347975915-1024x426.jpg\" alt=\"\" class=\"wp-image-931186\" srcset=\"https:\/\/sindik.at\/wp-content\/uploads\/2023\/03\/20230318_221641-e1679347975915-1024x426.jpg 1024w, https:\/\/sindik.at\/wp-content\/uploads\/2023\/03\/20230318_221641-e1679347975915-300x125.jpg 300w, https:\/\/sindik.at\/wp-content\/uploads\/2023\/03\/20230318_221641-e1679347975915-768x319.jpg 768w, https:\/\/sindik.at\/wp-content\/uploads\/2023\/03\/20230318_221641-e1679347975915-1536x639.jpg 1536w, https:\/\/sindik.at\/wp-content\/uploads\/2023\/03\/20230318_221641-e1679347975915-2048x851.jpg 2048w, https:\/\/sindik.at\/wp-content\/uploads\/2023\/03\/20230318_221641-e1679347975915-500x208.jpg 500w\" sizes=\"auto, (max-width: 1024px) 100vw, 1024px\" \/><\/a><\/figure>\n<\/figure>\n\n\n\n<p>Tak a som na konci. Pripom\u00ednam, \u017ee som nikoho nen\u00fatil to v\u0161etko \u010d\u00edta\u0165 a\u017e do konca a predpoklad\u00e1m, \u017ee mnoh\u00ed ani ne\u010d\u00edtali, ale iba popozerali obr\u00e1zky&#8230; Ten kto hr\u00e1val na Didaktiku, alebo p\u00edsal svoje programy tak vie, \u017ee tak\u00e1 kl\u00e1vesnica ke\u010f sa zasek\u00e1va vie pekne liez\u0165 na nervy. Ja som pon\u00fakol rie\u0161enie&#8230; (ale a\u017e teraz.) Na konci je zoznam s\u00fa\u010diastok aj linky na objedn\u00e1vanie&#8230; Dosky prinesiem na stretnutie SinDiKat. 5ks m\u00e1m e\u0161te na predaj po 10\u20ac\/ks (Mimo z00m a Imra). Po odpredaji zverejn\u00edm gerbery&#8230;<br><\/p>\n\n\n\n<p>Prajem ve\u013ea z\u00e1bavy&#8230;<br><strong><em>breki_j<\/em><\/strong><\/p>\n\n\n\n<p>Pr\u00edpadne ma m\u00f4\u017eete kontaktova\u0165: <a href=\"https:\/\/t.me\/breki_j\">https:\/\/t.me\/breki_j<\/a><\/p>\n\n\n\n<p><strong>Zoznam s\u00fa\u010diastok:<\/strong><\/p>\n\n\n<div class=\"wp-block-image\">\n<figure class=\"alignleft size-thumbnail\"><a href=\"https:\/\/sindik.at\/wp-content\/uploads\/2023\/03\/Screenshot-2023-03-20-at-22.37.37.png\"><img loading=\"lazy\" decoding=\"async\" width=\"150\" height=\"150\" src=\"https:\/\/sindik.at\/wp-content\/uploads\/2023\/03\/Screenshot-2023-03-20-at-22.37.37-150x150.png\" alt=\"\" class=\"wp-image-931188\"\/><\/a><\/figure>\n<\/div>\n\n\n<p>Potrebujeme 45ks sp\u00edna\u010dov (objedna\u0165 vieme iba po 10ks alebo 70ks, tak\u017ee objedn\u00e1me 50ks, alebo ak budete robi\u0165 2x tak 90ks [70ks+20ks]). <a rel=\"noreferrer noopener\" href=\"https:\/\/www.aliexpress.com\/item\/4000803757746.html\" target=\"_blank\">https:\/\/www.aliexpress.com\/item\/4000803757746.html<\/a><\/p>\n\n\n\n<p><\/p>\n\n\n\n<p><\/p>\n\n\n<div class=\"wp-block-image\">\n<figure class=\"alignleft size-thumbnail\"><a href=\"https:\/\/sindik.at\/wp-content\/uploads\/2023\/03\/Screenshot-2023-03-20-at-22.38.03.png\"><img loading=\"lazy\" decoding=\"async\" width=\"150\" height=\"150\" src=\"https:\/\/sindik.at\/wp-content\/uploads\/2023\/03\/Screenshot-2023-03-20-at-22.38.03-150x150.png\" alt=\"\" class=\"wp-image-931189\"\/><\/a><\/figure>\n<\/div>\n\n\n<p>Rovnako 45ks tla\u010d\u00ed-tok ale vieme objedna\u0165 bu\u010f po 10ks alebo po 1ks tak\u017ee vieme si presne objedna\u0165 45ks&#8230; (4x10ks a 5x1ks). <a rel=\"noreferrer noopener\" href=\"https:\/\/www.aliexpress.com\/item\/1005004623750938.html\" target=\"_blank\">https:\/\/www.aliexpress.com\/item\/1005004623750938.html<\/a><\/p>\n\n\n\n<p><\/p>\n\n\n\n<p><\/p>\n\n\n<div class=\"wp-block-image\">\n<figure class=\"alignleft size-thumbnail\"><a href=\"https:\/\/sindik.at\/wp-content\/uploads\/2023\/03\/Screenshot-2023-03-20-at-22.38.28.png\"><img loading=\"lazy\" decoding=\"async\" width=\"150\" height=\"150\" src=\"https:\/\/sindik.at\/wp-content\/uploads\/2023\/03\/Screenshot-2023-03-20-at-22.38.28-150x150.png\" alt=\"\" class=\"wp-image-931190\"\/><\/a><\/figure>\n<\/div>\n\n\n<p>Potrebujeme 22ks 1206 SMD rezistory 1% 200R ale vieme objedna\u0165 iba po 100ks. Rovnako iba 1ks 1206 SMD rezistor 1% 510R ale vieme objedna\u0165 iba po 100ks. <a rel=\"noreferrer noopener\" href=\"https:\/\/www.aliexpress.com\/item\/1005004335971108.html\" target=\"_blank\">https:\/\/www.aliexpress.com\/item\/1005004335971108.html<\/a><br>Na str\u00e1nke si treba zvoli\u0165 po\u017eadovan\u00fa hodnotu.<\/p>\n\n\n\n<p><\/p>\n\n\n\n<p><\/p>\n\n\n<div class=\"wp-block-image\">\n<figure class=\"alignleft size-thumbnail\"><a href=\"https:\/\/sindik.at\/wp-content\/uploads\/2023\/03\/Screenshot-2023-03-20-at-22.38.49.png\"><img loading=\"lazy\" decoding=\"async\" width=\"150\" height=\"150\" src=\"https:\/\/sindik.at\/wp-content\/uploads\/2023\/03\/Screenshot-2023-03-20-at-22.38.49-150x150.png\" alt=\"\" class=\"wp-image-931191\"\/><\/a><\/figure>\n<\/div>\n\n\n<p>Potrebujeme 45ks 1206 SMD LED (ja som objednal z ka\u017edej po 100ks) objedna\u0165 sa daj\u00fa iba po 100ks a teba si zvoli\u0165 po\u017eadovan\u00fd typ aj farbu. <a rel=\"noreferrer noopener\" href=\"https:\/\/www.aliexpress.com\/item\/1005002978369631.html\" target=\"_blank\">https:\/\/www.aliexpress.com\/item\/1005002978369631.html<\/a><\/p>\n\n\n\n<p><\/p>\n\n\n\n<p><\/p>\n\n\n<div class=\"wp-block-image\">\n<figure class=\"alignleft size-thumbnail\"><a href=\"https:\/\/sindik.at\/wp-content\/uploads\/2023\/03\/Screenshot-2023-03-20-at-22.39.08.png\"><img loading=\"lazy\" decoding=\"async\" width=\"150\" height=\"150\" src=\"https:\/\/sindik.at\/wp-content\/uploads\/2023\/03\/Screenshot-2023-03-20-at-22.39.08-150x150.png\" alt=\"\" class=\"wp-image-931192\"\/><\/a><\/figure>\n<\/div>\n\n\n<p>Tu s\u00fa 2835 SMD LED (tie ktor\u00e9 vid\u00edte aj na mojich fotk\u00e1ch s t\u00fdm zrezan\u00fdm rohom) s t\u00fdmito LED sa SMD rezistor na 100% zhoduje a bude spr\u00e1vne svieti\u0165, ale treba posun\u00fa\u0165 na pl\u00f4\u0161kach smerom k otvoru cca o 0,5mm. <a rel=\"noreferrer noopener\" href=\"https:\/\/www.aliexpress.com\/item\/1005004508549428.html\" target=\"_blank\">https:\/\/www.aliexpress.com\/item\/1005004508549428.html<\/a><\/p>\n\n\n\n<p><\/p>\n\n\n\n<p><\/p>\n\n\n<div class=\"wp-block-image\">\n<figure class=\"alignleft size-thumbnail\"><a href=\"https:\/\/sindik.at\/wp-content\/uploads\/2023\/03\/Screenshot-2023-03-20-at-22.39.34.png\"><img loading=\"lazy\" decoding=\"async\" width=\"150\" height=\"150\" src=\"https:\/\/sindik.at\/wp-content\/uploads\/2023\/03\/Screenshot-2023-03-20-at-22.39.34-150x150.png\" alt=\"\" class=\"wp-image-931193\"\/><\/a><\/figure>\n<\/div>\n\n\n<p>Potrebujeme 1ks 1\/4watt rezistor 330R alebo ako ja 470R pre POWER LED. Vieme objedna\u0165 minim\u00e1lne 100ks. Cena a 1% presnos\u0165 je bez konkuren\u010dn\u00e1.<br>Treba si vybra\u0165 spr\u00e1vnu hodnotu z ponuky. No\u017ei\u010dky s\u00fa vhodne do 0,4mm dierok&#8230; <a rel=\"noreferrer noopener\" href=\"https:\/\/www.aliexpress.com\/item\/1005001437016232.html\" target=\"_blank\">https:\/\/www.aliexpress.com\/item\/1005001437016232.html<\/a><\/p>\n\n\n\n<p><\/p>\n\n\n<div class=\"wp-block-image\">\n<figure class=\"alignleft size-thumbnail\"><a href=\"https:\/\/sindik.at\/wp-content\/uploads\/2023\/03\/Screenshot-2023-03-20-at-22.39.54.png\"><img loading=\"lazy\" decoding=\"async\" width=\"150\" height=\"150\" src=\"https:\/\/sindik.at\/wp-content\/uploads\/2023\/03\/Screenshot-2023-03-20-at-22.39.54-150x150.png\" alt=\"\" class=\"wp-image-931194\"\/><\/a><\/figure>\n<\/div>\n\n\n<p>Potrebujeme iba 1ks 4mm LED Di\u00f3dy. Tu pred\u00e1vaj\u00fa minim\u00e1lne 50ks. Pre t\u00fato LED je vhodn\u00e9 osadi\u0165 470R <a rel=\"noreferrer noopener\" href=\"https:\/\/www.aliexpress.com\/item\/4001160542172.html\" target=\"_blank\">https:\/\/www.aliexpress.com\/item\/4001160542172.html<\/a><\/p>\n\n\n\n<p><\/p>\n\n\n\n<p><\/p>\n\n\n<div class=\"wp-block-image\">\n<figure class=\"alignleft size-thumbnail\"><a href=\"https:\/\/sindik.at\/wp-content\/uploads\/2023\/03\/Screenshot-2023-03-20-at-22.40.38.png\"><img loading=\"lazy\" decoding=\"async\" width=\"150\" height=\"150\" src=\"https:\/\/sindik.at\/wp-content\/uploads\/2023\/03\/Screenshot-2023-03-20-at-22.40.38-150x150.png\" alt=\"\" class=\"wp-image-931195\"\/><\/a><\/figure>\n<\/div>\n\n\n<p>Pre niekoho bude vhodnej\u0161ia vo\u013eba k\u00fapi\u0165 komplet 10cm k\u00e1bel aj s koncovkami. (Pr\u00edpadne si vyberie z ponuky ak\u00fd potrebuje&#8230;)<\/p>\n\n\n\n<p>Len pripom\u00ednam, \u017ee treba FC-FD 26P (2x13P). <a rel=\"noreferrer noopener\" href=\"https:\/\/www.aliexpress.com\/item\/1005003057058334.html\" target=\"_blank\">https:\/\/www.aliexpress.com\/item\/1005003057058334.html<\/a><\/p>\n\n\n\n<p><\/p>\n\n\n<div class=\"wp-block-image\">\n<figure class=\"alignleft size-thumbnail\"><a href=\"https:\/\/sindik.at\/wp-content\/uploads\/2023\/03\/Screenshot-2023-03-20-at-22.40.58.png\"><img loading=\"lazy\" decoding=\"async\" width=\"150\" height=\"150\" src=\"https:\/\/sindik.at\/wp-content\/uploads\/2023\/03\/Screenshot-2023-03-20-at-22.40.58-150x150.png\" alt=\"\" class=\"wp-image-931196\"\/><\/a><\/figure>\n<\/div>\n\n\n<p>Ten kto je za originalitu ur\u010dite uprednostn\u00ed FD-26P. Minim\u00e1lne mno\u017estvo je 5ks. (Potrebujeme 2x). <a href=\"https:\/\/www.aliexpress.com\/item\/1005003163550720.html\" target=\"_blank\" rel=\"noreferrer noopener\">https:\/\/www.aliexpress.com\/item\/1005003163550720.html<\/a><\/p>\n","protected":false},"excerpt":{"rendered":"<p>Nov\u00e1 kl\u00e1vesnica pre Didaktiky M92, M93 a Kompakt. <a href=\"https:\/\/sindik.at\/?p=931138\">Pokra\u010dova\u0165 v \u010d\u00edtan\u00ed <span class=\"meta-nav\">&rarr;<\/span><\/a><\/p>\n","protected":false},"author":1,"featured_media":931140,"comment_status":"open","ping_status":"closed","sticky":false,"template":"","format":"standard","meta":{"jetpack_post_was_ever_published":false,"_jetpack_newsletter_access":"","_jetpack_dont_email_post_to_subs":false,"_jetpack_newsletter_tier_id":0,"_jetpack_memberships_contains_paywalled_content":false,"_jetpack_memberships_contains_paid_content":false,"footnotes":"","jetpack_publicize_message":"","jetpack_publicize_feature_enabled":true,"jetpack_social_post_already_shared":true,"jetpack_social_options":{"image_generator_settings":{"template":"highway","default_image_id":0,"font":"","enabled":false},"version":2}},"categories":[5],"tags":[],"class_list":["post-931138","post","type-post","status-publish","format-standard","has-post-thumbnail","hentry","category-tema-2-hardware-php"],"jetpack_publicize_connections":[],"jetpack_featured_media_url":"https:\/\/sindik.at\/wp-content\/uploads\/2023\/03\/20230318_221129.jpg","jetpack_sharing_enabled":true,"jetpack_shortlink":"https:\/\/wp.me\/p5aqy8-3Uem","jetpack_likes_enabled":true,"jetpack-related-posts":[],"_links":{"self":[{"href":"https:\/\/sindik.at\/index.php?rest_route=\/wp\/v2\/posts\/931138","targetHints":{"allow":["GET"]}}],"collection":[{"href":"https:\/\/sindik.at\/index.php?rest_route=\/wp\/v2\/posts"}],"about":[{"href":"https:\/\/sindik.at\/index.php?rest_route=\/wp\/v2\/types\/post"}],"author":[{"embeddable":true,"href":"https:\/\/sindik.at\/index.php?rest_route=\/wp\/v2\/users\/1"}],"replies":[{"embeddable":true,"href":"https:\/\/sindik.at\/index.php?rest_route=%2Fwp%2Fv2%2Fcomments&post=931138"}],"version-history":[{"count":22,"href":"https:\/\/sindik.at\/index.php?rest_route=\/wp\/v2\/posts\/931138\/revisions"}],"predecessor-version":[{"id":931209,"href":"https:\/\/sindik.at\/index.php?rest_route=\/wp\/v2\/posts\/931138\/revisions\/931209"}],"wp:featuredmedia":[{"embeddable":true,"href":"https:\/\/sindik.at\/index.php?rest_route=\/wp\/v2\/media\/931140"}],"wp:attachment":[{"href":"https:\/\/sindik.at\/index.php?rest_route=%2Fwp%2Fv2%2Fmedia&parent=931138"}],"wp:term":[{"taxonomy":"category","embeddable":true,"href":"https:\/\/sindik.at\/index.php?rest_route=%2Fwp%2Fv2%2Fcategories&post=931138"},{"taxonomy":"post_tag","embeddable":true,"href":"https:\/\/sindik.at\/index.php?rest_route=%2Fwp%2Fv2%2Ftags&post=931138"}],"curies":[{"name":"wp","href":"https:\/\/api.w.org\/{rel}","templated":true}]}}