{"id":931104,"date":"2023-01-24T15:34:22","date_gmt":"2023-01-24T14:34:22","guid":{"rendered":"https:\/\/sindik.at\/?p=931104"},"modified":"2023-01-24T15:34:22","modified_gmt":"2023-01-24T14:34:22","slug":"februarove-stretnutie-8","status":"publish","type":"post","link":"https:\/\/sindik.at\/?p=931104","title":{"rendered":"Febru\u00e1rov\u00e9 stretnutie"},"content":{"rendered":"\n<p>\u010eal\u0161ie stretnutie je na pl\u00e1ne v sobotu 11.2. od 9:30 na zvy\u010dajnom mieste<\/p>\n\n\n\n<!--more-->\n\n\n\n<p>P\u00e1r dn\u00ed potom ako sme si zapriali v\u0161etko dobr\u00e9 do nov\u00e9ho roku, sa za\u010dali na masovokomunika\u010dn\u00fdch prostriedkoch mno\u017ei\u0165 ot\u00e1zky kedy sa vid\u00edme najbli\u017e\u0161ie? Tak\u017ee je to tu. V\u00fdber term\u00ednu padol na sobotu 11. ferbru\u00e1ra od 9:30 v dielni a z\u00e1rove\u0148 otvor\u00edme aj konferenciu <a href=\"https:\/\/meet.jit.si\/CooperativeOperationsAimOutdoors\">pre virtu\u00e1lnych \u00fa\u010dastn\u00edkov na Jitsi<\/a>.<\/p>\n\n\n\n<p>Te\u0161\u00edm sa na hojn\u00fa \u00fa\u010das\u0165.<br>\/ikon<\/p>\n","protected":false},"excerpt":{"rendered":"<p>\u010eal\u0161ie stretnutie je na pl\u00e1ne v sobotu 11.2. od 9:30 na zvy\u010dajnom mieste<\/p>\n","protected":false},"author":1,"featured_media":0,"comment_status":"open","ping_status":"open","sticky":false,"template":"","format":"standard","meta":{"jetpack_post_was_ever_published":false,"_jetpack_newsletter_access":"","_jetpack_dont_email_post_to_subs":false,"_jetpack_newsletter_tier_id":0,"_jetpack_memberships_contains_paywalled_content":false,"_jetpack_memberships_contains_paid_content":false,"footnotes":"","jetpack_publicize_message":"","jetpack_publicize_feature_enabled":true,"jetpack_social_post_already_shared":true,"jetpack_social_options":{"image_generator_settings":{"template":"highway","default_image_id":0,"font":"","enabled":false},"version":2}},"categories":[7],"tags":[],"class_list":["post-931104","post","type-post","status-publish","format-standard","hentry","category-tema-4-stretnutia-php"],"jetpack_publicize_connections":[],"jetpack_featured_media_url":"","jetpack_sharing_enabled":true,"jetpack_shortlink":"https:\/\/wp.me\/p5aqy8-3UdO","jetpack_likes_enabled":true,"jetpack-related-posts":[],"_links":{"self":[{"href":"https:\/\/sindik.at\/index.php?rest_route=\/wp\/v2\/posts\/931104","targetHints":{"allow":["GET"]}}],"collection":[{"href":"https:\/\/sindik.at\/index.php?rest_route=\/wp\/v2\/posts"}],"about":[{"href":"https:\/\/sindik.at\/index.php?rest_route=\/wp\/v2\/types\/post"}],"author":[{"embeddable":true,"href":"https:\/\/sindik.at\/index.php?rest_route=\/wp\/v2\/users\/1"}],"replies":[{"embeddable":true,"href":"https:\/\/sindik.at\/index.php?rest_route=%2Fwp%2Fv2%2Fcomments&post=931104"}],"version-history":[{"count":1,"href":"https:\/\/sindik.at\/index.php?rest_route=\/wp\/v2\/posts\/931104\/revisions"}],"predecessor-version":[{"id":931105,"href":"https:\/\/sindik.at\/index.php?rest_route=\/wp\/v2\/posts\/931104\/revisions\/931105"}],"wp:attachment":[{"href":"https:\/\/sindik.at\/index.php?rest_route=%2Fwp%2Fv2%2Fmedia&parent=931104"}],"wp:term":[{"taxonomy":"category","embeddable":true,"href":"https:\/\/sindik.at\/index.php?rest_route=%2Fwp%2Fv2%2Fcategories&post=931104"},{"taxonomy":"post_tag","embeddable":true,"href":"https:\/\/sindik.at\/index.php?rest_route=%2Fwp%2Fv2%2Ftags&post=931104"}],"curies":[{"name":"wp","href":"https:\/\/api.w.org\/{rel}","templated":true}]}}