{"id":930595,"date":"2019-05-28T15:49:56","date_gmt":"2019-05-28T14:49:56","guid":{"rendered":"https:\/\/sindik.at\/?p=930595"},"modified":"2019-05-29T08:24:10","modified_gmt":"2019-05-29T07:24:10","slug":"zapisky-05-2019","status":"publish","type":"post","link":"https:\/\/sindik.at\/?p=930595","title":{"rendered":"Z\u00e1pisky 05\/2019"},"content":{"rendered":"\n<p>Toto komorn\u00e9 stretnutie zaznamenalo nakoniec iba troch \u00fa\u010dastn\u00edkov.<\/p>\n\n\n\n<!--more-->\n\n\n\n<p>Za\u010dalo sa to entr\u00e9e v podobe n\u00e1v\u0161tevy burzy elektroniky na Vajnorskej 21 v Bratislave. <\/p>\n\n\n\n<figure class=\"wp-block-image\"><img loading=\"lazy\" decoding=\"async\" width=\"1024\" height=\"385\" src=\"https:\/\/sindik.at\/wp-content\/uploads\/2019\/05\/Vajnorska21-1024x385.jpg\" alt=\"\" class=\"wp-image-930594\" srcset=\"https:\/\/sindik.at\/wp-content\/uploads\/2019\/05\/Vajnorska21-1024x385.jpg 1024w, https:\/\/sindik.at\/wp-content\/uploads\/2019\/05\/Vajnorska21-300x113.jpg 300w, https:\/\/sindik.at\/wp-content\/uploads\/2019\/05\/Vajnorska21-768x288.jpg 768w, https:\/\/sindik.at\/wp-content\/uploads\/2019\/05\/Vajnorska21-500x188.jpg 500w, https:\/\/sindik.at\/wp-content\/uploads\/2019\/05\/Vajnorska21.jpg 1600w\" sizes=\"auto, (max-width: 1024px) 100vw, 1024px\" \/><\/figure>\n\n\n\n<p>Prer\u00e1bka celej budovy sa nijak\u00fdm sp\u00f4sobom nedotkla priestorov a interi\u00e9ru kult\u00farneho centra, kde sa burza kon\u00e1. Tie st\u00e1le pripom\u00ednaj\u00fa skanzen b\u00fdval\u00e9ho re\u017e\u00edmu. \u017dia\u013e aj pon\u00fakan\u00fd sortiment bol tentokr\u00e1t podobne riedky, o\u0161untel\u00fd a f\u00e1dny. Okrem opto\u010dlenov rady WK som fakt u\u017e ni\u010d zauj\u00edmavej\u0161ie nena\u0161iel. Za ostatn\u00e9 roky n\u00e1v\u0161teva burzy nadob\u00fada sk\u00f4r socializa\u010dn\u00fd charakter a vyu\u017e\u00edvame ju s bastl partou ako pr\u00edle\u017eitos\u0165 vidie\u0165 sa aspo\u0148 raz za mesiac. Tentokr\u00e1t sme sa zozbierali v zlo\u017een\u00ed ffg, Zden, Igor, Martin, Ri\u0161o, Gabo a ja.<\/p>\n\n\n\n<figure class=\"wp-block-image\"><img loading=\"lazy\" decoding=\"async\" width=\"800\" height=\"600\" src=\"https:\/\/sindik.at\/wp-content\/uploads\/2019\/05\/Kulturak_Otvoreny.jpg\" alt=\"\" class=\"wp-image-930593\" srcset=\"https:\/\/sindik.at\/wp-content\/uploads\/2019\/05\/Kulturak_Otvoreny.jpg 800w, https:\/\/sindik.at\/wp-content\/uploads\/2019\/05\/Kulturak_Otvoreny-300x225.jpg 300w, https:\/\/sindik.at\/wp-content\/uploads\/2019\/05\/Kulturak_Otvoreny-768x576.jpg 768w, https:\/\/sindik.at\/wp-content\/uploads\/2019\/05\/Kulturak_Otvoreny-400x300.jpg 400w\" sizes=\"auto, (max-width: 800px) 100vw, 800px\" \/><\/figure>\n\n\n\n<p>Ffg sa, napriek \u00faboh\u00e9mu sortimentu, podaril \u00falovok v podobe SATA HDD 160GB, motor\u010deka na 24V a ovl\u00e1da\u010da k Samsung TV. Ostatn\u00ed z partie k\u00fapili bu\u010f len nejak\u00fa &nbsp;&#8211; pravdepodobne nepotrebn\u00fa &#8211; drobnos\u0165 alebo v\u00f4bec ni\u010d. Jaro, ktor\u00fd sa op\u00e4\u0165 nemohol z\u00fa\u010dastni\u0165 trefne poznamenal \u201cM\u00f4\u017eem symbolicky hodi\u0165 50 centov do kan\u00e1la, nech budem kdeko\u013evek.\u201d <\/p>\n\n\n\n<p>Po ob\u010derstven\u00ed v bufete sme si za 3 min\u00faty spravili posledn\u00e9 2 kolie\u010dka okolo stolov a vyrazili do klubovne. Aj ke\u010f nie \u00faplne priamo, ale e\u0161te s jednou malou zast\u00e1vkou v b\u00fdvalej Tesle na Tehelnej, ktor\u00e1 je len 2 bloky od kultur\u00e1ku. Sortiment sa tam za posledn\u00fdch 20 rokov, \u010do som tam nebol, ve\u013emi nezmenil. St\u00e1le sa tam daj\u00fa k\u00fapi\u0165 napr\u00edklad tranzistory Tesla v kovovom p\u00fazdre. Ale ja som tentokr\u00e1t odolal a zobral si iba litrov\u00fa lahvinku &#8211; konkr\u00e9tne Isopropylu 99.7%.<\/p>\n\n\n\n<figure class=\"wp-block-image\"><img loading=\"lazy\" decoding=\"async\" width=\"800\" height=\"600\" src=\"https:\/\/sindik.at\/wp-content\/uploads\/2019\/05\/Dielna_v_maji.jpg\" alt=\"\" class=\"wp-image-930592\" srcset=\"https:\/\/sindik.at\/wp-content\/uploads\/2019\/05\/Dielna_v_maji.jpg 800w, https:\/\/sindik.at\/wp-content\/uploads\/2019\/05\/Dielna_v_maji-300x225.jpg 300w, https:\/\/sindik.at\/wp-content\/uploads\/2019\/05\/Dielna_v_maji-768x576.jpg 768w, https:\/\/sindik.at\/wp-content\/uploads\/2019\/05\/Dielna_v_maji-400x300.jpg 400w\" sizes=\"auto, (max-width: 800px) 100vw, 800px\" \/><\/figure>\n\n\n\n<p>Do klubovne sme dorazili vo dvojici &#8211; ffg a ja &#8211; asi s 15 min\u00fatov\u00fdm me\u0161kan\u00edm. Nikto pred \u0148ou nestepoval, ani medzit\u00fdm nevolal. Rozbalili sme teda postupne z\u00e1le\u017eitosti, ktor\u00fdm sme sa chceli venova\u0165. <\/p>\n\n\n\n<figure class=\"wp-block-image\"><img loading=\"lazy\" decoding=\"async\" width=\"1024\" height=\"768\" src=\"https:\/\/sindik.at\/wp-content\/uploads\/2019\/05\/PMD85_1-1024x768.jpg\" alt=\"\" class=\"wp-image-930590\" srcset=\"https:\/\/sindik.at\/wp-content\/uploads\/2019\/05\/PMD85_1.jpg 1024w, https:\/\/sindik.at\/wp-content\/uploads\/2019\/05\/PMD85_1-300x225.jpg 300w, https:\/\/sindik.at\/wp-content\/uploads\/2019\/05\/PMD85_1-768x576.jpg 768w, https:\/\/sindik.at\/wp-content\/uploads\/2019\/05\/PMD85_1-400x300.jpg 400w\" sizes=\"auto, (max-width: 1024px) 100vw, 1024px\" \/><\/figure>\n\n\n\n<p>Medzi prv\u00fdmi pri\u0161lo na vylovenie PMD85-1 zo \u0161opy. M\u00e1 tam \u010destn\u00e9 miesto na samom vrchu reg\u00e1la, ale najprv bolo treba vybra\u0165 zop\u00e1r bicyklov a z\u00e1hradn\u00fa hadicu na cievke. Po kr\u00e1tkom boji sme sa k nemu nakoniec prebili. Zo spodnej strany m\u00e1 ozna\u010denie ObKaSS I &nbsp;&#8211; Obvodn\u00e9 kult\u00farne a spolo\u010densk\u00e9 stredisko &#8211; \u010do je neklamn\u00fd znak, \u017ee sa za svojej akt\u00edvnej doby ponevieralo v rovnakej lokalite ako som vtedy b\u00fdval &#8211; v Starom meste. Dokonca by som si tipol, \u017ee som na tomto konkr\u00e9tnom kuse str\u00e1vil nejak\u00fd \u010das v Dome pionierov (dnes Centrum vo\u013en\u00e9ho \u010dasu) na Obrancov mieru 35 (dnes \u0160tef\u00e1nikova). <\/p>\n\n\n\n<figure class=\"wp-block-image\"><img loading=\"lazy\" decoding=\"async\" width=\"1024\" height=\"768\" src=\"https:\/\/sindik.at\/wp-content\/uploads\/2019\/05\/Ikon_PMD85_1-1024x768.jpg\" alt=\"\" class=\"wp-image-930591\" srcset=\"https:\/\/sindik.at\/wp-content\/uploads\/2019\/05\/Ikon_PMD85_1.jpg 1024w, https:\/\/sindik.at\/wp-content\/uploads\/2019\/05\/Ikon_PMD85_1-300x225.jpg 300w, https:\/\/sindik.at\/wp-content\/uploads\/2019\/05\/Ikon_PMD85_1-768x576.jpg 768w, https:\/\/sindik.at\/wp-content\/uploads\/2019\/05\/Ikon_PMD85_1-400x300.jpg 400w\" sizes=\"auto, (max-width: 1024px) 100vw, 1024px\" \/><\/figure>\n\n\n\n<p>Ffg sa nezdalo, \u017ee v jednotke s\u00fa rovnak\u00e9 tla\u010d\u00edtka ako v PP01. Ale demont\u00e1\u017e hmatn\u00edku EOLu dok\u00e1zala, \u017ee je to tak. Potvrdilo sa, \u017ee s\u00fa tam navlas rovnak\u00e9 telef\u00f3nne tla\u010d\u00edtka. Akur\u00e1t sa zdaj\u00fa m\u00e4k\u0161ie na stla\u010denie, ak ich m\u00e1 \u010dlovek v ruke oproti tomu ke\u010f s\u00fa osaden\u00e9 na plo\u0161nom spoji. D\u00f4vodom je zrejme protitlak ukazov\u00e1ka a prostredn\u00edka pri stla\u010den\u00ed palcom.<\/p>\n\n\n\n<figure class=\"wp-block-image\"><img loading=\"lazy\" decoding=\"async\" width=\"973\" height=\"768\" src=\"https:\/\/sindik.at\/wp-content\/uploads\/2019\/05\/PMD85_umelecke.jpg\" alt=\"\" class=\"wp-image-930589\" srcset=\"https:\/\/sindik.at\/wp-content\/uploads\/2019\/05\/PMD85_umelecke.jpg 973w, https:\/\/sindik.at\/wp-content\/uploads\/2019\/05\/PMD85_umelecke-300x237.jpg 300w, https:\/\/sindik.at\/wp-content\/uploads\/2019\/05\/PMD85_umelecke-768x606.jpg 768w, https:\/\/sindik.at\/wp-content\/uploads\/2019\/05\/PMD85_umelecke-380x300.jpg 380w\" sizes=\"auto, (max-width: 973px) 100vw, 973px\" \/><\/figure>\n\n\n\n<p>Asi najviac n\u00e1m dala zabra\u0165 LED \u017eiarovka s 252 di\u00f3dami. Niektor\u00e9 segmenty nesvietili, tak sme ich podrobili in\u0161pekcii a identifikovali zdroje probl\u00e9mov. Vymenili sme 2 LEDky za nie\u010do zo \u0161ufl\u00edkov\u00fdch z\u00e1sob &#8211; za jednu zelen\u00fa a jednu infra\u010derven\u00e1. Biele LED som mal toti\u017e iba v SMD vyhotoven\u00ed a aj to zaletovan\u00e9 na doske. <\/p>\n\n\n\n<figure class=\"wp-block-image\"><img loading=\"lazy\" decoding=\"async\" width=\"1024\" height=\"607\" src=\"https:\/\/sindik.at\/wp-content\/uploads\/2019\/05\/ziarovka_1-1024x607.jpg\" alt=\"\" class=\"wp-image-930586\" srcset=\"https:\/\/sindik.at\/wp-content\/uploads\/2019\/05\/ziarovka_1.jpg 1024w, https:\/\/sindik.at\/wp-content\/uploads\/2019\/05\/ziarovka_1-300x178.jpg 300w, https:\/\/sindik.at\/wp-content\/uploads\/2019\/05\/ziarovka_1-768x455.jpg 768w, https:\/\/sindik.at\/wp-content\/uploads\/2019\/05\/ziarovka_1-500x296.jpg 500w\" sizes=\"auto, (max-width: 1024px) 100vw, 1024px\" \/><\/figure>\n\n\n\n<p>\n\nMedzit\u00fdm sme pomerali aj kondenz\u00e1tory a di\u00f3dy, tak\u017ee svoje vyu\u017eitie na\u0161iel aj AVR LCR meter rovno v dvoch vyhotoveniach, ktor\u00e9 sa mi pova\u013euj\u00fa po dielni.\n\n<\/p>\n\n\n\n<figure class=\"wp-block-image\"><img loading=\"lazy\" decoding=\"async\" width=\"878\" height=\"419\" src=\"https:\/\/sindik.at\/wp-content\/uploads\/2019\/05\/testery.jpg\" alt=\"\" class=\"wp-image-930585\" srcset=\"https:\/\/sindik.at\/wp-content\/uploads\/2019\/05\/testery.jpg 878w, https:\/\/sindik.at\/wp-content\/uploads\/2019\/05\/testery-300x143.jpg 300w, https:\/\/sindik.at\/wp-content\/uploads\/2019\/05\/testery-768x367.jpg 768w, https:\/\/sindik.at\/wp-content\/uploads\/2019\/05\/testery-500x239.jpg 500w\" sizes=\"auto, (max-width: 878px) 100vw, 878px\" \/><\/figure>\n\n\n\n<p>Ffg sa tie\u017e pokochal Luk\u00e1\u0161ov\u00fdm dielkom &#8211; sympatick\u00fdm prenosn\u00fdm nap\u00e1jac\u00edm zdrojom 0-30V s plynulou regul\u00e1ciou nap\u00e4tia a pr\u00fadu. Zdroj je uzavret\u00fd v 3D tla\u010denej krabi\u010dke a profi predn\u00fd panel je zhotoven\u00fd z dosky plo\u0161n\u00fdch spojov s elegantnou zelenou maskou.<\/p>\n\n\n\n<figure class=\"wp-block-image\"><img loading=\"lazy\" decoding=\"async\" width=\"1024\" height=\"768\" src=\"https:\/\/sindik.at\/wp-content\/uploads\/2019\/05\/obed_1-1024x768.jpg\" alt=\"\" class=\"wp-image-930583\" srcset=\"https:\/\/sindik.at\/wp-content\/uploads\/2019\/05\/obed_1.jpg 1024w, https:\/\/sindik.at\/wp-content\/uploads\/2019\/05\/obed_1-300x225.jpg 300w, https:\/\/sindik.at\/wp-content\/uploads\/2019\/05\/obed_1-768x576.jpg 768w, https:\/\/sindik.at\/wp-content\/uploads\/2019\/05\/obed_1-400x300.jpg 400w\" sizes=\"auto, (max-width: 1024px) 100vw, 1024px\" \/><\/figure>\n\n\n\n<figure class=\"wp-block-image\"><img loading=\"lazy\" decoding=\"async\" width=\"1024\" height=\"768\" src=\"https:\/\/sindik.at\/wp-content\/uploads\/2019\/05\/obed_2-1024x768.jpg\" alt=\"\" class=\"wp-image-930582\" srcset=\"https:\/\/sindik.at\/wp-content\/uploads\/2019\/05\/obed_2.jpg 1024w, https:\/\/sindik.at\/wp-content\/uploads\/2019\/05\/obed_2-300x225.jpg 300w, https:\/\/sindik.at\/wp-content\/uploads\/2019\/05\/obed_2-768x576.jpg 768w, https:\/\/sindik.at\/wp-content\/uploads\/2019\/05\/obed_2-400x300.jpg 400w\" sizes=\"auto, (max-width: 1024px) 100vw, 1024px\" \/><\/figure>\n\n\n\n<p>Obed sme si dali pekne na terase. Tentokr\u00e1t to bola dom\u00e1ca svie\u010dkov\u00e1 z dielne mojej gazdinej. Tesne pred n\u00edm sa k n\u00e1m pripojil aj Loki, ale ponuku obedova\u0165 taktne odmietol, lebo ho vraj dobre nak\u0155mili v \u0161k\u00f4lke, kde bol predt\u00fdm na brig\u00e1de. Tak si s nami aspo\u0148 posedel.<\/p>\n\n\n\n<figure class=\"wp-block-image\"><img loading=\"lazy\" decoding=\"async\" width=\"1024\" height=\"768\" src=\"https:\/\/sindik.at\/wp-content\/uploads\/2019\/05\/ffg-1024x768.jpg\" alt=\"\" class=\"wp-image-930581\" srcset=\"https:\/\/sindik.at\/wp-content\/uploads\/2019\/05\/ffg.jpg 1024w, https:\/\/sindik.at\/wp-content\/uploads\/2019\/05\/ffg-300x225.jpg 300w, https:\/\/sindik.at\/wp-content\/uploads\/2019\/05\/ffg-768x576.jpg 768w, https:\/\/sindik.at\/wp-content\/uploads\/2019\/05\/ffg-400x300.jpg 400w\" sizes=\"auto, (max-width: 1024px) 100vw, 1024px\" \/><\/figure>\n\n\n\n<figure class=\"wp-block-image\"><img loading=\"lazy\" decoding=\"async\" width=\"1024\" height=\"609\" src=\"https:\/\/sindik.at\/wp-content\/uploads\/2019\/05\/ziarovka_2-1024x609.jpg\" alt=\"\" class=\"wp-image-930584\" srcset=\"https:\/\/sindik.at\/wp-content\/uploads\/2019\/05\/ziarovka_2-1024x609.jpg 1024w, https:\/\/sindik.at\/wp-content\/uploads\/2019\/05\/ziarovka_2-300x178.jpg 300w, https:\/\/sindik.at\/wp-content\/uploads\/2019\/05\/ziarovka_2-768x457.jpg 768w, https:\/\/sindik.at\/wp-content\/uploads\/2019\/05\/ziarovka_2-500x297.jpg 500w, https:\/\/sindik.at\/wp-content\/uploads\/2019\/05\/ziarovka_2.jpg 1207w\" sizes=\"auto, (max-width: 1024px) 100vw, 1024px\" \/><\/figure>\n\n\n\n<p>Po obede ffg zmontoval \u017eiarovku do takej podoby ako ju doniesol, ale st\u00e1le mu zop\u00e1r \u0161r\u00f3bikov ch\u00fdbalo, tak\u017ee bol n\u00faten\u00fd skompletovanie odlo\u017ei\u0165 a\u017e na doma.<br><\/p>\n\n\n\n<figure class=\"wp-block-image\"><img loading=\"lazy\" decoding=\"async\" width=\"1024\" height=\"736\" src=\"https:\/\/sindik.at\/wp-content\/uploads\/2019\/05\/FUZE-1024x736.jpg\" alt=\"\" class=\"wp-image-930588\" srcset=\"https:\/\/sindik.at\/wp-content\/uploads\/2019\/05\/FUZE.jpg 1024w, https:\/\/sindik.at\/wp-content\/uploads\/2019\/05\/FUZE-300x216.jpg 300w, https:\/\/sindik.at\/wp-content\/uploads\/2019\/05\/FUZE-768x552.jpg 768w, https:\/\/sindik.at\/wp-content\/uploads\/2019\/05\/FUZE-417x300.jpg 417w\" sizes=\"auto, (max-width: 1024px) 100vw, 1024px\" \/><\/figure>\n\n\n\n<p>Chv\u00ed\u013eu sme sa pohrali aj s nov\u00fdm pr\u00edrastkom zak\u00fapen\u00fdm v Centre for Computing History, Cambridge, UK s n\u00e1zvom FUZE. V \u00fatrob\u00e1ch tejto konkr\u00e9tnej verzia sa skr\u00fdva Asus Tinkerboard s 2GB RAM a chutn\u00e1 mal\u00e1 USB kl\u00e1vesnica vo farebnej \u00faprave tla\u010d\u00edtok ako m\u00e1 BBC Mico. Cel\u00e1 zostava je uzavret\u00e1 v krabi\u010dke z tenk\u00e9ho plechu. Z jej povrchovej \u00fapravy \u010dlovek nadobudne pocit, \u017ee sa pohybuje niekde medzi BBC Micro a IQ-151. Mne osobne sa tento mohutn\u00fd a trv\u00e1cny dizajn naozaj p\u00e1\u010di.<\/p>\n\n\n\n<figure class=\"wp-block-image\"><img loading=\"lazy\" decoding=\"async\" width=\"1024\" height=\"768\" src=\"https:\/\/sindik.at\/wp-content\/uploads\/2019\/05\/inside_FUZE-1024x768.jpg\" alt=\"\" class=\"wp-image-930580\" srcset=\"https:\/\/sindik.at\/wp-content\/uploads\/2019\/05\/inside_FUZE.jpg 1024w, https:\/\/sindik.at\/wp-content\/uploads\/2019\/05\/inside_FUZE-300x225.jpg 300w, https:\/\/sindik.at\/wp-content\/uploads\/2019\/05\/inside_FUZE-768x576.jpg 768w, https:\/\/sindik.at\/wp-content\/uploads\/2019\/05\/inside_FUZE-400x300.jpg 400w\" sizes=\"auto, (max-width: 1024px) 100vw, 1024px\" \/><\/figure>\n\n\n\n<figure class=\"wp-block-image\"><img loading=\"lazy\" decoding=\"async\" width=\"885\" height=\"1024\" src=\"https:\/\/sindik.at\/wp-content\/uploads\/2019\/05\/zatisie_s_FUZE-885x1024.jpg\" alt=\"\" class=\"wp-image-930579\" srcset=\"https:\/\/sindik.at\/wp-content\/uploads\/2019\/05\/zatisie_s_FUZE-885x1024.jpg 885w, https:\/\/sindik.at\/wp-content\/uploads\/2019\/05\/zatisie_s_FUZE-259x300.jpg 259w, https:\/\/sindik.at\/wp-content\/uploads\/2019\/05\/zatisie_s_FUZE-768x889.jpg 768w, https:\/\/sindik.at\/wp-content\/uploads\/2019\/05\/zatisie_s_FUZE.jpg 1024w\" sizes=\"auto, (max-width: 885px) 100vw, 885px\" \/><\/figure>\n\n\n\n<p>Z rozlo\u017een\u00fdch vec\u00ed n\u00e1m zostal e\u0161te 10\u201d tablet, ktor\u00e9mu nakoniec sta\u010dilo pritla\u010di\u0165 displejov\u00fd konektor, aby nie\u010do za\u010dal zobrazova\u0165. Oprava trvala dokopy asi dve min\u00faty.<\/p>\n\n\n\n<figure class=\"wp-block-image\"><img loading=\"lazy\" decoding=\"async\" width=\"1024\" height=\"768\" src=\"https:\/\/sindik.at\/wp-content\/uploads\/2019\/05\/mikroskopiada-1024x768.jpg\" alt=\"\" class=\"wp-image-930578\" srcset=\"https:\/\/sindik.at\/wp-content\/uploads\/2019\/05\/mikroskopiada.jpg 1024w, https:\/\/sindik.at\/wp-content\/uploads\/2019\/05\/mikroskopiada-300x225.jpg 300w, https:\/\/sindik.at\/wp-content\/uploads\/2019\/05\/mikroskopiada-768x576.jpg 768w, https:\/\/sindik.at\/wp-content\/uploads\/2019\/05\/mikroskopiada-400x300.jpg 400w\" sizes=\"auto, (max-width: 1024px) 100vw, 1024px\" \/><\/figure>\n\n\n\n<p>Na in\u0161pekciu drobot\u00edn na dosk\u00e1ch je dobr\u00fd aj \u0161ikovn\u00fd stereo mikroskop, tak sme si ho pre istotu vybrali z krabice a pohrali sa s n\u00edm, ale nakoniec ho nebolo treba na ni\u010d konkr\u00e9tne pou\u017ei\u0165.<\/p>\n\n\n\n<p>Na z\u00e1ver som ffg zviezol na pezinsk\u00e9 n\u00e1mestie odkia\u013e mal lep\u0161\u00ed spoj do Bratislavy ako z Polesia. Na priamy spoj, ktor\u00fd odtia\u013e kedysi jazdil u\u017e m\u00f4\u017eeme len spom\u00edna\u0165.<\/p>\n\n\n\n<p>V j\u00fani n\u00e1s \u010dak\u00e1 v\u00fdjazdovka do Doln\u00ed Radechov\u00e9, tak uvid\u00edme kedy sa najbli\u017e\u0161ie uvid\u00edme \ud83d\ude09<br>\/ikon<br><\/p>\n\n\n\n<p><br><\/p>\n","protected":false},"excerpt":{"rendered":"<p>Toto komorn\u00e9 stretnutie zaznamenalo nakoniec iba troch \u00fa\u010dastn\u00edkov.<\/p>\n","protected":false},"author":1,"featured_media":0,"comment_status":"open","ping_status":"open","sticky":false,"template":"","format":"standard","meta":{"jetpack_post_was_ever_published":false,"_jetpack_newsletter_access":"","_jetpack_dont_email_post_to_subs":false,"_jetpack_newsletter_tier_id":0,"_jetpack_memberships_contains_paywalled_content":false,"_jetpack_memberships_contains_paid_content":false,"footnotes":"","jetpack_publicize_message":"","jetpack_publicize_feature_enabled":true,"jetpack_social_post_already_shared":true,"jetpack_social_options":{"image_generator_settings":{"template":"highway","default_image_id":0,"font":"","enabled":false},"version":2}},"categories":[7],"tags":[],"class_list":["post-930595","post","type-post","status-publish","format-standard","hentry","category-tema-4-stretnutia-php"],"jetpack_publicize_connections":[],"jetpack_featured_media_url":"","jetpack_sharing_enabled":true,"jetpack_shortlink":"https:\/\/wp.me\/p5aqy8-3U5B","jetpack_likes_enabled":true,"jetpack-related-posts":[],"_links":{"self":[{"href":"https:\/\/sindik.at\/index.php?rest_route=\/wp\/v2\/posts\/930595","targetHints":{"allow":["GET"]}}],"collection":[{"href":"https:\/\/sindik.at\/index.php?rest_route=\/wp\/v2\/posts"}],"about":[{"href":"https:\/\/sindik.at\/index.php?rest_route=\/wp\/v2\/types\/post"}],"author":[{"embeddable":true,"href":"https:\/\/sindik.at\/index.php?rest_route=\/wp\/v2\/users\/1"}],"replies":[{"embeddable":true,"href":"https:\/\/sindik.at\/index.php?rest_route=%2Fwp%2Fv2%2Fcomments&post=930595"}],"version-history":[{"count":2,"href":"https:\/\/sindik.at\/index.php?rest_route=\/wp\/v2\/posts\/930595\/revisions"}],"predecessor-version":[{"id":930597,"href":"https:\/\/sindik.at\/index.php?rest_route=\/wp\/v2\/posts\/930595\/revisions\/930597"}],"wp:attachment":[{"href":"https:\/\/sindik.at\/index.php?rest_route=%2Fwp%2Fv2%2Fmedia&parent=930595"}],"wp:term":[{"taxonomy":"category","embeddable":true,"href":"https:\/\/sindik.at\/index.php?rest_route=%2Fwp%2Fv2%2Fcategories&post=930595"},{"taxonomy":"post_tag","embeddable":true,"href":"https:\/\/sindik.at\/index.php?rest_route=%2Fwp%2Fv2%2Ftags&post=930595"}],"curies":[{"name":"wp","href":"https:\/\/api.w.org\/{rel}","templated":true}]}}