{"id":930522,"date":"2019-03-18T20:23:34","date_gmt":"2019-03-18T19:23:34","guid":{"rendered":"https:\/\/sindik.at\/?p=930522"},"modified":"2019-03-19T14:39:01","modified_gmt":"2019-03-19T13:39:01","slug":"marcove-stretnutie-3","status":"publish","type":"post","link":"https:\/\/sindik.at\/?p=930522","title":{"rendered":"Marcov\u00e9 stretnutie"},"content":{"rendered":"\n<p>Po ve\u013emi \u00faspe\u0161nom 20. ro\u010dn\u00edku Foreveru by sme si zorganizovali tak\u00fa men\u0161iu after p\u00e1rty u\u017e t\u00fato sobotu 23.3.<\/p>\n\n\n\n<!--more-->\n\n\n\n<p>Miesto zost\u00e1va nezmenen\u00e9 &#8211; diel\u0148a v Pezinku, ale \u010das za\u010diatku trochu uprav\u00edme vzh\u013eadom na burzu na Vajnorskej za\u010dneme o hodinku nesk\u00f4r &#8211; o 10:30. Predpoklad\u00e1m, \u017ee tak\u00fa hojn\u00fa \u00fa\u010das\u0165 ako predch\u00e1dzaj\u00faci v\u00edkend v Hornej S\u00fa\u010di o\u010dak\u00e1va\u0165 nem\u00f4\u017eeme, ale obdivujem chalanov organiz\u00e1torov ako to tam dok\u00e1zali zvl\u00e1dnu\u0165. V podmienkach dom\u00e1cej dielne je ledva realizovate\u013en\u00e1 desatina.<\/p>\n\n\n\n<p>Te\u0161\u00edm sa na v\u00e1s,<br>Ikon<\/p>\n","protected":false},"excerpt":{"rendered":"<p>Po ve\u013emi \u00faspe\u0161nom 20. ro\u010dn\u00edku Foreveru by sme si zorganizovali tak\u00fa men\u0161iu after p\u00e1rty u\u017e t\u00fato sobotu 23.3.<\/p>\n","protected":false},"author":1,"featured_media":0,"comment_status":"open","ping_status":"open","sticky":false,"template":"","format":"standard","meta":{"jetpack_post_was_ever_published":false,"_jetpack_newsletter_access":"","_jetpack_dont_email_post_to_subs":false,"_jetpack_newsletter_tier_id":0,"_jetpack_memberships_contains_paywalled_content":false,"_jetpack_memberships_contains_paid_content":false,"footnotes":"","jetpack_publicize_message":"","jetpack_publicize_feature_enabled":true,"jetpack_social_post_already_shared":true,"jetpack_social_options":{"image_generator_settings":{"template":"highway","default_image_id":0,"font":"","enabled":false},"version":2}},"categories":[7],"tags":[],"class_list":["post-930522","post","type-post","status-publish","format-standard","hentry","category-tema-4-stretnutia-php"],"jetpack_publicize_connections":[],"jetpack_featured_media_url":"","jetpack_sharing_enabled":true,"jetpack_shortlink":"https:\/\/wp.me\/p5aqy8-3U4q","jetpack_likes_enabled":true,"jetpack-related-posts":[],"_links":{"self":[{"href":"https:\/\/sindik.at\/index.php?rest_route=\/wp\/v2\/posts\/930522","targetHints":{"allow":["GET"]}}],"collection":[{"href":"https:\/\/sindik.at\/index.php?rest_route=\/wp\/v2\/posts"}],"about":[{"href":"https:\/\/sindik.at\/index.php?rest_route=\/wp\/v2\/types\/post"}],"author":[{"embeddable":true,"href":"https:\/\/sindik.at\/index.php?rest_route=\/wp\/v2\/users\/1"}],"replies":[{"embeddable":true,"href":"https:\/\/sindik.at\/index.php?rest_route=%2Fwp%2Fv2%2Fcomments&post=930522"}],"version-history":[{"count":2,"href":"https:\/\/sindik.at\/index.php?rest_route=\/wp\/v2\/posts\/930522\/revisions"}],"predecessor-version":[{"id":930525,"href":"https:\/\/sindik.at\/index.php?rest_route=\/wp\/v2\/posts\/930522\/revisions\/930525"}],"wp:attachment":[{"href":"https:\/\/sindik.at\/index.php?rest_route=%2Fwp%2Fv2%2Fmedia&parent=930522"}],"wp:term":[{"taxonomy":"category","embeddable":true,"href":"https:\/\/sindik.at\/index.php?rest_route=%2Fwp%2Fv2%2Fcategories&post=930522"},{"taxonomy":"post_tag","embeddable":true,"href":"https:\/\/sindik.at\/index.php?rest_route=%2Fwp%2Fv2%2Ftags&post=930522"}],"curies":[{"name":"wp","href":"https:\/\/api.w.org\/{rel}","templated":true}]}}