{"id":930458,"date":"2019-02-10T00:21:55","date_gmt":"2019-02-09T23:21:55","guid":{"rendered":"https:\/\/sindik.at\/?p=930458"},"modified":"2019-02-10T00:23:31","modified_gmt":"2019-02-09T23:23:31","slug":"prca-2019","status":"publish","type":"post","link":"https:\/\/sindik.at\/?p=930458","title":{"rendered":"Pr\u010da 2019"},"content":{"rendered":"\n<p>Len tak\u00e1 mal\u00e1 netechnick\u00e1 \u00favaha o byt\u00ed a \u00falohe umenia v \u017eivote \u010dloveka. Zrejme nezaujme toho kto tu h\u013ead\u00e1 technick\u00e9 \u010dl\u00e1nky.<\/p>\n\n\n\n<!--more-->\n\n\n\n<p>\u013dudia \u010do sa to\u010dia okolo obstaro\u017en\u00fdch po\u010d\u00edta\u010dov sa \u010dastokr\u00e1t s\u0165a\u0165uj\u00fa \u010do ich dnes nasralo, pr\u00edpadne v n\u00e1hodn\u00fdch a \u010doraz menej \u010dast\u00fdch chv\u00ed\u013ekach spom\u00ednaj\u00fa na to \u010do ich kedy pobavilo, ale ja by som sa chcel takto verejne op\u00fdta\u0165, \u010do ste dnes urobili len tak z pr\u010de?<br><\/p>\n\n\n\n<p>Ono sa ten v\u00fdraz \u0165a\u017eko preklad\u00e1 do in\u00fdch jazykov, proste pr\u010da nie je \u00faplne be\u017en\u00e1 z\u00e1bava, plez\u00edr, zvidite\u013enovanie sa ani v\u0161adepr\u00edtomn\u00fd \u201cmoaning\u201d a \u201chating\u201d. Pr\u010da je preto aby bola. A kto u\u017e zabudol \u010do to je, mal by sa trochu obzrie\u0165 do minulosti \u010do to vlastne obn\u00e1\u0161alo, ke\u010f boli dni kedy bolo pr\u010de ne\u00farekom.<\/p>\n\n\n\n<p>A ja som si takto z pr\u010de zahv\u00edzdal na ostatnej nemenovanej demop\u00e1rty, ktor\u00e1 sa konala minul\u00fd v\u00edkend v Bratislave. Nebol som jedin\u00fd, kto tak urobil a ke\u010f bol jednoducho d\u00f4vod, tak som neodolal a vyu\u017eil ho, aby som zn\u00e1sobil ten pocit, ktor\u00fd vlastne \u0165a\u017eko op\u00edsa\u0165, ale ka\u017ed\u00fd, \u010do sa nejakej pr\u010de z\u00fa\u010dastnil vie o \u010dom hovor\u00edm. Bol som v\u0161ak ohriaknut\u00fd, \u017ee \u010do si to dovo\u013eujem. Tu je predsa v\u0161etko \u00faplne v\u00e1\u017ene a umeleck\u00e9. Vraj kv\u00f4li mne nie je po\u010du\u0165 ak\u00e1 hudba hr\u00e1. Predpoklad\u00e1m, \u017ee m\u00f4j dvojsekundov\u00fd hvizd \u0165a\u017eko prehlu\u0161il 120 dB a o tri rady \u010falej nikto nemal probl\u00e9m po\u010du\u0165 kompletn\u00e9 umeleck\u00e9 dielo, ktor\u00e9 be\u017ealo na pl\u00e1tne a z repr\u00e1kov. Nu\u017e som sa nad sebou zamyslel a odobral rad\u0161ej k baru da\u0165 si nejak\u00fd drink. Demo \u010das\u0165 pre m\u0148a skon\u010dila, zato za\u010dala t\u00e1 druh\u00e1 \u010das\u0165 zvan\u00e1 p\u00e1rty. Nane\u0161\u0165astie a\u017e teraz ch\u00e1pem pre\u010do je slovn\u00e9 spojenie vlastne zlo\u017een\u00e9 z dvoch slov &#8211; demo a p\u00e1rty.<\/p>\n\n\n\n<p>Na jednej strane mi je \u013e\u00fato, \u017ee som bol vyhnan\u00fd z demo-raja hoc som nebol jedin\u00fd \u010do zhre\u0161il. Na strane druhej som nesmierne r\u00e1d, \u017ee som mal mo\u017enos\u0165 spozna\u0165 \u013eud\u00ed, ktor\u00ed vytvorili a pon\u00fakli svoje diela pre ocenenia (@Erik Binder) alebo so samotn\u00fdmi demomakermi, ktor\u00ed svoje veci poznaj\u00fa a nepotrebovali sedie\u0165 pred pl\u00e1tnom. Tento barov\u00fd \u201cbackstage\u201d sa najprv zdal by\u0165 pre \u201coutsiderov\u201d, ale nakoniec tam bola vlastne smot\u00e1nka, ktor\u00fa by som nespoznal neby\u0165 toho napomenutia organiz\u00e1torky.<br><\/p>\n\n\n\n<p>Slovami klasika resp. oboch klasikov L&amp;S \u201cUmenie m\u00e1 \u010dloveka skr\u00e1s\u0148ova\u0165\u201d. Hoci som nemal mo\u017enos\u0165 pozrie\u0165 si ve\u013ek\u00fa \u010das\u0165 tvorby na\u017eivo, dnes m\u00e1me \u0161ancu pozera\u0165 veci zo z\u00e1znamu \u010di na YT. A tak h\u00e1dam budem \u201cskr\u00e1snen\u00fd\u201d s oneskoren\u00edm, ale ve\u013emi si cen\u00edm, \u017ee som videl, spoznal a op\u00e1\u010dil \u013eud\u00ed z \u201cpodsvetia\u201d \u010do by sa mi v \u017eiari projektora nepodarilo. Ruku na srdce, mysl\u00edte si, \u017ee cena \u201cArtistic Jury\u201d bola zvolen\u00e1 spr\u00e1vne? Pravdupovediac som r\u00e1d, \u017ee som ten pr\u00edspevok po\u010d\u00faval len spoza zavret\u00fdch dver\u00ed, na\u0161\u0165astie som v\u010das odi\u0161iel\u2026<br><\/p>\n\n\n\n<p>Napriem mojim &#8211; v danom \u010dase &#8211; zmie\u0161an\u00fdm pocitom bola samotn\u00e1 demop\u00e1rty op\u00e4\u0165 zorganizovan\u00e1 profesion\u00e1lne a v\u0161etk\u00fdm zainteresovan\u00fdm chcem vyjadri\u0165 m\u00f4j obdiv a v\u010faku za to, \u017ee sa im to podarilo.<\/p>\n\n\n\n<p>&lt;\/v\u00fdlev&gt;<br><\/p>\n\n\n\n<p>\/ikon<br><\/p>\n","protected":false},"excerpt":{"rendered":"<p>Len tak\u00e1 mal\u00e1 netechnick\u00e1 \u00favaha o byt\u00ed a \u00falohe umenia v \u017eivote \u010dloveka. Zrejme nezaujme toho kto tu h\u013ead\u00e1 technick\u00e9 \u010dl\u00e1nky.<\/p>\n","protected":false},"author":1,"featured_media":0,"comment_status":"open","ping_status":"open","sticky":false,"template":"","format":"standard","meta":{"jetpack_post_was_ever_published":false,"_jetpack_newsletter_access":"","_jetpack_dont_email_post_to_subs":false,"_jetpack_newsletter_tier_id":0,"_jetpack_memberships_contains_paywalled_content":false,"_jetpack_memberships_contains_paid_content":false,"footnotes":"","jetpack_publicize_message":"","jetpack_publicize_feature_enabled":true,"jetpack_social_post_already_shared":true,"jetpack_social_options":{"image_generator_settings":{"template":"highway","default_image_id":0,"font":"","enabled":false},"version":2}},"categories":[4],"tags":[],"class_list":["post-930458","post","type-post","status-publish","format-standard","hentry","category-tema-1-info-php"],"jetpack_publicize_connections":[],"jetpack_featured_media_url":"","jetpack_sharing_enabled":true,"jetpack_shortlink":"https:\/\/wp.me\/p5aqy8-3U3o","jetpack_likes_enabled":true,"jetpack-related-posts":[],"_links":{"self":[{"href":"https:\/\/sindik.at\/index.php?rest_route=\/wp\/v2\/posts\/930458","targetHints":{"allow":["GET"]}}],"collection":[{"href":"https:\/\/sindik.at\/index.php?rest_route=\/wp\/v2\/posts"}],"about":[{"href":"https:\/\/sindik.at\/index.php?rest_route=\/wp\/v2\/types\/post"}],"author":[{"embeddable":true,"href":"https:\/\/sindik.at\/index.php?rest_route=\/wp\/v2\/users\/1"}],"replies":[{"embeddable":true,"href":"https:\/\/sindik.at\/index.php?rest_route=%2Fwp%2Fv2%2Fcomments&post=930458"}],"version-history":[{"count":3,"href":"https:\/\/sindik.at\/index.php?rest_route=\/wp\/v2\/posts\/930458\/revisions"}],"predecessor-version":[{"id":930461,"href":"https:\/\/sindik.at\/index.php?rest_route=\/wp\/v2\/posts\/930458\/revisions\/930461"}],"wp:attachment":[{"href":"https:\/\/sindik.at\/index.php?rest_route=%2Fwp%2Fv2%2Fmedia&parent=930458"}],"wp:term":[{"taxonomy":"category","embeddable":true,"href":"https:\/\/sindik.at\/index.php?rest_route=%2Fwp%2Fv2%2Fcategories&post=930458"},{"taxonomy":"post_tag","embeddable":true,"href":"https:\/\/sindik.at\/index.php?rest_route=%2Fwp%2Fv2%2Ftags&post=930458"}],"curies":[{"name":"wp","href":"https:\/\/api.w.org\/{rel}","templated":true}]}}