{"id":930433,"date":"2018-12-04T10:10:22","date_gmt":"2018-12-04T09:10:22","guid":{"rendered":"https:\/\/sindik.at\/?p=930433"},"modified":"2018-12-04T10:10:22","modified_gmt":"2018-12-04T09:10:22","slug":"zapisky-12-2018","status":"publish","type":"post","link":"https:\/\/sindik.at\/?p=930433","title":{"rendered":"Z\u00e1pisky 12\/2018"},"content":{"rendered":"<p>Decembrov\u00e9 stretnutie prebiehalo op\u00e4\u0165 na dvoch frontoch, tentokr\u00e1t sa v\u0161ak neza\u010d\u00ednalo na burze, ale na v\u00fdstave 3D Expo, kde v\u010faka Ik0novej inicat\u00edve mal SinDiKAT st\u00e1nok.<!--more--><\/p>\n<p>Ke\u010f\u017ee Ik0n s Du\u0161kym h\u00e1jili farby v st\u00e1nku, \u0161tart v klubovni odsunul a\u017e k obed\u0148aj\u0161\u00edm hodin\u00e1m. Celkom to vyhovovalo aj faktu, \u017ee som mal cestou do Pezinka v Trnave vyzdvihn\u00fa\u0165 mborika, ktor\u00fd ohl\u00e1sil pr\u00edchod a\u017e pred obedom, preto\u017ee v \u010dasovej m\u00fdlke nechtiac nasadol a\u017e na neskor\u0161\u00ed vlak. Ke\u010f\u017ee som mal zrazu hodinu navy\u0161e, zvolil som zabitie \u010dasu n\u00e1kupom oleja (rozumej sudovej P\u00e1lavy) pre Ik0na a Du\u0161kyho, a zaobstaran\u00edm kuracej a te\u013eacej zeleniny v Bille, za \u00fa\u010delom zas\u00fdtenia z\u00fa\u010dastnen\u00fdch.<\/p>\n<p>Po pr\u00edchode do klubovne a kr\u00e1tkom zv\u00edtan\u00ed sme sa hne\u010f vrhli na proviant, \u010doho v\u00fdsledkom bol bonus (tanier kost\u00ed) pre Ik0novho dom\u00e1ceho mazn\u00e1ka Eda. N\u00e1sledne ma Ik0n hne\u010f obla\u017eil krabicou s\u00fa\u010diastok pre Harlequina 128, tak\u017ee som najbli\u017e\u0161iu hodinku popolu\u0161koval a triedil. Mborik sa u\u017e tradi\u010dne rozlo\u017eil so svojim Speccy2010 i jal sa uk\u00e1za\u0165 n\u00e1m pokroky vo firmware. Asi najviac n\u00e1s zaujal fakt, \u017ee tot\u00e1lne prekopal obsah FPGA a ak v\u0161etko p\u00f4jde ako je pl\u00e1novan\u00e9, Speccy2010 bude ma\u0165 nielen korektn\u00e9 \u010dasovanie, ale aj plno \u010fal\u0161\u00edch vychyt\u00e1vok (napr. debugger). Dr\u017e\u00edme palce nech sa v\u0161etko podar\u00ed.<\/p>\n<p>Ke\u010f som odpopolu\u0161koval s\u00fa\u010diastky, za\u010dal som realizova\u0165 svoj hlavn\u00fd pl\u00e1n &#8211; upravi\u0165 Z88 na 512k SRAM a 128k FLASHROM (pr\u00edpadne 512k). Prv\u00fd krok je pipla\u010dka. Treba vybra\u0165 p\u00f4vodn\u00fa 32k ROM a 32k RAM, \u010do sa nezaob\u00edde bez ods\u00e1va\u010dky a vyfukova\u010dky. Na\u0161\u0165astie v klubovni oboje m\u00e1me, tak\u017ee \u00fakon bol zrealizovan\u00fd bez zbyto\u010dn\u00fdch opleta\u010diek. N\u00e1sledne treba osadi\u0165 p\u00e4tice a upravi\u0165 plo\u0161\u00e1k. Ke\u010f\u017ee \u010dasu bolo m\u00e1lo, stihol som len osadi\u0165 p\u00e4tice a upravi\u0165 spoje pre 512k SRAM. ROMku som zatia\u013e osadil do p\u00e4tice p\u00f4vodn\u00fa, lebo som jednak chcel najprv odsk\u00fa\u0161a\u0165 SRAM a druhak som si zabudol zobra\u0165 AM29F010, ktor\u00fa som pl\u00e1noval osadi\u0165. Tak\u017ee som po zlo\u017een\u00ed spustil Diary, kl\u00e1vesov\u00e9 kombo diamond, E, M, F a hur\u00e1, Z88 sa p\u00fd\u0161i 512k SRAMkou. V\u00e4\u010d\u0161iu ROMku dobastl\u00edm inokedy.<\/p>\n<p>Niekde po\u010das toho sa objavil aj komodorista Loki, ktor\u00fd n\u00e1s pri\u0161iel pozrie\u0165 a nasa\u0165 atmosf\u00e9ru, len neviem \u010di odch\u00e1dzal spokojn\u00fd, lebo sme si dos\u0165 necitlivo robili srandu z C64 \ud83d\ude42 Ka\u017edop\u00e1dne Mborik ho zahrnul inform\u00e1ciami a uk\u00e1\u017ekami o Speccy2010 a Spectre ako takom, tak to h\u00e1dam vyv\u00e1\u017eilo to naoko nepriate\u013esk\u00e9 po\u0161tuchovanie. Na skok sa objavil aj Dano, ktor\u00fd si len pri\u0161iel vyzdvihn\u00fa\u0165 r\u00f4zne z\u00e1kazky, ktor\u00e9 sme mu robili a hne\u010f utekal \u010falej.<\/p>\n<p>Tesne pred koncom som e\u0161te stihol upravi\u0165 na 512k SRAM aj Ik0nove Z88, tak\u017ee som bol napriek kr\u00e1tkosti \u010dasu pomerne plodn\u00fd. Cel\u00fd \u010das sme samozrejme z\u00e1rove\u0148 aj debatili a brainstormovali, tak\u017ee \u010das sa naozaj r\u00fdchlo vy\u010derpal. Zbalili sme sa naozaj r\u00fdchlo a rozi\u0161li sme sa op\u00e4\u0165 na dve strany.\u00a0 Ja s mborikom smer Trnava na vlak a Ikon s Du\u0161kym i\u0161li zabali\u0165 st\u00e1nok na 3D Expo.<\/p>\n<p>Stretnutie bolo tentokr\u00e1t trocha krat\u0161ie, ale v\u00fd\u017eivn\u00e9 bolo dostato\u010dne, tak\u017ee som nemal pocit, \u017ee by mu nie\u010do ch\u00fdbalo, hoci som nestihol \u00faplne v\u0161etko, \u010do som chcel. Moje Z88 tak mus\u00ed vydr\u017ea\u0165 do najbli\u017eieho stretnutia, kde dokon\u010d\u00edm modifik\u00e1ciu na FLASH ROM a pozriem sa na zub nefukn\u010dn\u00e9mu prav\u00e9mu SHIFTu, ktor\u00fd blbne aj s novou membr\u00e1nou.<\/p>\n<p>Uvid\u00edme ako pre\u017eijeme sviatky \u017erania a chlastania, pard\u00f3n, pokoja a rodinn\u00e9ho krbu a po Novom roku sa vid\u00edme sn\u00e1\u010f u\u017e v janu\u00e1ri.<\/p>\n<p>-z00m-<\/p>\n","protected":false},"excerpt":{"rendered":"<p>Decembrov\u00e9 stretnutie prebiehalo op\u00e4\u0165 na dvoch frontoch, tentokr\u00e1t sa v\u0161ak neza\u010d\u00ednalo na burze, ale na v\u00fdstave 3D Expo, kde v\u010faka Ik0novej inicat\u00edve mal SinDiKAT st\u00e1nok.<\/p>\n","protected":false},"author":1,"featured_media":0,"comment_status":"open","ping_status":"open","sticky":false,"template":"","format":"standard","meta":{"jetpack_post_was_ever_published":false,"_jetpack_newsletter_access":"","_jetpack_dont_email_post_to_subs":false,"_jetpack_newsletter_tier_id":0,"_jetpack_memberships_contains_paywalled_content":false,"_jetpack_memberships_contains_paid_content":false,"footnotes":"","jetpack_publicize_message":"","jetpack_publicize_feature_enabled":true,"jetpack_social_post_already_shared":true,"jetpack_social_options":{"image_generator_settings":{"template":"highway","default_image_id":0,"font":"","enabled":false},"version":2}},"categories":[7],"tags":[],"class_list":["post-930433","post","type-post","status-publish","format-standard","hentry","category-tema-4-stretnutia-php"],"jetpack_publicize_connections":[],"jetpack_featured_media_url":"","jetpack_sharing_enabled":true,"jetpack_shortlink":"https:\/\/wp.me\/p5aqy8-3U2Z","jetpack_likes_enabled":true,"jetpack-related-posts":[],"_links":{"self":[{"href":"https:\/\/sindik.at\/index.php?rest_route=\/wp\/v2\/posts\/930433","targetHints":{"allow":["GET"]}}],"collection":[{"href":"https:\/\/sindik.at\/index.php?rest_route=\/wp\/v2\/posts"}],"about":[{"href":"https:\/\/sindik.at\/index.php?rest_route=\/wp\/v2\/types\/post"}],"author":[{"embeddable":true,"href":"https:\/\/sindik.at\/index.php?rest_route=\/wp\/v2\/users\/1"}],"replies":[{"embeddable":true,"href":"https:\/\/sindik.at\/index.php?rest_route=%2Fwp%2Fv2%2Fcomments&post=930433"}],"version-history":[{"count":2,"href":"https:\/\/sindik.at\/index.php?rest_route=\/wp\/v2\/posts\/930433\/revisions"}],"predecessor-version":[{"id":930435,"href":"https:\/\/sindik.at\/index.php?rest_route=\/wp\/v2\/posts\/930433\/revisions\/930435"}],"wp:attachment":[{"href":"https:\/\/sindik.at\/index.php?rest_route=%2Fwp%2Fv2%2Fmedia&parent=930433"}],"wp:term":[{"taxonomy":"category","embeddable":true,"href":"https:\/\/sindik.at\/index.php?rest_route=%2Fwp%2Fv2%2Fcategories&post=930433"},{"taxonomy":"post_tag","embeddable":true,"href":"https:\/\/sindik.at\/index.php?rest_route=%2Fwp%2Fv2%2Ftags&post=930433"}],"curies":[{"name":"wp","href":"https:\/\/api.w.org\/{rel}","templated":true}]}}