{"id":930374,"date":"2018-10-28T20:23:47","date_gmt":"2018-10-28T19:23:47","guid":{"rendered":"https:\/\/sindik.at\/?p=930374"},"modified":"2018-10-28T20:23:47","modified_gmt":"2018-10-28T19:23:47","slug":"vyhananie-zltych-duchov-z-2","status":"publish","type":"post","link":"https:\/\/sindik.at\/?p=930374","title":{"rendered":"Vyh\u00e1\u0148anie \u017elt\u00fdch duchov z +2"},"content":{"rendered":"<p>Ur\u010dite to pozn\u00e1te. Chcete nie\u010do zauj\u00edmav\u00e9 spravi\u0165 na svojej +2, ale po zapnut\u00ed v\u00e1m k\u013eud nedaj\u00fa \u017elt\u00ed duchovia v obraze.<\/p>\n<p><!--more--><\/p>\n<p>Na\u0161\u0165astie som pri ka\u017edodennej prokrastin\u00e1cii narazil na zauj\u00edmav\u00e9 video (<a href=\"https:\/\/www.youtube.com\/watch?v=GMKGIP5Yuqs\">ZX Spectrum +2 Repair (No. 4)<\/a>\u00a0od JoulesperCoulomb), kde sa nielen dozviete, ako \u017elt\u00fdch duchov vyhna\u0165, ale aj pre\u010do to funguje. A tak\u00e9to vide\u00e1 m\u00e1m r\u00e1d.<\/p>\n<div id=\"attachment_930375\" style=\"width: 810px\" class=\"wp-caption aligncenter\"><a href=\"https:\/\/sindik.at\/wp-content\/uploads\/2018\/10\/pred_upravou.jpg\"><img loading=\"lazy\" decoding=\"async\" aria-describedby=\"caption-attachment-930375\" class=\"wp-image-930375 size-full\" src=\"https:\/\/sindik.at\/wp-content\/uploads\/2018\/10\/pred_upravou.jpg\" alt=\"Obraz pred \u00fapravou\" width=\"800\" height=\"600\" srcset=\"https:\/\/sindik.at\/wp-content\/uploads\/2018\/10\/pred_upravou.jpg 800w, https:\/\/sindik.at\/wp-content\/uploads\/2018\/10\/pred_upravou-300x225.jpg 300w, https:\/\/sindik.at\/wp-content\/uploads\/2018\/10\/pred_upravou-768x576.jpg 768w, https:\/\/sindik.at\/wp-content\/uploads\/2018\/10\/pred_upravou-400x300.jpg 400w\" sizes=\"auto, (max-width: 800px) 100vw, 800px\" \/><\/a><p id=\"caption-attachment-930375\" class=\"wp-caption-text\">Obraz pred \u00fapravou<\/p><\/div>\n<p>V skratke, duchovia s\u00fa sp\u00f4soben\u00ed ru\u0161iv\u00fdmi vysok\u00fdmi frekvenciami v jasovej zlo\u017eke. Pozrite si video, je to tam vysvetlen\u00e9 lep\u0161ie, ako by som to spravil ja. Autor navrhuje vyfiltrova\u0165 tieto frekvencie LC filtrom na pine \u010d. 8 obvodu TEA2000.<\/p>\n<div id=\"attachment_930379\" style=\"width: 112px\" class=\"wp-caption aligncenter\"><a href=\"https:\/\/sindik.at\/wp-content\/uploads\/2018\/10\/schema.png\"><img loading=\"lazy\" decoding=\"async\" aria-describedby=\"caption-attachment-930379\" class=\"size-full wp-image-930379\" src=\"https:\/\/sindik.at\/wp-content\/uploads\/2018\/10\/schema.png\" alt=\"Sch\u00e9ma \u00fapravy\" width=\"102\" height=\"172\" \/><\/a><p id=\"caption-attachment-930379\" class=\"wp-caption-text\">Sch\u00e9ma \u00fapravy<\/p><\/div>\n<p>\u00dapravu som nasp\u00e1jkoval, podobne ako vo videu, rovno na obvod TEA. Nie je to ni\u010d zlo\u017eit\u00e9, vyzer\u00e1 to takto:<\/p>\n<div id=\"attachment_930377\" style=\"width: 810px\" class=\"wp-caption aligncenter\"><a href=\"https:\/\/sindik.at\/wp-content\/uploads\/2018\/10\/uprava.jpg\"><img loading=\"lazy\" decoding=\"async\" aria-describedby=\"caption-attachment-930377\" class=\"size-full wp-image-930377\" src=\"https:\/\/sindik.at\/wp-content\/uploads\/2018\/10\/uprava.jpg\" alt=\"Filter na obvode TEA\" width=\"800\" height=\"600\" srcset=\"https:\/\/sindik.at\/wp-content\/uploads\/2018\/10\/uprava.jpg 800w, https:\/\/sindik.at\/wp-content\/uploads\/2018\/10\/uprava-300x225.jpg 300w, https:\/\/sindik.at\/wp-content\/uploads\/2018\/10\/uprava-768x576.jpg 768w, https:\/\/sindik.at\/wp-content\/uploads\/2018\/10\/uprava-400x300.jpg 400w\" sizes=\"auto, (max-width: 800px) 100vw, 800px\" \/><\/a><p id=\"caption-attachment-930377\" class=\"wp-caption-text\">Filter na obvode TEA<\/p><\/div>\n<p>Vo svojich z\u00e1sob\u00e1ch s\u00fa\u010diastok som na\u0161iel najbli\u017e\u0161iu hodnotu kapacity 82pF a t\u00fa pou\u017e\u00edvam. Sk\u00fa\u0161al som e\u0161te prida\u0165 paralelne 8pF, aby som sa pribl\u00ed\u017eil k vypo\u010d\u00edtanej hodnote, ale obraz sa mi potom zdal sk\u00f4r hor\u0161\u00ed. A ako vyzer\u00e1 obraz po \u00faprave?<\/p>\n<div id=\"attachment_930376\" style=\"width: 810px\" class=\"wp-caption aligncenter\"><a href=\"https:\/\/sindik.at\/wp-content\/uploads\/2018\/10\/po_uprave.jpg\"><img loading=\"lazy\" decoding=\"async\" aria-describedby=\"caption-attachment-930376\" class=\"size-full wp-image-930376\" src=\"https:\/\/sindik.at\/wp-content\/uploads\/2018\/10\/po_uprave.jpg\" alt=\"Obraz po \u00faprave\" width=\"800\" height=\"600\" srcset=\"https:\/\/sindik.at\/wp-content\/uploads\/2018\/10\/po_uprave.jpg 800w, https:\/\/sindik.at\/wp-content\/uploads\/2018\/10\/po_uprave-300x225.jpg 300w, https:\/\/sindik.at\/wp-content\/uploads\/2018\/10\/po_uprave-768x576.jpg 768w, https:\/\/sindik.at\/wp-content\/uploads\/2018\/10\/po_uprave-400x300.jpg 400w\" sizes=\"auto, (max-width: 800px) 100vw, 800px\" \/><\/a><p id=\"caption-attachment-930376\" class=\"wp-caption-text\">Obraz po \u00faprave<\/p><\/div>\n<p>Obraz je v\u00fdrazne lep\u0161\u00ed. Z textov skoro \u00faplne zmizli duchovia. Nie\u010do je vidie\u0165 okolo r\u00e1mika menu, ale u\u017e nie tak ru\u0161iv\u00e9, ako pred \u00fapravou. Duchovia ale st\u00e1le ost\u00e1vaj\u00fa, je to vidie\u0165 napr. na p\u00edsmene &#8222;m&#8220;.<\/p>\n<div id=\"attachment_930378\" style=\"width: 810px\" class=\"wp-caption aligncenter\"><a href=\"https:\/\/sindik.at\/wp-content\/uploads\/2018\/10\/artefakty.jpg\"><img loading=\"lazy\" decoding=\"async\" aria-describedby=\"caption-attachment-930378\" class=\"size-full wp-image-930378\" src=\"https:\/\/sindik.at\/wp-content\/uploads\/2018\/10\/artefakty.jpg\" alt=\"Duchovia s\u00fa st\u00e1le pr\u00edtomn\u00ed\" width=\"800\" height=\"600\" srcset=\"https:\/\/sindik.at\/wp-content\/uploads\/2018\/10\/artefakty.jpg 800w, https:\/\/sindik.at\/wp-content\/uploads\/2018\/10\/artefakty-300x225.jpg 300w, https:\/\/sindik.at\/wp-content\/uploads\/2018\/10\/artefakty-768x576.jpg 768w, https:\/\/sindik.at\/wp-content\/uploads\/2018\/10\/artefakty-400x300.jpg 400w\" sizes=\"auto, (max-width: 800px) 100vw, 800px\" \/><\/a><p id=\"caption-attachment-930378\" class=\"wp-caption-text\">Duchovia s\u00fa st\u00e1le pr\u00edtomn\u00ed<\/p><\/div>\n<p>Tu je vidie\u0165, \u017ee Mk\u00e1 s\u00fa rozmazan\u00e9 a je v nich vidie\u0165 n\u00e1znak \u017eltej a modrej. Po sk\u00fasenosti s moj\u00edm gum\u00e1kom som vysk\u00fa\u0161al obraz e\u0161te aj na CRT telke. \u017dia\u013e sa mi nepodarilo odfoti\u0165 obraz na klasickej obrazovke, ale vyzer\u00e1 to tam e\u0161te lep\u0161ie, duchovia s\u00fa naozaj ledva vidite\u013en\u00ed.<\/p>\n<p>Z\u00e1verom m\u00f4\u017eem \u00fapravu iba doporu\u010di\u0165. S\u00fa to iba dve s\u00fa\u010diastky a obraz sa n\u00e1sobne zlep\u0161\u00ed.<\/p>\n<p><em>mike\/zeroteam<\/em><\/p>\n","protected":false},"excerpt":{"rendered":"<p>Ur\u010dite to pozn\u00e1te. Chcete nie\u010do zauj\u00edmav\u00e9 spravi\u0165 na svojej +2, ale po zapnut\u00ed v\u00e1m k\u013eud nedaj\u00fa \u017elt\u00ed duchovia v obraze.<\/p>\n","protected":false},"author":1,"featured_media":0,"comment_status":"open","ping_status":"open","sticky":false,"template":"","format":"standard","meta":{"jetpack_post_was_ever_published":false,"_jetpack_newsletter_access":"","_jetpack_dont_email_post_to_subs":false,"_jetpack_newsletter_tier_id":0,"_jetpack_memberships_contains_paywalled_content":false,"_jetpack_memberships_contains_paid_content":false,"footnotes":"","jetpack_publicize_message":"","jetpack_publicize_feature_enabled":true,"jetpack_social_post_already_shared":true,"jetpack_social_options":{"image_generator_settings":{"template":"highway","default_image_id":0,"font":"","enabled":false},"version":2}},"categories":[5],"tags":[],"class_list":["post-930374","post","type-post","status-publish","format-standard","hentry","category-tema-2-hardware-php"],"jetpack_publicize_connections":[],"jetpack_featured_media_url":"","jetpack_sharing_enabled":true,"jetpack_shortlink":"https:\/\/wp.me\/p5aqy8-3U22","jetpack_likes_enabled":true,"jetpack-related-posts":[],"_links":{"self":[{"href":"https:\/\/sindik.at\/index.php?rest_route=\/wp\/v2\/posts\/930374","targetHints":{"allow":["GET"]}}],"collection":[{"href":"https:\/\/sindik.at\/index.php?rest_route=\/wp\/v2\/posts"}],"about":[{"href":"https:\/\/sindik.at\/index.php?rest_route=\/wp\/v2\/types\/post"}],"author":[{"embeddable":true,"href":"https:\/\/sindik.at\/index.php?rest_route=\/wp\/v2\/users\/1"}],"replies":[{"embeddable":true,"href":"https:\/\/sindik.at\/index.php?rest_route=%2Fwp%2Fv2%2Fcomments&post=930374"}],"version-history":[{"count":1,"href":"https:\/\/sindik.at\/index.php?rest_route=\/wp\/v2\/posts\/930374\/revisions"}],"predecessor-version":[{"id":930380,"href":"https:\/\/sindik.at\/index.php?rest_route=\/wp\/v2\/posts\/930374\/revisions\/930380"}],"wp:attachment":[{"href":"https:\/\/sindik.at\/index.php?rest_route=%2Fwp%2Fv2%2Fmedia&parent=930374"}],"wp:term":[{"taxonomy":"category","embeddable":true,"href":"https:\/\/sindik.at\/index.php?rest_route=%2Fwp%2Fv2%2Fcategories&post=930374"},{"taxonomy":"post_tag","embeddable":true,"href":"https:\/\/sindik.at\/index.php?rest_route=%2Fwp%2Fv2%2Ftags&post=930374"}],"curies":[{"name":"wp","href":"https:\/\/api.w.org\/{rel}","templated":true}]}}