{"id":930335,"date":"2018-08-18T22:05:34","date_gmt":"2018-08-18T21:05:34","guid":{"rendered":"https:\/\/sindik.at\/?p=930335"},"modified":"2018-08-18T22:05:34","modified_gmt":"2018-08-18T21:05:34","slug":"septembrove-stretnutie-4","status":"publish","type":"post","link":"https:\/\/sindik.at\/?p=930335","title":{"rendered":"Septembrov\u00e9 stretnutie"},"content":{"rendered":"<p>\u010eal\u0161ie stretnutie je na programe v sobotu 15.9.<\/p>\n<p><!--more--><\/p>\n<p>Nest\u00e1va sa \u010dasto, \u017ee dohodneme term\u00edn stretnutia mesiac vopred, ale v stredu n\u00e1s na slacku z00m prekvapil ot\u00e1zkou &#8222;15.9. sindikat ?&#8220;. Tak sme si povedali &#8222;A pre\u010do nie!&#8220;<\/p>\n<p>Miesto a \u010das zost\u00e1vaj\u00fa nezmenen\u00e9: diel\u0148a v Pezinku od 9:30 dokedy vyd\u00e1.<\/p>\n<p>Len na pripomenutie: v tento de\u0148 je druh\u00fd septembrov\u00fd &#8222;nevyu\u017eit\u00fd&#8220; \u0161t\u00e1tny sviatok pripadnuv\u0161\u00ed na v\u00edkend, tak\u017ee spoje bud\u00fa riedke.<\/p>\n<p>Napriek tejto drobnej komplik\u00e1cii sa te\u0161\u00edm na hojn\u00fa \u00fa\u010das\u0165.<\/p>\n<p>\/ikon<\/p>\n","protected":false},"excerpt":{"rendered":"<p>\u010eal\u0161ie stretnutie je na programe v sobotu 15.9.<\/p>\n","protected":false},"author":1,"featured_media":0,"comment_status":"open","ping_status":"open","sticky":false,"template":"","format":"standard","meta":{"jetpack_post_was_ever_published":false,"_jetpack_newsletter_access":"","_jetpack_dont_email_post_to_subs":false,"_jetpack_newsletter_tier_id":0,"_jetpack_memberships_contains_paywalled_content":false,"_jetpack_memberships_contains_paid_content":false,"footnotes":"","jetpack_publicize_message":"","jetpack_publicize_feature_enabled":true,"jetpack_social_post_already_shared":true,"jetpack_social_options":{"image_generator_settings":{"template":"highway","default_image_id":0,"font":"","enabled":false},"version":2}},"categories":[7],"tags":[],"class_list":["post-930335","post","type-post","status-publish","format-standard","hentry","category-tema-4-stretnutia-php"],"jetpack_publicize_connections":[],"jetpack_featured_media_url":"","jetpack_sharing_enabled":true,"jetpack_shortlink":"https:\/\/wp.me\/p5aqy8-3U1p","jetpack_likes_enabled":true,"jetpack-related-posts":[],"_links":{"self":[{"href":"https:\/\/sindik.at\/index.php?rest_route=\/wp\/v2\/posts\/930335","targetHints":{"allow":["GET"]}}],"collection":[{"href":"https:\/\/sindik.at\/index.php?rest_route=\/wp\/v2\/posts"}],"about":[{"href":"https:\/\/sindik.at\/index.php?rest_route=\/wp\/v2\/types\/post"}],"author":[{"embeddable":true,"href":"https:\/\/sindik.at\/index.php?rest_route=\/wp\/v2\/users\/1"}],"replies":[{"embeddable":true,"href":"https:\/\/sindik.at\/index.php?rest_route=%2Fwp%2Fv2%2Fcomments&post=930335"}],"version-history":[{"count":2,"href":"https:\/\/sindik.at\/index.php?rest_route=\/wp\/v2\/posts\/930335\/revisions"}],"predecessor-version":[{"id":930337,"href":"https:\/\/sindik.at\/index.php?rest_route=\/wp\/v2\/posts\/930335\/revisions\/930337"}],"wp:attachment":[{"href":"https:\/\/sindik.at\/index.php?rest_route=%2Fwp%2Fv2%2Fmedia&parent=930335"}],"wp:term":[{"taxonomy":"category","embeddable":true,"href":"https:\/\/sindik.at\/index.php?rest_route=%2Fwp%2Fv2%2Fcategories&post=930335"},{"taxonomy":"post_tag","embeddable":true,"href":"https:\/\/sindik.at\/index.php?rest_route=%2Fwp%2Fv2%2Ftags&post=930335"}],"curies":[{"name":"wp","href":"https:\/\/api.w.org\/{rel}","templated":true}]}}