{"id":930316,"date":"2018-07-30T10:04:22","date_gmt":"2018-07-30T09:04:22","guid":{"rendered":"https:\/\/sindik.at\/?p=930316"},"modified":"2018-07-30T14:58:56","modified_gmt":"2018-07-30T13:58:56","slug":"zapisky-07-2018","status":"publish","type":"post","link":"https:\/\/sindik.at\/?p=930316","title":{"rendered":"Z\u00e1pisky 07\/2018"},"content":{"rendered":"<p>Vo \u0161tvrtok 26.7. n\u00e1s Ikon na slackovom kan\u00e1li prepadol ne\u010dakanou ot\u00e1zkou: &#8222;\u010co tak t\u00fato sobotu? Zvl\u00e1dli by sme to?&#8220; Po miernych rozpakoch sme zistili, \u017ee by sa to aj dalo, a tak Ikon zavesil oznam na str\u00e1nky. Nad\u0161en\u00edm sme strhli aj Martina B\u00f3rika a\u017e z Ko\u0161\u00edc, ktor\u00fd sa nakoniec tie\u017e pridal a pricestoval vlakom. Pri\u0161iel e\u0161te \u010ci\u017eo, Otis a Busy, stabilne z\u00fa\u010dast\u0148uj\u00faci sa Du\u0161ky tentokr\u00e1t nemohol z rodinn\u00fdch d\u00f4vodov. Ale po\u010fme pekne po poriadku.<\/p>\n<p><!--more--><\/p>\n<p>Sobota za\u010dala pre m\u0148a klasicky &#8211; hygienou a ra\u0148ajkami. Pokra\u010dovanie u\u017e sa v\u0161ak vymykalo zo v\u0161edn\u00fdch v\u00edkendov\u00fdch dn\u00ed. Zbalil som si Speccy2010, ZX-Uno, zobrazovadlo, kl\u00e1vesnicu, repr\u00e1k a notebook a o \u0161tvr\u0165 na desa\u0165 som vyrazil do Trnavy na \u017eelezni\u010dn\u00fa stanicu, kde som tesne pred desiatou vyzdvihol Martina od vlaku. Namierili sme si to rovno do Pezinka, kde sme prist\u00e1li po pol hodinke jazdy.<\/p>\n<p>Do SinDiKATskeho objektu n\u00e1s vpustila Ikonova polovi\u010dka, kde sme prichytili Ikona s \u010ci\u017eom, ako sa venuj\u00fa absol\u00fatne nesindikatskej \u010dinnosti &#8211; skladaniu lavi\u010dky. Po kr\u00e1tkom zv\u00edtan\u00ed sme si ukoristili s Martinom stoly, vybalili veci a po\u010fho na pl\u00e1novan\u00e9 \u010dinnosti.<\/p>\n<p>Ikon s \u010ci\u017eom doskladali lavi\u010dku po \u010dom sa \u010ci\u017eo venoval u\u017e len relaxa\u010dn\u00fdm \u010dinnostiam na notebooku (rozumej hral minetest). Popri tom sa zap\u00e1jal do dru\u017en\u00fdch deb\u00e1t medzi nami spr\u00e1vne podpichova\u010dn\u00fdmi a vtipn\u00fdmi pozn\u00e1mkami, kv\u00f4li ktor\u00fdm tak radi tieto debaty na SinDiKATe vedieme. \u010clovek sa zasmeje a z\u00e1rove\u0148 trocha potr\u00e9nuje mozog \ud83d\ude42<\/p>\n<p><a href=\"https:\/\/sindik.at\/wp-content\/uploads\/2018\/07\/osadenstvo20180702.jpg\"><img loading=\"lazy\" decoding=\"async\" class=\"aligncenter size-large wp-image-930322\" src=\"https:\/\/sindik.at\/wp-content\/uploads\/2018\/07\/osadenstvo20180702-1024x768.jpg\" alt=\"\" width=\"584\" height=\"438\" srcset=\"https:\/\/sindik.at\/wp-content\/uploads\/2018\/07\/osadenstvo20180702-1024x768.jpg 1024w, https:\/\/sindik.at\/wp-content\/uploads\/2018\/07\/osadenstvo20180702-300x225.jpg 300w, https:\/\/sindik.at\/wp-content\/uploads\/2018\/07\/osadenstvo20180702-768x576.jpg 768w, https:\/\/sindik.at\/wp-content\/uploads\/2018\/07\/osadenstvo20180702-400x300.jpg 400w, https:\/\/sindik.at\/wp-content\/uploads\/2018\/07\/osadenstvo20180702.jpg 1200w\" sizes=\"auto, (max-width: 584px) 100vw, 584px\" \/><\/a><\/p>\n<p>Po nejakej chv\u00edli dorazili Otis a Busy. Otis si doniesol so sebou ploter, ktor\u00fd vraj nikdy nefungoval a chcel sa mu pozrie\u0165 na zub. Po pol hodine u\u017e bol rozobrat\u00fd na subat\u00f3my (ploter, nie Otis) a Otis analyzoval pr\u00ed\u010diny nefunk\u010dnosti. Zrada sa ukazovala v zdrojovej \u010dasti, ale popravde neviem, \u010di sa to podarilo opravi\u0165, preto\u017ee som bol zabrat\u00fd do deb\u00e1t s Martinom a Busym.<br \/>\n<a href=\"https:\/\/sindik.at\/wp-content\/uploads\/2018\/07\/plotter2.jpg\"><img loading=\"lazy\" decoding=\"async\" class=\"aligncenter size-large wp-image-930325\" src=\"https:\/\/sindik.at\/wp-content\/uploads\/2018\/07\/plotter2-1024x768.jpg\" alt=\"\" width=\"584\" height=\"438\" srcset=\"https:\/\/sindik.at\/wp-content\/uploads\/2018\/07\/plotter2-1024x768.jpg 1024w, https:\/\/sindik.at\/wp-content\/uploads\/2018\/07\/plotter2-300x225.jpg 300w, https:\/\/sindik.at\/wp-content\/uploads\/2018\/07\/plotter2-768x576.jpg 768w, https:\/\/sindik.at\/wp-content\/uploads\/2018\/07\/plotter2-400x300.jpg 400w, https:\/\/sindik.at\/wp-content\/uploads\/2018\/07\/plotter2.jpg 1200w\" sizes=\"auto, (max-width: 584px) 100vw, 584px\" \/><\/a><a href=\"https:\/\/sindik.at\/wp-content\/uploads\/2018\/07\/otis201807.jpg\"><img loading=\"lazy\" decoding=\"async\" class=\"aligncenter size-large wp-image-930323\" src=\"https:\/\/sindik.at\/wp-content\/uploads\/2018\/07\/otis201807-768x1024.jpg\" alt=\"\" width=\"584\" height=\"779\" srcset=\"https:\/\/sindik.at\/wp-content\/uploads\/2018\/07\/otis201807-768x1024.jpg 768w, https:\/\/sindik.at\/wp-content\/uploads\/2018\/07\/otis201807-225x300.jpg 225w, https:\/\/sindik.at\/wp-content\/uploads\/2018\/07\/otis201807.jpg 900w\" sizes=\"auto, (max-width: 584px) 100vw, 584px\" \/><\/a><\/p>\n<p><a href=\"https:\/\/sindik.at\/wp-content\/uploads\/2018\/07\/plotter1.jpg\"><img loading=\"lazy\" decoding=\"async\" class=\"aligncenter size-large wp-image-930324\" src=\"https:\/\/sindik.at\/wp-content\/uploads\/2018\/07\/plotter1-1024x768.jpg\" alt=\"\" width=\"584\" height=\"438\" srcset=\"https:\/\/sindik.at\/wp-content\/uploads\/2018\/07\/plotter1-1024x768.jpg 1024w, https:\/\/sindik.at\/wp-content\/uploads\/2018\/07\/plotter1-300x225.jpg 300w, https:\/\/sindik.at\/wp-content\/uploads\/2018\/07\/plotter1-768x576.jpg 768w, https:\/\/sindik.at\/wp-content\/uploads\/2018\/07\/plotter1-400x300.jpg 400w, https:\/\/sindik.at\/wp-content\/uploads\/2018\/07\/plotter1.jpg 1200w\" sizes=\"auto, (max-width: 584px) 100vw, 584px\" \/><\/a><\/p>\n<p>Ikon niekde medzit\u00fdm na\u0161tartoval gril a sk\u00e1kal okolo neho, aby prichystal po\u017eive\u0148 pre na\u0161e hladn\u00e9 krky. Ob\u010derstvenie n\u00e1m doplnil v\u00fdborn\u00fdm nealko mojitom a in\u00fdmi drobnos\u0165ami, za \u010do mu v\u0161etci \u00faprimne \u010fakujeme.<\/p>\n<p><a href=\"https:\/\/sindik.at\/wp-content\/uploads\/2018\/07\/zranica2.jpg\"><img loading=\"lazy\" decoding=\"async\" class=\"aligncenter size-large wp-image-930327\" src=\"https:\/\/sindik.at\/wp-content\/uploads\/2018\/07\/zranica2-1024x768.jpg\" alt=\"\" width=\"584\" height=\"438\" srcset=\"https:\/\/sindik.at\/wp-content\/uploads\/2018\/07\/zranica2-1024x768.jpg 1024w, https:\/\/sindik.at\/wp-content\/uploads\/2018\/07\/zranica2-300x225.jpg 300w, https:\/\/sindik.at\/wp-content\/uploads\/2018\/07\/zranica2-768x576.jpg 768w, https:\/\/sindik.at\/wp-content\/uploads\/2018\/07\/zranica2-400x300.jpg 400w, https:\/\/sindik.at\/wp-content\/uploads\/2018\/07\/zranica2.jpg 1200w\" sizes=\"auto, (max-width: 584px) 100vw, 584px\" \/><\/a><\/p>\n<p><a href=\"https:\/\/sindik.at\/wp-content\/uploads\/2018\/07\/zranica1.jpg\"><img loading=\"lazy\" decoding=\"async\" class=\"aligncenter size-large wp-image-930326\" src=\"https:\/\/sindik.at\/wp-content\/uploads\/2018\/07\/zranica1-1024x768.jpg\" alt=\"\" width=\"584\" height=\"438\" srcset=\"https:\/\/sindik.at\/wp-content\/uploads\/2018\/07\/zranica1-1024x768.jpg 1024w, https:\/\/sindik.at\/wp-content\/uploads\/2018\/07\/zranica1-300x225.jpg 300w, https:\/\/sindik.at\/wp-content\/uploads\/2018\/07\/zranica1-768x576.jpg 768w, https:\/\/sindik.at\/wp-content\/uploads\/2018\/07\/zranica1-400x300.jpg 400w, https:\/\/sindik.at\/wp-content\/uploads\/2018\/07\/zranica1.jpg 1200w\" sizes=\"auto, (max-width: 584px) 100vw, 584px\" \/><\/a><\/p>\n<p>Martin sa popri debat\u00e1ch s nami venoval nov\u00e9mu firmware pre Speccy2010, ktor\u00fd mu ute\u0161ene rastie pod rukami. Uk\u00e1zalo sa, \u017ee zo strategick\u00e9ho poh\u013eadu si vybral nespr\u00e1vny st\u00f4l, preto\u017ee zobrazovadlo na \u0148om sa v\u00f4bec nekamar\u00e1tilo so Speccy2010 a tak nastalo drobn\u00e9 preskupenie vec\u00ed a \u013eud\u00ed. Potom sa uk\u00e1zalo aj to, \u017ee bude musie\u0165 nasta\u0165 aj preskupenie k\u00f3du vo firmware, preto\u017ee z nejak\u00fdch d\u00f4vodov doch\u00e1dzalo miesto v pam\u00e4ti ARMu a bez vyrie\u0161enia tohto probl\u00e9mu by nebolo mo\u017en\u00e9 dop\u013a\u0148a\u0165 \u010fal\u0161ie pl\u00e1novan\u00e9 featurky. Pod\u013ea posledn\u00fdch spr\u00e1v Martin e\u0161te vo vlaku domov pri\u0161iel na rie\u0161enie, tak\u017ee v\u00fdvoj bude pokra\u010dova\u0165 \u010falej.<\/p>\n<p>Ja som chcel otestova\u0165 stabilitu prv\u00e9ho pou\u017eite\u013en\u00e9ho release. Martin s\u00edce vravel, \u017ee nov\u00fdmi zmenami by stabilita utrpie\u0165 nemala, ale zasa pre\u010do to nepotr\u00e1pi\u0165, ke\u010f je na to \u010das? Jeho slov\u00e1 sa aj potvrdili a Speccy2010 be\u017ealo s nov\u00fdm firmware bez zav\u00e1hania nieko\u013eko hod\u00edn. Potom som upriamil pozornos\u0165 na ZX-Uno, s ktor\u00fdm som mal probl\u00e9my. Konkr\u00e9tne v\u017edy pri vypnut\u00ed po\u0161kodilo SD kartu. Po v\u0161eliakom cvi\u010den\u00ed som ni\u010d nevyrie\u0161il, len som zistil, \u017ee s inou SD kartou ZX-Uno funguje norm\u00e1lne a t\u00e1 problematick\u00e1 SD karta tie\u017e funguje norm\u00e1lne v\u0161ade inde, len v ZX-Une nie. Tak\u017ee som testovanie uzavrel s t\u00fdm, \u017ee ZX-Uno je citliv\u00e9 na SD karty.<\/p>\n<p><a href=\"https:\/\/sindik.at\/wp-content\/uploads\/2018\/07\/zxuno.jpg\"><img loading=\"lazy\" decoding=\"async\" class=\"aligncenter size-large wp-image-930328\" src=\"https:\/\/sindik.at\/wp-content\/uploads\/2018\/07\/zxuno-1024x768.jpg\" alt=\"\" width=\"584\" height=\"438\" srcset=\"https:\/\/sindik.at\/wp-content\/uploads\/2018\/07\/zxuno-1024x768.jpg 1024w, https:\/\/sindik.at\/wp-content\/uploads\/2018\/07\/zxuno-300x225.jpg 300w, https:\/\/sindik.at\/wp-content\/uploads\/2018\/07\/zxuno-768x576.jpg 768w, https:\/\/sindik.at\/wp-content\/uploads\/2018\/07\/zxuno-400x300.jpg 400w, https:\/\/sindik.at\/wp-content\/uploads\/2018\/07\/zxuno.jpg 1200w\" sizes=\"auto, (max-width: 584px) 100vw, 584px\" \/><\/a><a href=\"https:\/\/sindik.at\/wp-content\/uploads\/2018\/07\/osadenstvo20180701.jpg\"><img loading=\"lazy\" decoding=\"async\" class=\"aligncenter size-large wp-image-930321\" src=\"https:\/\/sindik.at\/wp-content\/uploads\/2018\/07\/osadenstvo20180701-1024x768.jpg\" alt=\"\" width=\"584\" height=\"438\" srcset=\"https:\/\/sindik.at\/wp-content\/uploads\/2018\/07\/osadenstvo20180701-1024x768.jpg 1024w, https:\/\/sindik.at\/wp-content\/uploads\/2018\/07\/osadenstvo20180701-300x225.jpg 300w, https:\/\/sindik.at\/wp-content\/uploads\/2018\/07\/osadenstvo20180701-768x576.jpg 768w, https:\/\/sindik.at\/wp-content\/uploads\/2018\/07\/osadenstvo20180701-400x300.jpg 400w, https:\/\/sindik.at\/wp-content\/uploads\/2018\/07\/osadenstvo20180701.jpg 1200w\" sizes=\"auto, (max-width: 584px) 100vw, 584px\" \/><\/a>Busy si tie\u017e doniesol len notebook (a samozrejme aj fotoapar\u00e1t), ale ak som spr\u00e1vne zachytil, ve\u013emi ho nevyu\u017eil, preto\u017ee s Martinom rozoberali problematiku FDC-BIOSu v MB-02+. Ako ste isto spr\u00e1vne pochopili, ak vesm\u00edr, \u010das, priestor, rodina a motiv\u00e1cia dovol\u00ed, Martin sa pok\u00fasi o implement\u00e1ciu MB-02+ do Speccy2010. Ak sa to podar\u00ed, pre m\u0148a ako mb\u010dk\u00e1ra by to bola neuverite\u013en\u00e1 bomba, tak\u017ee <em>trimem \u0161ickych dvacec pa\u013ecoch, naj \u0161e to podari.<\/em><\/p>\n<p>Popoludn\u00ed kone\u010dne zrelaxoval aj Ikon. Prisadol si k n\u00e1m, nas\u00e1val atmosf\u00e9ru a &#8222;luxusn\u00fdch&#8220; 31 stup\u0148ov v dielni. Teplotu sa pok\u00fasil vyrie\u0161i\u0165 klimatiz\u00e1ciou, ale t\u00e1 ch\u00fa\u010fatko nezvl\u00e1dala n\u00e1por teploty a \u013eud\u00ed a produkovala viac vody a hluku ako chladu, tak ju Ikon nakoniec vypol a znova sme si u\u017e\u00edvali &#8222;pr\u00edjemn\u00e9&#8220; letn\u00e9 teploty.<\/p>\n<p>Z\u00e1bavu n\u00e1m zaobstar\u00e1val aj Ikonov \u0161tvornoh\u00fd priate\u013e Edo, ked\u017ee sa v\u010faka otvoren\u00fdm okn\u00e1m a dver\u00e1m v\u017edy priplichtil do dielne a stv\u00e1ral r\u00f4zne k\u00fasky, aby up\u00fatal na\u0161u pozornos\u0165.<\/p>\n<p><a href=\"https:\/\/sindik.at\/wp-content\/uploads\/2018\/07\/edo201807.jpg\"><img loading=\"lazy\" decoding=\"async\" class=\"aligncenter size-large wp-image-930320\" src=\"https:\/\/sindik.at\/wp-content\/uploads\/2018\/07\/edo201807-768x1024.jpg\" alt=\"\" width=\"584\" height=\"779\" srcset=\"https:\/\/sindik.at\/wp-content\/uploads\/2018\/07\/edo201807-768x1024.jpg 768w, https:\/\/sindik.at\/wp-content\/uploads\/2018\/07\/edo201807-225x300.jpg 225w, https:\/\/sindik.at\/wp-content\/uploads\/2018\/07\/edo201807.jpg 900w\" sizes=\"auto, (max-width: 584px) 100vw, 584px\" \/><\/a><\/p>\n<p>Ani sme nevedeli ako zbehol \u010das a Martin zistil, \u017ee posledn\u00fd vlak mu ide sk\u00f4r ako je vhodn\u00e9, tak sme sa my dvaja pomerne r\u00fdchlo zbalili a pripravili na odchod, \u010d\u00edm sme nakazili aj zbytok osadenstva, ktor\u00fd n\u00e1s n\u00e1sledoval. J\u00falov\u00fd SinDiKAT sa tak ne\u010dakane r\u00fdchlo rozpadol, ale to u\u017e tak b\u00fdva, \u017ee v najlep\u0161om treba presta\u0165.<\/p>\n<p>Po r\u00fdchlej rozl\u00fa\u010dke sme s Martinom vyrazili do Trnavy, kde s preh\u013eadom stihol vlak do Ko\u0161\u00edc a tak sa tento SinDiKAT definit\u00edvne skon\u010dil aj pre n\u00e1s dvoch. Ako oby\u010dajne, bolo to op\u00e4\u0165 v\u00fdborn\u00e9 stretko a e\u0161te raz \u010fakujeme Ikonovi, \u017ee n\u00e1s prich\u00fdlil a poskytol luxusn\u00e9 ob\u010derstvenie. Te\u0161\u00edm sa na \u010fal\u0161\u00ed zlet.<\/p>\n<p>\/z00m<br \/>\n(foto: Busy)<\/p>\n","protected":false},"excerpt":{"rendered":"<p>Vo \u0161tvrtok 26.7. n\u00e1s Ikon na slackovom kan\u00e1li prepadol ne\u010dakanou ot\u00e1zkou: &#8222;\u010co tak t\u00fato sobotu? Zvl\u00e1dli by sme to?&#8220; Po miernych rozpakoch sme zistili, \u017ee by sa to aj dalo, a tak Ikon zavesil oznam na str\u00e1nky. Nad\u0161en\u00edm sme strhli &hellip; <a href=\"https:\/\/sindik.at\/?p=930316\">Pokra\u010dova\u0165 v \u010d\u00edtan\u00ed <span class=\"meta-nav\">&rarr;<\/span><\/a><\/p>\n","protected":false},"author":1,"featured_media":0,"comment_status":"open","ping_status":"open","sticky":false,"template":"","format":"standard","meta":{"jetpack_post_was_ever_published":false,"_jetpack_newsletter_access":"","_jetpack_dont_email_post_to_subs":false,"_jetpack_newsletter_tier_id":0,"_jetpack_memberships_contains_paywalled_content":false,"_jetpack_memberships_contains_paid_content":false,"footnotes":"","jetpack_publicize_message":"","jetpack_publicize_feature_enabled":true,"jetpack_social_post_already_shared":true,"jetpack_social_options":{"image_generator_settings":{"template":"highway","default_image_id":0,"font":"","enabled":false},"version":2}},"categories":[7],"tags":[],"class_list":["post-930316","post","type-post","status-publish","format-standard","hentry","category-tema-4-stretnutia-php"],"jetpack_publicize_connections":[],"jetpack_featured_media_url":"","jetpack_sharing_enabled":true,"jetpack_shortlink":"https:\/\/wp.me\/p5aqy8-3U16","jetpack_likes_enabled":true,"jetpack-related-posts":[],"_links":{"self":[{"href":"https:\/\/sindik.at\/index.php?rest_route=\/wp\/v2\/posts\/930316","targetHints":{"allow":["GET"]}}],"collection":[{"href":"https:\/\/sindik.at\/index.php?rest_route=\/wp\/v2\/posts"}],"about":[{"href":"https:\/\/sindik.at\/index.php?rest_route=\/wp\/v2\/types\/post"}],"author":[{"embeddable":true,"href":"https:\/\/sindik.at\/index.php?rest_route=\/wp\/v2\/users\/1"}],"replies":[{"embeddable":true,"href":"https:\/\/sindik.at\/index.php?rest_route=%2Fwp%2Fv2%2Fcomments&post=930316"}],"version-history":[{"count":5,"href":"https:\/\/sindik.at\/index.php?rest_route=\/wp\/v2\/posts\/930316\/revisions"}],"predecessor-version":[{"id":930330,"href":"https:\/\/sindik.at\/index.php?rest_route=\/wp\/v2\/posts\/930316\/revisions\/930330"}],"wp:attachment":[{"href":"https:\/\/sindik.at\/index.php?rest_route=%2Fwp%2Fv2%2Fmedia&parent=930316"}],"wp:term":[{"taxonomy":"category","embeddable":true,"href":"https:\/\/sindik.at\/index.php?rest_route=%2Fwp%2Fv2%2Fcategories&post=930316"},{"taxonomy":"post_tag","embeddable":true,"href":"https:\/\/sindik.at\/index.php?rest_route=%2Fwp%2Fv2%2Ftags&post=930316"}],"curies":[{"name":"wp","href":"https:\/\/api.w.org\/{rel}","templated":true}]}}