{"id":930292,"date":"2018-06-26T16:05:23","date_gmt":"2018-06-26T15:05:23","guid":{"rendered":"https:\/\/sindik.at\/?p=930292"},"modified":"2018-06-26T16:05:23","modified_gmt":"2018-06-26T15:05:23","slug":"zapisky-z-drconu-2018","status":"publish","type":"post","link":"https:\/\/sindik.at\/?p=930292","title":{"rendered":"Z\u00e1pisky z DRConu 2018"},"content":{"rendered":"<p>Mike\/zeroteam par\u00e1dne zhrnul priebeh tohtoro\u010dn\u00e9ho conu v Doln\u00ed Radechov\u00e9 a okol\u00ed.<\/p>\n<p><!--more-->Ahojte!<\/p>\n<p>`POKE 23692,0`<\/p>\n<p>Uva\u017eoval som o nap\u00edsani reportu z DRConu na blog, ale ke\u010f\u017ee je to sk\u00f4r<br \/>\ntak\u00e1 komorn\u00e1 akcia, tak nap\u00ed\u0161em len p\u00e1r vec\u00ed, \u010do si pam\u00e4t\u00e1m sem.<br \/>\n[Napriek tomuto odstavcu dal mikezt zvolenie na opublikovanie sem :]<\/p>\n<p>Pr\u00edchod som si napl\u00e1noval a\u017e pr\u00edli\u0161 skoro, tak\u017ee som po pr\u00edchode do<br \/>\nN\u00e1choda mal asi 2 hodiny \u010dasu. Ke\u010f\u017ee som si pam\u00e4tal, \u017ee v pivovarskej<br \/>\npredajni mali aj nejak\u00e9 stoly na sedenie, tak som zamieril tam. Predaj\u0148a<br \/>\ns\u00edce st\u00e1la, ale stoly u\u017e nie, tak som sa oto\u010dil a zamieril do Re\u0161taur\u00e1cie<br \/>\n\u0160port, ktor\u00fa som si v\u0161imol k\u00fasok od stanice. Pl\u00e1n bol da\u0165 si obed<br \/>\na p\u00e1r p\u00edv. Podnik bol lasick\u00e1 n\u00edzkon\u00e1kladov\u00e1 kr\u010dma, ale na pivo za 21<br \/>\nkor\u00fan sa fakt s\u0165a\u017eova\u0165 nebudem \ud83d\ude42 Jedlo bolo v pohode, ale u\u017e som jedol v<br \/>\n\u010dech\u00e1ch aj lep\u0161ie. Po\u010das obeda mi volal Pavel, \u017ee by ma mohol vyzdvihn\u00fa\u0165,<br \/>\nale bude mierne me\u0161ka\u0165. To zasa nebol probl\u00e9m, lebo aj ke\u010f ma to sam\u00e9ho<br \/>\nv kr\u010dme nebavilo, tak na vlakovej stanici bolo \u010do vidie\u0165 (keby to niekoho<br \/>\nzauj\u00edmalo, tak 2x RegioNova, 841, manipula\u010dn\u00fd vlak s 742, mechanick\u00e9<br \/>\nz\u00e1vory, z\u00e1chod za 8 kor\u00fan (20 centov!)&#8230;).<\/p>\n<p>Potom sa u\u017e objavil Pavel a po kr\u00e1tkej z\u00e1stavke u neho doma sme po pol<br \/>\nsiedmej dorazili ako prv\u00ed do Radechovej. David u\u017e mal miestnos\u0165 pripraven\u00fa<br \/>\n(aj ke\u010f kto vie, \u010di to v\u00f4bec men\u00ed, lebo pod\u013ea v\u00fdzdoby mus\u00ed by\u0165 &#8222;v\u017edy<br \/>\npripraven\u00fd!&#8220;). Chv\u00ed\u013eu sme rie\u0161ili, kto kde bude sedie\u0165, aby sa zachoval<br \/>\nzasadac\u00ed poriadok z predch\u00e1dzaj\u00facich rokov, ale nakoniec to dopadlo &#8211; kto<br \/>\nprv\u00fd pr\u00edde, ten berie. Chv\u00ed\u013eu po n\u00e1s pri\u0161iel aj Noby a potom aj Sindikat.<br \/>\nNesk\u00f4r sa objavil Wyctor. Debata sa to\u010dila zv\u00e4\u010d\u0161a okolo toho, \u010do budeme<br \/>\nrobi\u0165 cez DRCon, aj ke\u010f nesk\u00f4r pri\u0161lo aj na \u0165a\u017e\u0161ie t\u00e9my.<\/p>\n<p>Tu mus\u00edm zlo\u017ei\u0165 ve\u013ek\u00fa poklonu Davidovi. Cel\u00fd \u010das sa staral, aby sme mali<br \/>\npollitre pln\u00e9. Mus\u00edm pochv\u00e1li\u0165 pivo, \u010dierneho Krakono\u0161a som sa minul\u00fd rok<br \/>\nnaozaj b\u00e1l, ale je to super pivo a svetl\u00e9 bolo tie\u017e super. Potom mus\u00edm<br \/>\npochv\u00e1li\u0165 jedlo. V\u0161elijak\u00e9 pe\u010den\u00e9 m\u00e4s\u00e1 (v\u00fdpe\u010dky, b\u00f4\u010dik&#8230;) s\u00fa fakt jedny z<br \/>\nnajlep\u0161ie pripraven\u00fdch jed\u00e1l, ak\u00e9 som jedol a to som z Berl\u00edna a za jedlo<br \/>\nmi nieje \u013e\u00fato utr\u00e1ca\u0165 (ale zasa nepozn\u00e1m moc \u013eud\u00ed, \u010do s\u00fa ochotn\u00ed piec\u0165<br \/>\nve\u010deru cel\u00fd de\u0148, aby bola za 15 min\u00fat kompletne zo\u017eran\u00e1). Naproti tomu<br \/>\nra\u0148ajky vyzerali na papieri fakt tuctovo, ale rozdiel je v dom\u00e1cich<br \/>\nvajciach! Naozaj lah\u00f4dka! A najviac si cen\u00edm full service, netreba sa o<br \/>\nni\u010d stara\u0165, \u017eiadne riady, aj stan bol postaven\u00fd (aj ke\u010f takto by to asi<br \/>\nby\u0165 nemalo, bud\u00faci rok sa hl\u00e1sim do brig\u00e1dy pr\u00e1ce).<\/p>\n<p>Tak\u017ee \u0161tvrtok sme dokon\u010dili s pivom a hur\u00e1kan\u00edm (ehm, hur\u00e1kanie nie je<br \/>\ns\u00falo\u017e, ale zdv\u00edhanie poldec\u00e1kov s pokrikom &#8222;hur\u00e1&#8220;). Tu sa zasa vyznamenal<br \/>\nDavid, ale ke\u010f\u017ee tvrd\u00e9 moc nezvl\u00e1dam, tak v negat\u00edvnom zmysle.<\/p>\n<p>Piatok pre m\u0148a za\u010dal miernym \u0161okom, ako som sa dostal do stanu. Na\u0161\u0165astie<br \/>\nForever bol predned\u00e1vnom (tam sp\u00edm na zemi), tak\u017ee som ani nebol otl\u010den\u00fd a<br \/>\nlen som balancoval, \u010di je lep\u0161ie sa do\u0161\u0165a\u0165 a vyspa\u0165, alebo nedo\u0161\u0165a\u0165 a<br \/>\nnevyspa\u0165. Ra\u0148ajky som si tentokr\u00e1 moc neu\u017eil, ale \u010derstv\u00fd chleba ma<br \/>\nnapravil. Po ra\u0148ajk\u00e1ch Pavel rie\u0161il testovanie sign\u00e1lov na s\u00e9riovom porte<br \/>\n128\u010dky a aj ke\u010f som bol schopn\u00fd vysypa\u0165 \u010d\u00edsla portov AY\u010dka zhlavy, tak sme<br \/>\npri\u0161li na to, \u017ee technick\u00fd manu\u00e1l Spektra m\u00e1 \u010d\u00edsla registrov AY\u010dka<br \/>\nzap\u00edsan\u00e9 v osmi\u010dkovej s\u00fastave, bez jedinej pozn\u00e1mky o tejto zrade. Tak\u017ee<br \/>\npozor na to. Po obede sa \u0161lo na prech\u00e1dzku do kopcov po okol\u00ed Radechvej,<br \/>\n\u010do bolo super, lebo prech\u00e1dzka lesom bola naozaj pekn\u00e1. S\u00edce som z<br \/>\npoh\u013eadov do okolitej krajiny a ot\u00e1zok, ktor\u00fd v\u00fdznamn\u00fd ter\u00e9nny bod je kde,<br \/>\npochopil len smer na Polsko, ale lesn\u00e9 jahody a \u010dere\u0161ne priamo zo stromu<br \/>\nna zaujali viac.<\/p>\n<p>Ve\u010der sa objavil Ellvis, ktor\u00fd si nane\u0161\u0165astie zabudol p\u00e1r vec\u00ed, ale jeho<br \/>\nTimex zo\u017eal \u00faspech. Hlavne, ke\u010f sa otvoril a spravili sa fotky jeho<br \/>\nvn\u00fatra (Timexa, nie Ellvisa).<\/p>\n<p>Ve\u010der sa potom pozerali dem\u00e1, hralo Pariboro, programoval AzoraDos, pilo<br \/>\npivo a in\u00e9 zauj\u00edmav\u00e9 veci.<\/p>\n<p>V sobotu boli hlavn\u00fdm programom kolobe\u017eky. Znie to a\u017e detinsky, ale bola<br \/>\nto fakt z\u00e1bava a hlavne z\u00e1\u0165a\u017e na telo, zvyknut\u00e9 sedie\u0165 za po\u010d\u00edta\u010dom a moc<br \/>\nsa neh\u00fdba\u0165. Ur\u010dite nie\u010do podobn\u00e9 mus\u00edme spravi\u0165 aj nabud\u00face.<\/p>\n<p>Ve\u010der (u\u017e po 10. hodine ve\u010der samozrejme) sme okrem demoshow hrali aj<br \/>\nerotick\u00fa hru od Nobyho. Po konzum\u00e1cii alkoholu to bola aj docela z\u00e1bava.<\/p>\n<p>Nede\u013eu zah\u00e1jil Sindikat, ktor\u00fd sa pri\u0161iel rozl\u00fa\u010di\u0165 docela skoro, tak\u017ee ho<br \/>\nniektor\u00ed nestihli. Po v\u00fddatn\u00fdch ra\u0148ajk\u00e1ch som e\u0161te odohral p\u00e1r hier<br \/>\nParibora. Spravili sme aj zredukovan\u00e9 spolo\u010dn\u00e9 foto. Ke\u010f\u017ee sudov\u00e9 pivo sme<br \/>\nvypili, tak som sa ob\u010derstvoval fla\u0161kov\u00fdm a po obede pobalil a vyrazil<br \/>\ndomov.<\/p>\n<p>P\u00e1r fotiek, \u010do som nafotil mobilom, si m\u00f4\u017eete <a href=\"http:\/\/hracka.org\/~mike\/piwigo\/index.php?\/category\/21\">pozrie\u0165 tu.<\/a><\/p>\n<p>V\u010faka za super akciu, r\u00e1d som v\u00e1s v\u0161etk\u00fdch videl a te\u0161\u00edm sa nabud\u00face.<\/p>\n<p>mike\/zeroteam<\/p>\n<hr \/>\n<p><strong>Pavlov dodatok:<\/strong><\/p>\n<p>Ve skute\u010dnosti ale ve \u010dtvrtek \u010dekal dv\u011b hodiny na m\u011b, ne\u017e jsem se vr\u00e1til z<br \/>\nmate\u0159sk\u00e9 \u0161kolky ze zahradn\u00ed slavnosti \ud83d\ude42 Co piv musel chud\u00e1k kv\u016fli m\u011b vyp\u00edt<br \/>\nnav\u00edc! Pak mi je\u0161t\u011b pom\u00e1hal st\u011bhovat v\u011bci na DRCon do auta &#8211; tak\u017ee \u017e\u00e1dn\u00e1<br \/>\nkr\u00e1tk\u00e1 zast\u00e1vka&#8230;<br \/>\nByl jsem p\u0159esv\u011bd\u010den\u00fd, \u017ee ty kolob\u011b\u017eky budou fakt rekrea\u010dn\u00ed z\u00e1le\u017eitost. Ale<br \/>\nv\u0161echen ten hardk\u00f3r jsme si odhlasovali \ud83d\ude42 J\u00e1 jsem jen nab\u00edzel mo\u017enosti \ud83d\ude09<br \/>\nAle moc se mi to l\u00edbilo.<br \/>\nTak\u017ee i j\u00e1 je\u0161t\u011b jednou d\u00edky v\u0161em za skv\u011blou akci.<br \/>\nJe\u0161t\u011b p\u0159id\u00e1m link na n\u011bkolik m\u00e1lo <a href=\"https:\/\/vym.cz\/DRCon2018\/\">m\u00fdch fotek z DRConu<\/a>.<\/p>\n<p>Pavel<\/p>\n","protected":false},"excerpt":{"rendered":"<p>Mike\/zeroteam par\u00e1dne zhrnul priebeh tohtoro\u010dn\u00e9ho conu v Doln\u00ed Radechov\u00e9 a okol\u00ed.<\/p>\n","protected":false},"author":1,"featured_media":0,"comment_status":"open","ping_status":"open","sticky":false,"template":"","format":"standard","meta":{"jetpack_post_was_ever_published":false,"_jetpack_newsletter_access":"","_jetpack_dont_email_post_to_subs":false,"_jetpack_newsletter_tier_id":0,"_jetpack_memberships_contains_paywalled_content":false,"_jetpack_memberships_contains_paid_content":false,"footnotes":"","jetpack_publicize_message":"","jetpack_publicize_feature_enabled":true,"jetpack_social_post_already_shared":true,"jetpack_social_options":{"image_generator_settings":{"template":"highway","default_image_id":0,"font":"","enabled":false},"version":2}},"categories":[7],"tags":[],"class_list":["post-930292","post","type-post","status-publish","format-standard","hentry","category-tema-4-stretnutia-php"],"jetpack_publicize_connections":[],"jetpack_featured_media_url":"","jetpack_sharing_enabled":true,"jetpack_shortlink":"https:\/\/wp.me\/p5aqy8-3U0I","jetpack_likes_enabled":true,"jetpack-related-posts":[],"_links":{"self":[{"href":"https:\/\/sindik.at\/index.php?rest_route=\/wp\/v2\/posts\/930292","targetHints":{"allow":["GET"]}}],"collection":[{"href":"https:\/\/sindik.at\/index.php?rest_route=\/wp\/v2\/posts"}],"about":[{"href":"https:\/\/sindik.at\/index.php?rest_route=\/wp\/v2\/types\/post"}],"author":[{"embeddable":true,"href":"https:\/\/sindik.at\/index.php?rest_route=\/wp\/v2\/users\/1"}],"replies":[{"embeddable":true,"href":"https:\/\/sindik.at\/index.php?rest_route=%2Fwp%2Fv2%2Fcomments&post=930292"}],"version-history":[{"count":2,"href":"https:\/\/sindik.at\/index.php?rest_route=\/wp\/v2\/posts\/930292\/revisions"}],"predecessor-version":[{"id":930294,"href":"https:\/\/sindik.at\/index.php?rest_route=\/wp\/v2\/posts\/930292\/revisions\/930294"}],"wp:attachment":[{"href":"https:\/\/sindik.at\/index.php?rest_route=%2Fwp%2Fv2%2Fmedia&parent=930292"}],"wp:term":[{"taxonomy":"category","embeddable":true,"href":"https:\/\/sindik.at\/index.php?rest_route=%2Fwp%2Fv2%2Fcategories&post=930292"},{"taxonomy":"post_tag","embeddable":true,"href":"https:\/\/sindik.at\/index.php?rest_route=%2Fwp%2Fv2%2Ftags&post=930292"}],"curies":[{"name":"wp","href":"https:\/\/api.w.org\/{rel}","templated":true}]}}