{"id":930095,"date":"2017-09-13T23:14:51","date_gmt":"2017-09-13T22:14:51","guid":{"rendered":"http:\/\/sindik.at\/?p=930095"},"modified":"2017-09-13T23:33:05","modified_gmt":"2017-09-13T22:33:05","slug":"zapisky-082017","status":"publish","type":"post","link":"https:\/\/sindik.at\/?p=930095","title":{"rendered":"Z\u00e1pisky 08\/2017"},"content":{"rendered":"<p><span style=\"font-weight: 400;\">Ako som si pozrel <\/span><a href=\"https:\/\/www.facebook.com\/Busy128\/media_set?set=a.10210737802013689.1073741871.1008705498\"><span style=\"font-weight: 400;\">Busyho photolog<\/span><\/a><span style=\"font-weight: 400;\">, nejako som pozabudol zosumarizova\u0165 z\u00e1pisky z ostatn\u00e9ho stretnutia, tak\u017ee s\u00edce s me\u0161kan\u00edm, ale po\u010fme na to. <\/span><\/p>\n<p><!--more--><\/p>\n<p><span style=\"font-weight: 400;\">Na sklonku augusta sa stretlo pomerne \u0161irok\u00e9 osadenstvo aj spektrum \u010dinnost\u00ed. Bolo n\u00e1s p\u00e4\u0165 &#8211; Ffg, Billy, Ub, Busy a ja.<\/span><\/p>\n<p><span style=\"font-weight: 400;\">Na za\u010diatok sme si dali trochu netradi\u010dn\u00e9 stroj\u00e1rske posedenie. Ffg ako prv\u00fd \u00fa\u010dastn\u00edk priniesol dva kusy \u017eeleza, ktor\u00e9 maj\u00fa posl\u00fa\u017ei\u0165 ako z\u00e1klad malej veternej elektr\u00e1rne, ak sa nem\u00fdlim. Do t\u00fdchto kusov \u017eeleza bolo treba nav\u0155ta\u0165 ako-tak presne celkom slu\u0161n\u00fd po\u010det dier, \u010do sa nakoniec aj podarilo. <\/span><\/p>\n<p><a href=\"http:\/\/sindik.at\/wp-content\/uploads\/2017\/09\/X2380786.jpg\"><img loading=\"lazy\" decoding=\"async\" class=\"aligncenter size-large wp-image-930098\" src=\"http:\/\/sindik.at\/wp-content\/uploads\/2017\/09\/X2380786-1024x768.jpg\" alt=\"\" width=\"584\" height=\"438\" srcset=\"https:\/\/sindik.at\/wp-content\/uploads\/2017\/09\/X2380786-1024x768.jpg 1024w, https:\/\/sindik.at\/wp-content\/uploads\/2017\/09\/X2380786-300x225.jpg 300w, https:\/\/sindik.at\/wp-content\/uploads\/2017\/09\/X2380786-768x576.jpg 768w, https:\/\/sindik.at\/wp-content\/uploads\/2017\/09\/X2380786-400x300.jpg 400w, https:\/\/sindik.at\/wp-content\/uploads\/2017\/09\/X2380786.jpg 1200w\" sizes=\"auto, (max-width: 584px) 100vw, 584px\" \/><\/a><\/p>\n<p><a href=\"http:\/\/sindik.at\/wp-content\/uploads\/2017\/09\/X2380771.jpg\"><img loading=\"lazy\" decoding=\"async\" class=\"aligncenter size-large wp-image-930097\" src=\"http:\/\/sindik.at\/wp-content\/uploads\/2017\/09\/X2380771-1024x768.jpg\" alt=\"\" width=\"584\" height=\"438\" srcset=\"https:\/\/sindik.at\/wp-content\/uploads\/2017\/09\/X2380771-1024x768.jpg 1024w, https:\/\/sindik.at\/wp-content\/uploads\/2017\/09\/X2380771-300x225.jpg 300w, https:\/\/sindik.at\/wp-content\/uploads\/2017\/09\/X2380771-768x576.jpg 768w, https:\/\/sindik.at\/wp-content\/uploads\/2017\/09\/X2380771-400x300.jpg 400w, https:\/\/sindik.at\/wp-content\/uploads\/2017\/09\/X2380771.jpg 1200w\" sizes=\"auto, (max-width: 584px) 100vw, 584px\" \/><\/a><\/p>\n<p><span style=\"font-weight: 400;\">Pokra\u010dovali sme opravou \u010d\u00ednskych minikamier s 50% \u00faspe\u0161nos\u0165ou.<\/span><\/p>\n<p><a href=\"http:\/\/sindik.at\/wp-content\/uploads\/2017\/09\/X2380950.jpg\"><img loading=\"lazy\" decoding=\"async\" class=\"aligncenter size-large wp-image-930100\" src=\"http:\/\/sindik.at\/wp-content\/uploads\/2017\/09\/X2380950-1024x768.jpg\" alt=\"\" width=\"584\" height=\"438\" srcset=\"https:\/\/sindik.at\/wp-content\/uploads\/2017\/09\/X2380950-1024x768.jpg 1024w, https:\/\/sindik.at\/wp-content\/uploads\/2017\/09\/X2380950-300x225.jpg 300w, https:\/\/sindik.at\/wp-content\/uploads\/2017\/09\/X2380950-768x576.jpg 768w, https:\/\/sindik.at\/wp-content\/uploads\/2017\/09\/X2380950-400x300.jpg 400w, https:\/\/sindik.at\/wp-content\/uploads\/2017\/09\/X2380950.jpg 1200w\" sizes=\"auto, (max-width: 584px) 100vw, 584px\" \/><\/a><\/p>\n<p><span style=\"font-weight: 400;\">Jednu sme rozbehali, druh\u00fa \u017eia\u013e nie. V jej pr\u00edpade sme mali podozrenie na odp\u00e1len\u00fd stabiliz\u00e1tor SMD 662K. Napriek tomu, \u017ee datasheet hovor\u00ed o maxim\u00e1lnom vstupnom nap\u00e4t\u00ed 6V, Ffg na\u0161iel v \u0161pecifik\u00e1cii kamerky, \u017ee je schopn\u00e1 prev\u00e1zdky na 12V, \u00a0hoci pr\u00edvodn\u00fd k\u00e1bel vedie priamo k predmetn\u00e9mu stabiliz\u00e1toru bez nejak\u00fdch predradn\u00fdch omedzova\u010dov vstupn\u00e9ho nap\u00e4tia. Jeho v\u00fdmena v\u0161ak nepomohla. Vyzer\u00e1, \u017ee u\u017e jeho predchodca sa prerazil a pustil t\u00fdch 12V, ktor\u00e9 tam Ffg e\u0161te doma zapojil, niekam \u010falej do elektroniky.<\/span><\/p>\n<p><a href=\"http:\/\/sindik.at\/wp-content\/uploads\/2017\/09\/X2380916.jpg\"><img loading=\"lazy\" decoding=\"async\" class=\"aligncenter size-large wp-image-930099\" src=\"http:\/\/sindik.at\/wp-content\/uploads\/2017\/09\/X2380916-1024x768.jpg\" alt=\"\" width=\"584\" height=\"438\" srcset=\"https:\/\/sindik.at\/wp-content\/uploads\/2017\/09\/X2380916-1024x768.jpg 1024w, https:\/\/sindik.at\/wp-content\/uploads\/2017\/09\/X2380916-300x225.jpg 300w, https:\/\/sindik.at\/wp-content\/uploads\/2017\/09\/X2380916-768x576.jpg 768w, https:\/\/sindik.at\/wp-content\/uploads\/2017\/09\/X2380916-400x300.jpg 400w, https:\/\/sindik.at\/wp-content\/uploads\/2017\/09\/X2380916.jpg 1200w\" sizes=\"auto, (max-width: 584px) 100vw, 584px\" \/><\/a><\/p>\n<p><span style=\"font-weight: 400;\">Ffg priniesol tie\u017e jeden m\u00f4j star\u00fd \u010d\u00ednsky tablet, ktor\u00fd nepre\u017eil kedysi d\u00e1vno p\u00e1d na zem. Pok\u00fasili sme sa ho \u201cpref\u00faknu\u0165\u201d r\u00fa\u010dkou teplovzdu\u0161nej stanice v n\u00e1deji, \u017ee sa pr\u00edpadne nejak\u00fd \u201cpovolen\u00fd\u201d RoHS spoj o\u017eiv\u00ed. Nestalo sa a napriek tomu, \u017ee tablet m\u00e1 po zapnut\u00ed slu\u0161n\u00fd odber okolo 250mA, na displeji nezobrazuje ni\u010d. Dokonca aj podsvietenie bolo kaput, tak\u017ee sme ho odpojili od dosky a nap\u00e1jali extern\u00fdm zdrojom. V\u00fdsledok bol v\u0161ak negat\u00edvny aj v tomto pr\u00edpade.<\/span><\/p>\n<p><span style=\"font-weight: 400;\">Postupne som presedlal z pozerania na mal\u00e9 s\u00fa\u010diastky ku \u013eudskej interakcii a vyzvedal \u010do m\u00e1 kto z osadenstva nov\u00e9. Tak sme sa prepracovali a\u017e k obednej pauze a n\u00e1v\u0161teve \u010d\u00ednskeho bistra.<\/span><\/p>\n<p><span style=\"font-weight: 400;\">Popoludn\u00ed sme si rozpozerali najnov\u0161\u00ed dokument z hist\u00f3rie Spektra \u201c<\/span><a href=\"https:\/\/spectrumaddict.wordpress.com\/\"><span style=\"font-weight: 400;\">Memoirs of a Spectrum Addict\u201d<\/span><\/a><span style=\"font-weight: 400;\">. Zrejme to po v\u00fddatnom obede nebol \u00faplne ide\u00e1lny n\u00e1pad, lebo sa prejavila trochu tr\u00e1viacia kr\u00edza tzv. postgastr\u00e1lna demencia. Navy\u0161e v prudko konverza\u010dnom dokumente v angli\u010dtine bez titulkov, sa dalo celkom r\u00fdchlo strati\u0165. Obsahovo sa jedn\u00e1 o skuto\u010dne v\u00fdnimo\u010dn\u00e9 dielo, \u017eia\u013e pre fan\u00fa\u0161ika z na\u0161ich kon\u010d\u00edn je bez titulkov \u0165a\u017e\u0161ie str\u00e1vite\u013en\u00e9 obzvl\u00e1\u0161t v kombin\u00e1cii s predch\u00e1dzaj\u00facim \u010d\u00ednskym obedom.<\/span><\/p>\n<p><span style=\"font-weight: 400;\">Stretnutie sa r\u00fdchlo zvrtlo k svojmu koncu, lebo grafikon posledn\u00fdch spojov je po\u010das \u0161t\u00e1tneho sviatku ne\u00faprosn\u00fd. Odp\u00edskali sme to tesne po \u0161tvrtej.<\/span><\/p>\n<p><span style=\"font-weight: 400;\">Napriek miernemu popolud\u0148aj\u0161iemu \u00fatlmu sa stretnutie op\u00e4\u0165 vydarilo a d\u00fafam, \u017ee sa \u010doskoro uvid\u00edme znova.<\/span><\/p>\n<p><span style=\"font-weight: 400;\">\/ikon<\/span><\/p>\n","protected":false},"excerpt":{"rendered":"<p>Ako som si pozrel Busyho photolog, nejako som pozabudol zosumarizova\u0165 z\u00e1pisky z ostatn\u00e9ho stretnutia, tak\u017ee s\u00edce s me\u0161kan\u00edm, ale po\u010fme na to.<\/p>\n","protected":false},"author":1,"featured_media":0,"comment_status":"open","ping_status":"open","sticky":false,"template":"","format":"standard","meta":{"jetpack_post_was_ever_published":false,"_jetpack_newsletter_access":"","_jetpack_dont_email_post_to_subs":false,"_jetpack_newsletter_tier_id":0,"_jetpack_memberships_contains_paywalled_content":false,"_jetpack_memberships_contains_paid_content":false,"footnotes":"","jetpack_publicize_message":"","jetpack_publicize_feature_enabled":true,"jetpack_social_post_already_shared":true,"jetpack_social_options":{"image_generator_settings":{"template":"highway","default_image_id":0,"font":"","enabled":false},"version":2}},"categories":[7],"tags":[],"class_list":["post-930095","post","type-post","status-publish","format-standard","hentry","category-tema-4-stretnutia-php"],"jetpack_publicize_connections":[],"jetpack_featured_media_url":"","jetpack_sharing_enabled":true,"jetpack_shortlink":"https:\/\/wp.me\/p5aqy8-3TXx","jetpack_likes_enabled":true,"jetpack-related-posts":[],"_links":{"self":[{"href":"https:\/\/sindik.at\/index.php?rest_route=\/wp\/v2\/posts\/930095","targetHints":{"allow":["GET"]}}],"collection":[{"href":"https:\/\/sindik.at\/index.php?rest_route=\/wp\/v2\/posts"}],"about":[{"href":"https:\/\/sindik.at\/index.php?rest_route=\/wp\/v2\/types\/post"}],"author":[{"embeddable":true,"href":"https:\/\/sindik.at\/index.php?rest_route=\/wp\/v2\/users\/1"}],"replies":[{"embeddable":true,"href":"https:\/\/sindik.at\/index.php?rest_route=%2Fwp%2Fv2%2Fcomments&post=930095"}],"version-history":[{"count":3,"href":"https:\/\/sindik.at\/index.php?rest_route=\/wp\/v2\/posts\/930095\/revisions"}],"predecessor-version":[{"id":930102,"href":"https:\/\/sindik.at\/index.php?rest_route=\/wp\/v2\/posts\/930095\/revisions\/930102"}],"wp:attachment":[{"href":"https:\/\/sindik.at\/index.php?rest_route=%2Fwp%2Fv2%2Fmedia&parent=930095"}],"wp:term":[{"taxonomy":"category","embeddable":true,"href":"https:\/\/sindik.at\/index.php?rest_route=%2Fwp%2Fv2%2Fcategories&post=930095"},{"taxonomy":"post_tag","embeddable":true,"href":"https:\/\/sindik.at\/index.php?rest_route=%2Fwp%2Fv2%2Ftags&post=930095"}],"curies":[{"name":"wp","href":"https:\/\/api.w.org\/{rel}","templated":true}]}}