{"id":930092,"date":"2017-08-22T15:40:09","date_gmt":"2017-08-22T14:40:09","guid":{"rendered":"http:\/\/sindik.at\/?p=930092"},"modified":"2017-08-22T15:40:09","modified_gmt":"2017-08-22T14:40:09","slug":"augustove-stretnutie-3","status":"publish","type":"post","link":"https:\/\/sindik.at\/?p=930092","title":{"rendered":"Augustov\u00e9 stretnutie"},"content":{"rendered":"<p>&#8230; zorganizujeme v ne\u0161tandardnom term\u00edne &#8211; utorok 29.8 od 9:30.<\/p>\n<p><!--more--><\/p>\n<p>Najbli\u017e\u0161ie by sme chceli na stretnutie vyu\u017ei\u0165 nadch\u00e1daj\u00faci sviatok a de\u0148 pracovn\u00e9ho pokoja utorok 29.8. \u010cas a miesto zost\u00e1va nezmenen\u00e9 &#8211; od 9:30 v pezinskej dielni.<\/p>\n<p>Vid\u00edme sa.<\/p>\n<p>\/ikon<\/p>\n","protected":false},"excerpt":{"rendered":"<p>&#8230; zorganizujeme v ne\u0161tandardnom term\u00edne &#8211; utorok 29.8 od 9:30.<\/p>\n","protected":false},"author":1,"featured_media":0,"comment_status":"open","ping_status":"open","sticky":false,"template":"","format":"standard","meta":{"jetpack_post_was_ever_published":false,"_jetpack_newsletter_access":"","_jetpack_dont_email_post_to_subs":false,"_jetpack_newsletter_tier_id":0,"_jetpack_memberships_contains_paywalled_content":false,"_jetpack_memberships_contains_paid_content":false,"footnotes":"","jetpack_publicize_message":"","jetpack_publicize_feature_enabled":true,"jetpack_social_post_already_shared":true,"jetpack_social_options":{"image_generator_settings":{"template":"highway","default_image_id":0,"font":"","enabled":false},"version":2}},"categories":[7],"tags":[],"class_list":["post-930092","post","type-post","status-publish","format-standard","hentry","category-tema-4-stretnutia-php"],"jetpack_publicize_connections":[],"jetpack_featured_media_url":"","jetpack_sharing_enabled":true,"jetpack_shortlink":"https:\/\/wp.me\/p5aqy8-3TXu","jetpack_likes_enabled":true,"jetpack-related-posts":[],"_links":{"self":[{"href":"https:\/\/sindik.at\/index.php?rest_route=\/wp\/v2\/posts\/930092","targetHints":{"allow":["GET"]}}],"collection":[{"href":"https:\/\/sindik.at\/index.php?rest_route=\/wp\/v2\/posts"}],"about":[{"href":"https:\/\/sindik.at\/index.php?rest_route=\/wp\/v2\/types\/post"}],"author":[{"embeddable":true,"href":"https:\/\/sindik.at\/index.php?rest_route=\/wp\/v2\/users\/1"}],"replies":[{"embeddable":true,"href":"https:\/\/sindik.at\/index.php?rest_route=%2Fwp%2Fv2%2Fcomments&post=930092"}],"version-history":[{"count":1,"href":"https:\/\/sindik.at\/index.php?rest_route=\/wp\/v2\/posts\/930092\/revisions"}],"predecessor-version":[{"id":930093,"href":"https:\/\/sindik.at\/index.php?rest_route=\/wp\/v2\/posts\/930092\/revisions\/930093"}],"wp:attachment":[{"href":"https:\/\/sindik.at\/index.php?rest_route=%2Fwp%2Fv2%2Fmedia&parent=930092"}],"wp:term":[{"taxonomy":"category","embeddable":true,"href":"https:\/\/sindik.at\/index.php?rest_route=%2Fwp%2Fv2%2Fcategories&post=930092"},{"taxonomy":"post_tag","embeddable":true,"href":"https:\/\/sindik.at\/index.php?rest_route=%2Fwp%2Fv2%2Ftags&post=930092"}],"curies":[{"name":"wp","href":"https:\/\/api.w.org\/{rel}","templated":true}]}}