{"id":929997,"date":"2016-08-12T21:56:49","date_gmt":"2016-08-12T20:56:49","guid":{"rendered":"http:\/\/sindik.at\/?p=929997"},"modified":"2016-08-12T21:56:49","modified_gmt":"2016-08-12T20:56:49","slug":"augustove-stretnutie-2","status":"publish","type":"post","link":"https:\/\/sindik.at\/?p=929997","title":{"rendered":"Augustov\u00e9 stretnutie"},"content":{"rendered":"<p>Najbli\u017e\u0161ie sa pl\u00e1nujeme stretn\u00fa\u0165 v pondelok 29.8. tentokr\u00e1t na zmenenej adrese &#8211; \u0160teberlova 25, Pezinok.<\/p>\n<p><!--more--><\/p>\n<p>V poslednom augustovom t\u00fd\u017edni sa n\u00e1m naskytli a\u017e dva bonusov\u00e9 vo\u013en\u00e9 dni resp. jeden z nich patr\u00ed u\u017e do septembera. Tak\u017ee aby sme stretnutie stihli e\u0161te v auguste zorganizujeme ho po\u010das \u0161t\u00e1tneho sviatku v pondelok 29.8. v mojej novopostavenej dielni na \u0160teberlovej 25 v Pezinku.<\/p>\n<p>Pre nemotorizovan\u00fdch: Najbli\u017e\u0161ie z\u00e1stavky SAD\/Slovak Lines s\u00fa Pezinok-Polesie alebo Pezinok-S\u00eddlisko Sever. Na obe chod\u00ed bus z vlakovej stanice resp. z Pezinok-N\u00e1mestie.<\/p>\n<p>Te\u0161\u00edm sa na hojn\u00fa \u00fa\u010das\u0165.<\/p>\n<p>\/ikon<\/p>\n<p>&nbsp;<\/p>\n","protected":false},"excerpt":{"rendered":"<p>Najbli\u017e\u0161ie sa pl\u00e1nujeme stretn\u00fa\u0165 v pondelok 29.8. tentokr\u00e1t na zmenenej adrese &#8211; \u0160teberlova 25, Pezinok.<\/p>\n","protected":false},"author":1,"featured_media":0,"comment_status":"open","ping_status":"open","sticky":false,"template":"","format":"standard","meta":{"jetpack_post_was_ever_published":false,"_jetpack_newsletter_access":"","_jetpack_dont_email_post_to_subs":false,"_jetpack_newsletter_tier_id":0,"_jetpack_memberships_contains_paywalled_content":false,"_jetpack_memberships_contains_paid_content":false,"footnotes":"","jetpack_publicize_message":"","jetpack_publicize_feature_enabled":true,"jetpack_social_post_already_shared":true,"jetpack_social_options":{"image_generator_settings":{"template":"highway","default_image_id":0,"font":"","enabled":false},"version":2}},"categories":[7],"tags":[],"class_list":["post-929997","post","type-post","status-publish","format-standard","hentry","category-tema-4-stretnutia-php"],"jetpack_publicize_connections":[],"jetpack_featured_media_url":"","jetpack_sharing_enabled":true,"jetpack_shortlink":"https:\/\/wp.me\/p5aqy8-3TVX","jetpack_likes_enabled":true,"jetpack-related-posts":[],"_links":{"self":[{"href":"https:\/\/sindik.at\/index.php?rest_route=\/wp\/v2\/posts\/929997","targetHints":{"allow":["GET"]}}],"collection":[{"href":"https:\/\/sindik.at\/index.php?rest_route=\/wp\/v2\/posts"}],"about":[{"href":"https:\/\/sindik.at\/index.php?rest_route=\/wp\/v2\/types\/post"}],"author":[{"embeddable":true,"href":"https:\/\/sindik.at\/index.php?rest_route=\/wp\/v2\/users\/1"}],"replies":[{"embeddable":true,"href":"https:\/\/sindik.at\/index.php?rest_route=%2Fwp%2Fv2%2Fcomments&post=929997"}],"version-history":[{"count":1,"href":"https:\/\/sindik.at\/index.php?rest_route=\/wp\/v2\/posts\/929997\/revisions"}],"predecessor-version":[{"id":929998,"href":"https:\/\/sindik.at\/index.php?rest_route=\/wp\/v2\/posts\/929997\/revisions\/929998"}],"wp:attachment":[{"href":"https:\/\/sindik.at\/index.php?rest_route=%2Fwp%2Fv2%2Fmedia&parent=929997"}],"wp:term":[{"taxonomy":"category","embeddable":true,"href":"https:\/\/sindik.at\/index.php?rest_route=%2Fwp%2Fv2%2Fcategories&post=929997"},{"taxonomy":"post_tag","embeddable":true,"href":"https:\/\/sindik.at\/index.php?rest_route=%2Fwp%2Fv2%2Ftags&post=929997"}],"curies":[{"name":"wp","href":"https:\/\/api.w.org\/{rel}","templated":true}]}}