{"id":929988,"date":"2016-06-23T09:12:39","date_gmt":"2016-06-23T08:12:39","guid":{"rendered":"http:\/\/sindik.at\/?p=929988"},"modified":"2016-06-23T12:46:00","modified_gmt":"2016-06-23T11:46:00","slug":"drcon-2016","status":"publish","type":"post","link":"https:\/\/sindik.at\/?p=929988","title":{"rendered":"DRCon 2016"},"content":{"rendered":"<p>Predminul\u00fd v\u00edkend sa konal historicky druh\u00fd zraz osembi\u0165\u00e1kov v Dolnej Radechovej.<\/p>\n<p><!--more--><\/p>\n<p>V piatok sme z Bratislavy na akciu vyrazili kr\u00e1tko po \u0161tvrtej v trojici \u010ci\u017eo, ub880d a ja. Cesta ubiehala pomerne plynule. Na svedom\u00ed to mal zrejme hlavne Waze, ktor\u00fd n\u00e1s povodil po moravsk\u00fdch a \u010desk\u00fdch okresk\u00e1ch v rekordne kr\u00e1tkom \u010dase. Po ceste sme mali len jednu z\u00e1stavku na pumpe za Svitavami a stihli sme to zhruba na pol deviatu ve\u010der. Prv\u00e1 z\u00e1stavka v D.Radechovej bola v penzi\u00f3ne Tereza, kde sme vybavili ubytovanie a n\u00e1sledne sme sa odobrali na Kalasperk. Po drobn\u00fdch peripeti\u00e1ch so zaparkovan\u00edm na spr\u00e1vnom mieste, sme sa zv\u00edtali s pr\u00edtomn\u00fdm osadenstvom. Pred klubo\u0148ou n\u00e1s u\u017e \u010dakali Pavel, Noby, Ellvis a samozrejme organiz\u00e1tor David s rodinkou. Nech\u00fdbal uv\u00edtac\u00ed drink &#8211; pod\u013ea vzoru v\u00fdchodn\u00fdch slovanov &#8211; \u010do in\u00e9 ako vodka.<\/p>\n<p>Odobrali sme sa dnu. Klubov\u0148a sa od minul\u00e9ho ro\u010dn\u00edku v\u00fdrazne nezmenila a zachovala si svoj \u00edre\u010dit\u00fd r\u00e1z. Na\u0161li sme si pr\u00e1zdne stoly a za\u010dali vyba\u013eova\u0165 pov\u00e4\u010d\u0161inou viacbitov\u00e9 ma\u0161iny. Situ\u00e1ciu v tomto oh\u013eade zachra\u0148ovali ostatn\u00ed, ktor\u00ed mali rozlo\u017een\u00e9 poctiv\u00e9 origin\u00e1ly &#8211; David mal Kompakt, Ellvis +3e, Pavel na stole asi 3 spektr\u00e1, pri projektore bola Gama 192k a ja som okrem notebooku vytiahol aj +2 a gum\u00e1ka.<\/p>\n<p>\u010coskoro n\u00e1s hostite\u013e pon\u00fakol \u010derstvo ugrilovan\u00fdmi klob\u00e1skami a\u00a0 dobre na\u010dapovan\u00fdm Krakono\u0161om. T\u00fdm sa navodila kompletn\u00e1 p\u00e1rty pohoda.<\/p>\n<p>Predsa sa vyskytla jedna drobn\u00e1 nepr\u00edjemnos\u0165. Na posledn\u00fa chv\u00ed\u013eu vypovedal slu\u017ebu projektor. \u0160\u00edril sa z neho pomerne v\u00fdrazn\u00fd rachot a ch\u00fdbala mu jedna farebn\u00e1 zlo\u017eka. David sa pok\u00fasil o n\u00e1pravu, ale ke\u010f to vyslovene ne\u0161lo, ve\u013ekoplo\u0161n\u00fa prezent\u00e1ciu po nejakom \u010dase rad\u0161ej ukon\u010dil. N\u00e1hradn\u00fd projektor, ktor\u00fd sa mu podarilo zohna\u0165 v hodine dvan\u00e1stej, zase pre zmenu nebral kompozitn\u00fd vstup z Gamy.<\/p>\n<p>Ve\u010der sa kecalo, pop\u00edjalo a zvy\u0161ovali sme si svoju objektivitu (rozumej hladinku) v\u010faka skvel\u00fdm poldec\u00e1kom v tvare objekt\u00edvu a dobr\u00e9mu pr\u00edsko\u010dn\u00e9mu ko\u0148aku.<br \/>\nPotiahli sme to v dobrej n\u00e1lade hlboko za polnoc a tu\u0161\u00edm okolo druhej nadr\u00e1nom sme sa objavili v penzi\u00f3ne.<\/p>\n<p>Noc bola kr\u00e1tka. R\u00e1no n\u00e1s \u010dakalo skor\u00e9 vst\u00e1vanie a pr\u00edprava na exkurziu do pivovaru Prim\u00e1tor v N\u00e1chode. P\u00f4vodn\u00e9 smel\u00e9 pl\u00e1ny r\u00e1tali s pe\u0161\u00edm presunom z Kalasperku okolo pezi\u00f3nu a\u017e do N\u00e1choda, ale na posledn\u00fa chv\u00ed\u013eu sa obetovali dvaja \u0161of\u00e9ri, aby sme exkurziu stihli, lebo \u010das ne\u00faprosne be\u017eal. Pri\u0161li sme na\u010das a pridali sme sa k skupinke cyklistov. V takejto zostave sme mohli absolvova\u0165 prehliadku \u00fatrob a tajov miestneho pivovaru. Exkurziu viedla star\u0161ia pani &#8211; zrejme d\u00f4chodky\u0148a &#8211; ktor\u00e1 kedysi pracovala vo v\u00fdrobe na vy\u0161\u0161ej funkcii. Dok\u00e1zala n\u00e1m kvetnato porozpr\u00e1va\u0165 hist\u00f3riu &#8211; sprostredkovane od vzniku pivovaru, ale z vlastnej sk\u00fasenosti od hlbokej normaliza\u010dnej doby a\u017e po s\u00fa\u010dasnos\u0165 a pravdupovediac som si to u\u017eil. Ke\u010f niekto rozpr\u00e1va o nie\u010dom \u010domu dopodrobna rozumie a pozn\u00e1 ka\u017ed\u00fd detail je to rados\u0165 po\u010d\u00fava\u0165. To nie je ako na istom nemenovanom retropo\u010d\u00edta\u010dovo-nacion\u00e1lnom f\u00f3re.<\/p>\n<p>Prehliadka priestorov pivovaru skon\u010dila v spolo\u010denskej miestnosti &#8211; alebo ako spr\u00e1vne nazva\u0165 reprezenta\u010dn\u00fa s\u00e1lu so stolmi a barom, kde prebiehala ochutn\u00e1vka skvostov miestnych sl\u00e1dkov a pivovari\u010dov. Za hodinku a pol sme si pre\u0161li nie len 3 druhy narazen\u00e9 na p\u00edpe, ale aj zop\u00e1r f\u013ea\u0161kov\u00fdch exempl\u00e1rov zo skladu. Za seba m\u00f4\u017eem poveda\u0165, \u017ee by som si rozhodne vedel vybra\u0165, hoci najviac ospevovan\u00fd a oce\u0148ovan\u00fd WeizenBier ma extra neoslovil.Stout alebo klasick\u00e1 12 m\u00e1 ur\u010dite nie\u010do do seba. Aj ke\u010f by sa ur\u010dite dalo vybra\u0165 aj zo zvrchu kvasen\u00fdch vzoriek.<\/p>\n<p>Nasledoval n\u00e1kup f\u013ea\u0161iek na dom\u00e1cu konzum\u00e1ciu v pivovarskom obchode a presun na p\u013eac. Pos\u00e1dka Pavlovho auta mala e\u0161te t\u00fa \u010des\u0165 sa po\u010das cesty zastavi\u0165 a prezrie\u0165 si jeho \u201cdoup\u011b\u201d. A poviem v\u00e1m, viem si tak\u00fa diel\u0148o-kancel\u00e1riu predstavi\u0165 aj niekde pri mojom bar\u00e1ku.<\/p>\n<p>Na neskor\u0161\u00ed obed David pripravil bu\u0159tgul\u00e1\u0161 s pe\u010dienkami, ktor\u00fd bol fam\u00f3zny a v\u00fdrazne pote\u0161il pivnou ko\u0161tovkou \u0161mahnut\u00fd \u017eal\u00fadok. Samozrejme sme konzum\u00e1ciu piva neukon\u010dili, ba pr\u00e1ve naopak, m\u00e1m pocit, \u017ee exkurzia n\u00e1m prospela a nakopla pivn\u00fd tr\u00e1viaci syst\u00e9m. Krakono\u0161 sa to\u010dil vo ve\u013ekom a my sme si to u\u017e\u00edvali naplno.<\/p>\n<p>Tak\u00fdto konzumn\u00fd sp\u00f4sob a skor\u00e9 rann\u00e9 vst\u00e1vanie sa n\u00e1m poobede trochu vypomstili. Na strieda\u010dku sa na pohovke vystriedala v\u00e4\u010d\u0161ia \u010das\u0165 osadenstva DRConu. \u0160lof\u00edk padol vhod a dovolil n\u00e1m nabra\u0165 s\u00edl do \u010fal\u0161\u00edch hod\u00edn.<\/p>\n<p>N\u00e1hradn\u00fd projektor, ktor\u00fd som spom\u00ednal vy\u0161\u0161ie, sa uplatnil sa a\u017e v sobotu, ke\u010f Mikezt vyhl\u00e1sil, \u017ee na Speccy 2010 by mohol \u0161lapa\u0165 bez probl\u00e9mov aj na 50Hz. Naozaj ho pripojil a projektor v pohode zobrazoval.<\/p>\n<p>P\u00fa\u0161\u0165ali sme na \u0148om nov\u0161ie dem\u00e1, ktor\u00e9 som nar\u00fdchlo pos\u0165ahoval z trd.speccy.cz, aby sme nemuseli \u010daka\u0165 na nahr\u00e1vanie tapiek, ktor\u00e9 na Speccy2010 \u017eia\u013e st\u00e1le nie je fle\u0161ov\u00e9. Sn\u00e1\u010f sa u\u017e \u010doskoro do\u010dk\u00e1me firmv\u00e9ru od mborika, ktor\u00fd bude kone\u010dne podporova\u0165 plnohodnotn\u00fa emul\u00e1ciu divIDE alebo aspo\u0148 flashload tapiek.<\/p>\n<p>Z technick\u00fdch vec\u00ed som zatia\u013e toho ve\u013ea nespomenul, tak\u017ee to sk\u00fasim zhrn\u00fa\u0165 v p\u00e1r nasleduj\u00facich odstavcoch.<\/p>\n<p>Pavel mi polo\u017eil na st\u00f4l jeden \u010dinsky monitor, ktor\u00fd m\u00e1 probl\u00e9m s kompozitn\u00fdm sign\u00e1lom zo ZX. V pr\u00edpade jednodosk\u00e1\u010da Banana-Pi s Bananianom a fuse-sdl vo framebufferi fungoval v pohode, \u010di\u017ee jednozna\u010dne m\u00e1 probl\u00e9m iba s ne\u0161tandardn\u00fdm v\u00fdstupom spektra. Mnou z DX.com zak\u00fapen\u00fd PL-8006 je u\u017e dnes nedostatkov\u00fd tovar, ten v\u0161ak \u017eiadny probl\u00e9m so spektr\u00e1ckym sign\u00e1lom nem\u00e1.<\/p>\n<p>Tie\u017e som sa trochu prehrab\u00e1val vo vystaven\u00fdch star\u00fdch \u010d\u00edslach Fifa v n\u00e1deji, \u017ee opr\u00e1\u0161im svoje nostalgick\u00e9 spomienky a svoje star\u00e9 listingy znova prep\u00ed\u0161em do emul\u00e1tora. K ni\u010domu som sa nedohrabal, lebo v zbierke chybali \u010d\u00edsla 16 a 21. Pr\u00e1ve tie, v ktor\u00fdch som mal svoje pr\u00edspevky. Tak som si ich nar\u00fdchlo stiahol zo <a href=\"http:\/\/zxm.speccy.cz\/?x=fifo\">zxm.speccy.cz<\/a>. Z \u010d\u00edsla 16 strany 6 som prep\u00edsal listing 3 a dorobil makro verziu mikroprintu. Nebudem chodi\u0165 okolo hor\u00facej ka\u0161e &#8211; v\u00fdsledok je <a href=\"http:\/\/sindik.at\/data\/drcon16.tap\">tu<\/a>:<br \/>\n<a href=\"http:\/\/sindik.at\/wp-content\/uploads\/2016\/06\/drcon_16.png\"><img loading=\"lazy\" decoding=\"async\" class=\"aligncenter size-full wp-image-929987\" src=\"http:\/\/sindik.at\/wp-content\/uploads\/2016\/06\/drcon_16.png\" alt=\"drcon_16\" width=\"636\" height=\"474\" srcset=\"https:\/\/sindik.at\/wp-content\/uploads\/2016\/06\/drcon_16.png 636w, https:\/\/sindik.at\/wp-content\/uploads\/2016\/06\/drcon_16-300x224.png 300w, https:\/\/sindik.at\/wp-content\/uploads\/2016\/06\/drcon_16-403x300.png 403w\" sizes=\"auto, (max-width: 636px) 100vw, 636px\" \/><\/a>Ellvis l\u00faskal ZX +3e pod\u013ea \u010dl\u00e1nku v \u010dasopise Spectrum Today, ktor\u00fd s\u00e1m vyd\u00e1va. Trochu ho potr\u00e1pila CF karta a presnos jej obsahu do PCka. Ani napriek n\u00e1vodu v \u010dasopise veci nechceli zafungova\u0165 a mne to pripadalo ako probl\u00e9m s verziami +3e ROM. Ellvis mal v\u0161ak pravdu v tom, \u017ee form\u00e1t m\u00e9dia by sa medzi jednotliv\u00fdmi verziami nemal meni\u0165. Overi\u0165 sme to v\u0161ak nemali ako, lebo sme na nete nar\u00fdchlo nezohnali verzie, ktor\u00e9 mal nap\u00e1len\u00e9 v EPROM, aby sme ich podhodili emul\u00e1toru a otestovali obraz CF karty.<\/p>\n<p>Pavel s Davidom zis\u0165ovali \u010do sa deje s Davidov\u00fdm Kompaktom po dlh\u0161ej dobe od zapnutia. Ako sa zahrial, vykazoval nestabilitu a nena\u010d\u00edtaval obsah diskety. Pavel sa sna\u017eil o v\u00fdmenu zop\u00e1r s\u00fa\u010diastok v okol\u00ed disketovky, \u017eia\u013e oper\u00e1cia situ\u00e1ciu nezlep\u0161ila.<\/p>\n<p>Ub880d sa stal na\u0161\u00edm poskytovate\u013eom bezdr\u00f4tov\u00e9ho internetu v t\u00fdchto od\u013eahl\u00fdch kon\u010din\u00e1ch. Davidovi tam tr\u010dal pri stene iba jeden k\u00e1bel, ktor\u00fd sme nemali ako rozvies\u0165 a rozmno\u017ei\u0165 po klubovni, tak\u017ee Ub880d nakopol svoje staru\u010dk\u00e9 EeePC 701 spravil n\u00e1m z neho AP.<\/p>\n<p>Sobotn\u00fd ve\u010der sme zakon\u010dili Mikeztovou prezent\u00e1ciou fotiek z exotickej dovolenky.<\/p>\n<p>Nakoniec sme sa dokot\u00fa\u013eali do penzi\u00f3nu nabra\u0165 sily na de\u0148 odchodu.<\/p>\n<p>Pri rannom n\u00e1stupe v klubovni, niektor\u00ed zvl\u00e1dali aj \u201cra\u0148ajky \u0161ampi\u00f3nov\u201d &#8211; pivo a kal\u00ed\u0161ek. Vzh\u013eadom na to, \u017ee som bol \u0161of\u00e9r, takejto kombin\u00e1cie som sa str\u00e1nil. N\u00e1sledne sme si pravili spolo\u010dn\u00e9 foto a namiesto vstupn\u00e9ho sa zbieralo \u201cv\u00fdstupn\u00e9\u201d. Ako je na tejto akcii zvykom, plat\u00ed sa a\u017e pri odchode. Preto niektor\u00ed zva\u017eovali mo\u017enos\u0165 nezaplati\u0165, aby si pobyt e\u0161te pred\u013a\u017eili. S nev\u00f4\u013eou som zaplatil &#8211; nie kv\u00f4li peniazom, ale kv\u00f4li nutnosti od\u00eds\u0165. Ur\u010dite by som r\u00e1d zostal dlh\u0161ie. Pomaly som v\u0161ak pobalil veci podobne ako ostatn\u00ed pasa\u017eieri na smer Bratislava, ponosili sme ich do auta, rozl\u00fa\u010dili sa a vyrazili.<\/p>\n<p>Bola to op\u00e4\u0165 vydaren\u00e1 akcia na ktor\u00fa sa bude minim\u00e1lne rok spom\u00edna\u0165. Term\u00edn konania bud\u00facoro\u010dnej bol predbe\u017ene stanoven\u00fd rovnako na druh\u00fd j\u00fanov\u00fd t\u00fd\u017ede\u0148.<\/p>\n<p>Pavlove fotky z akcie s\u00fa opublikovan\u00e9 <a href=\"http:\/\/vym.cz\/DRCon2016\/\">tu<\/a>.<\/p>\n<p>\/ikon<\/p>\n","protected":false},"excerpt":{"rendered":"<p>Predminul\u00fd v\u00edkend sa konal historicky druh\u00fd zraz osembi\u0165\u00e1kov v Dolnej Radechovej.<\/p>\n","protected":false},"author":1,"featured_media":0,"comment_status":"open","ping_status":"open","sticky":false,"template":"","format":"standard","meta":{"jetpack_post_was_ever_published":false,"_jetpack_newsletter_access":"","_jetpack_dont_email_post_to_subs":false,"_jetpack_newsletter_tier_id":0,"_jetpack_memberships_contains_paywalled_content":false,"_jetpack_memberships_contains_paid_content":false,"footnotes":"","jetpack_publicize_message":"","jetpack_publicize_feature_enabled":true,"jetpack_social_post_already_shared":true,"jetpack_social_options":{"image_generator_settings":{"template":"highway","default_image_id":0,"font":"","enabled":false},"version":2}},"categories":[7],"tags":[],"class_list":["post-929988","post","type-post","status-publish","format-standard","hentry","category-tema-4-stretnutia-php"],"jetpack_publicize_connections":[],"jetpack_featured_media_url":"","jetpack_sharing_enabled":true,"jetpack_shortlink":"https:\/\/wp.me\/p5aqy8-3TVO","jetpack_likes_enabled":true,"jetpack-related-posts":[],"_links":{"self":[{"href":"https:\/\/sindik.at\/index.php?rest_route=\/wp\/v2\/posts\/929988","targetHints":{"allow":["GET"]}}],"collection":[{"href":"https:\/\/sindik.at\/index.php?rest_route=\/wp\/v2\/posts"}],"about":[{"href":"https:\/\/sindik.at\/index.php?rest_route=\/wp\/v2\/types\/post"}],"author":[{"embeddable":true,"href":"https:\/\/sindik.at\/index.php?rest_route=\/wp\/v2\/users\/1"}],"replies":[{"embeddable":true,"href":"https:\/\/sindik.at\/index.php?rest_route=%2Fwp%2Fv2%2Fcomments&post=929988"}],"version-history":[{"count":5,"href":"https:\/\/sindik.at\/index.php?rest_route=\/wp\/v2\/posts\/929988\/revisions"}],"predecessor-version":[{"id":929993,"href":"https:\/\/sindik.at\/index.php?rest_route=\/wp\/v2\/posts\/929988\/revisions\/929993"}],"wp:attachment":[{"href":"https:\/\/sindik.at\/index.php?rest_route=%2Fwp%2Fv2%2Fmedia&parent=929988"}],"wp:term":[{"taxonomy":"category","embeddable":true,"href":"https:\/\/sindik.at\/index.php?rest_route=%2Fwp%2Fv2%2Fcategories&post=929988"},{"taxonomy":"post_tag","embeddable":true,"href":"https:\/\/sindik.at\/index.php?rest_route=%2Fwp%2Fv2%2Ftags&post=929988"}],"curies":[{"name":"wp","href":"https:\/\/api.w.org\/{rel}","templated":true}]}}