{"id":929904,"date":"2015-09-02T20:52:17","date_gmt":"2015-09-02T19:52:17","guid":{"rendered":"http:\/\/sindik.at\/?p=929904"},"modified":"2015-09-08T16:14:27","modified_gmt":"2015-09-08T15:14:27","slug":"septembrove-stretnutie-2","status":"publish","type":"post","link":"https:\/\/sindik.at\/?p=929904","title":{"rendered":"Septembrov\u00e9 stretnutie"},"content":{"rendered":"<p>Po pr\u00e1dzninovej prest\u00e1vke sa op\u00e4\u0165 hl\u00e1sime a u\u017e aj pl\u00e1nujme \u010fal\u0161ie stretnutie na sobotu 19.9. na zvy\u010dajnom mieste.<\/p>\n<p><!--more--><\/p>\n<p>September bude op\u00e4\u0165 pln\u00fd kadejak\u00fdch aktiv\u00edt, tak pre\u010do kone\u010dne neprida\u0165 aj nejak\u00fa spektr\u00e1cku stret\u00e1vku. Za vhodn\u00fd term\u00edn, ktor\u00fd vyhovuje aj zahrani\u010dn\u00fdm n\u00e1v\u0161etvn\u00edkom bola identifkovan\u00e1 sobota 19.9. Stretneme sa v Smoleniciach od 9:30. Pr\u00edpadne pre t\u00fdch, ktor\u00ed nav\u0161t\u00edvia burzu na Vajnorskej (ako napr. ja) je povolen\u00fd aj neskor\u0161\u00ed pr\u00edchod.<\/p>\n<p>Do-spektrenia, priatelia!<\/p>\n<p>\/ikon<\/p>\n","protected":false},"excerpt":{"rendered":"<p>Po pr\u00e1dzninovej prest\u00e1vke sa op\u00e4\u0165 hl\u00e1sime a u\u017e aj pl\u00e1nujme \u010fal\u0161ie stretnutie na sobotu 19.9. na zvy\u010dajnom mieste.<\/p>\n","protected":false},"author":1,"featured_media":0,"comment_status":"open","ping_status":"open","sticky":false,"template":"","format":"standard","meta":{"jetpack_post_was_ever_published":false,"_jetpack_newsletter_access":"","_jetpack_dont_email_post_to_subs":false,"_jetpack_newsletter_tier_id":0,"_jetpack_memberships_contains_paywalled_content":false,"_jetpack_memberships_contains_paid_content":false,"footnotes":"","jetpack_publicize_message":"","jetpack_publicize_feature_enabled":true,"jetpack_social_post_already_shared":true,"jetpack_social_options":{"image_generator_settings":{"template":"highway","default_image_id":0,"font":"","enabled":false},"version":2}},"categories":[7],"tags":[],"class_list":["post-929904","post","type-post","status-publish","format-standard","hentry","category-tema-4-stretnutia-php"],"jetpack_publicize_connections":[],"jetpack_featured_media_url":"","jetpack_sharing_enabled":true,"jetpack_shortlink":"https:\/\/wp.me\/p5aqy8-3TUs","jetpack_likes_enabled":true,"jetpack-related-posts":[],"_links":{"self":[{"href":"https:\/\/sindik.at\/index.php?rest_route=\/wp\/v2\/posts\/929904","targetHints":{"allow":["GET"]}}],"collection":[{"href":"https:\/\/sindik.at\/index.php?rest_route=\/wp\/v2\/posts"}],"about":[{"href":"https:\/\/sindik.at\/index.php?rest_route=\/wp\/v2\/types\/post"}],"author":[{"embeddable":true,"href":"https:\/\/sindik.at\/index.php?rest_route=\/wp\/v2\/users\/1"}],"replies":[{"embeddable":true,"href":"https:\/\/sindik.at\/index.php?rest_route=%2Fwp%2Fv2%2Fcomments&post=929904"}],"version-history":[{"count":2,"href":"https:\/\/sindik.at\/index.php?rest_route=\/wp\/v2\/posts\/929904\/revisions"}],"predecessor-version":[{"id":929906,"href":"https:\/\/sindik.at\/index.php?rest_route=\/wp\/v2\/posts\/929904\/revisions\/929906"}],"wp:attachment":[{"href":"https:\/\/sindik.at\/index.php?rest_route=%2Fwp%2Fv2%2Fmedia&parent=929904"}],"wp:term":[{"taxonomy":"category","embeddable":true,"href":"https:\/\/sindik.at\/index.php?rest_route=%2Fwp%2Fv2%2Fcategories&post=929904"},{"taxonomy":"post_tag","embeddable":true,"href":"https:\/\/sindik.at\/index.php?rest_route=%2Fwp%2Fv2%2Ftags&post=929904"}],"curies":[{"name":"wp","href":"https:\/\/api.w.org\/{rel}","templated":true}]}}