{"id":929863,"date":"2015-06-15T21:42:39","date_gmt":"2015-06-15T20:42:39","guid":{"rendered":"http:\/\/sindik.at\/?p=929863"},"modified":"2015-06-17T15:48:35","modified_gmt":"2015-06-17T14:48:35","slug":"zapisky-drcon-2015","status":"publish","type":"post","link":"https:\/\/sindik.at\/?p=929863","title":{"rendered":"Z\u00e1pisky DRCon 2015"},"content":{"rendered":"<p>Z na\u0161ich z\u00e1padoslovensk\u00fdch kon\u010d\u00edn sme sa na t\u00fato akciu napokon odhodlali vyrazi\u0165 iba dvaja &#8211; \u010ci\u017eo a ja.<\/p>\n<p><!--more--><\/p>\n<p>Na cestu sme sa vydali iba s mal\u00fdm oneskoren\u00edm oproti p\u00f4vodn\u00e9mu pl\u00e1nu, ale \u010ci\u017eova nervozita a vzru\u0161enie za dobrodru\u017estvom sa u\u017e dali kr\u00e1ja\u0165. Cesta do Brna prebiehala cez zn\u00e1mu trasu rozstrasenej dia\u013enice D2, ale potom sme to zobrali cez dediny so v\u0161akovak\u00fdmi menami. A\u017e som mal pocit, \u017ee kreat\u00edvec, ktor\u00fd tie men\u00e1 vym\u00fd\u0161\u013eal musel \u0161lapa\u0165 na nie\u010dom fajnovom. Pos\u00fa\u010fte sami: Krucemburk, Vojn\u016fv M\u011bstec \u010di \u00dadavy vyvolali vlnu povznesenia.<\/p>\n<p>Po precestovan\u00fdch hodin\u00e1ch sme za N\u00e1chodom kone\u010dne zazreli tabu\u013eu \u201cDoln\u00ed Radechov\u00e1\u201d. Levda sme stihli dorazi\u0165 na na\u0161e ubytovanie do stanoven\u00fdch 20:00, ale na\u0161\u0165astie vysvitlo, \u017ee prev\u00e1dzkovate\u013eka penzi\u00f3nu tam aj preb\u00fdva, tak\u017ee p\u00f4vodn\u00e1 obava o komplik\u00e1cii ubytovania v neskor\u0161\u00edch hodin\u00e1ch sa rozplynula.<\/p>\n<p>Za chv\u00ed\u013eu sme mali vybalen\u00e9 a pobrali sa na miesto konania akcie &#8211; na Kalasperk. Na nov\u00e9 firemn\u00e9 auto bol tento kopec po ceste pre jedno vozidlo do z\u00e1hradk\u00e1rsko-chatovej oblasti celkom zaber\u00e1k, ale pre\u0161li sme to a\u017e na \u00fapln\u00fd koniec slepej ulice, kde sme ne\u010dakane nav\u0161t\u00edvili horn\u00fdch D\u00e1vidov\u00fdch susedov. Ich pes sa nesmierne te\u0161il, a\u017e som mal strach, \u017ee po\u0161kriabe lak na streche, ale dom\u00e1ci ho zahnali a nechali n\u00e1s v k\u013eude vyc\u00fava\u0165. N\u00e1sledne sme u\u017e mohli na z\u00e1klade ich pokynov zaparkova\u0165 pred miestom konania akcie.<\/p>\n<p><a href=\"http:\/\/sindik.at\/wp-content\/uploads\/2015\/06\/Piatok00.jpg\"><img loading=\"lazy\" decoding=\"async\" class=\"aligncenter size-full wp-image-929890\" src=\"http:\/\/sindik.at\/wp-content\/uploads\/2015\/06\/Piatok00.jpg\" alt=\"Piatok00\" width=\"1024\" height=\"680\" srcset=\"https:\/\/sindik.at\/wp-content\/uploads\/2015\/06\/Piatok00.jpg 1024w, https:\/\/sindik.at\/wp-content\/uploads\/2015\/06\/Piatok00-300x199.jpg 300w, https:\/\/sindik.at\/wp-content\/uploads\/2015\/06\/Piatok00-452x300.jpg 452w\" sizes=\"auto, (max-width: 1024px) 100vw, 1024px\" \/><\/a>Po vyst\u00fapen\u00ed z auta n\u00e1s \u010dakala klubov\u0148a dobovo ve\u013emi \u0161t\u00fdlov\u00e1 vr\u00e1tane predrevolu\u010dn\u00e9ho cigaretov\u00e9ho dymu, ktor\u00fd sa dal kr\u00e1ja\u0165. Ale ten k v\u00fdzdobe a n\u00e1stenk\u00e1m vyslovene pasoval. Azbuka, log\u00e1 a hesl\u00e1 KS\u010c, v strede biliardov\u00fd st\u00f4l, na ktorom le\u017eali vz\u00e1cne relikvie v podobe r\u00f4znych spektier a klonov obklopen\u00e9 temer nepo\u0161kvrnen\u00fdmi dobov\u00fdmi \u010dasopismi.<br \/>\nNa jednom konci \u0161n\u00fary na pr\u00e1dlo natiahnutej po d\u013a\u017eke klubove visela sovietska vlajka s kos\u00e1kom a kladivom a na druh\u00fd sa mi podarilo zavesi\u0165 t\u00fa sindikatsku. Akcia sa kone\u010dne mohla za\u010da\u0165 aj pre n\u00e1s. Popod\u00e1vali sme si ruky s ostatn\u00fdmi \u00fa\u010dastn\u00edkmi a tak sme mohli da\u0165 dokopy prezen\u010dku n\u00e1\u0161ho zasadania: D\u00e1vid, Wyctor, Pavel, Mikezt, Ellvis, \u010ci\u017eo a ja. K ob\u010dasn\u00fdm \u00fa\u010dastn\u00edkom mus\u00edme e\u0161te prir\u00e1ta\u0165 Davidovu man\u017eelku a mal\u00fa dc\u00e9rku Ladu.<\/p>\n<p><a href=\"http:\/\/sindik.at\/wp-content\/uploads\/2015\/06\/Piatok01.jpg\"><img loading=\"lazy\" decoding=\"async\" class=\"aligncenter size-full wp-image-929893\" src=\"http:\/\/sindik.at\/wp-content\/uploads\/2015\/06\/Piatok01.jpg\" alt=\"Piatok01\" width=\"1024\" height=\"681\" srcset=\"https:\/\/sindik.at\/wp-content\/uploads\/2015\/06\/Piatok01.jpg 1024w, https:\/\/sindik.at\/wp-content\/uploads\/2015\/06\/Piatok01-300x200.jpg 300w, https:\/\/sindik.at\/wp-content\/uploads\/2015\/06\/Piatok01-451x300.jpg 451w\" sizes=\"auto, (max-width: 1024px) 100vw, 1024px\" \/><\/a><a href=\"http:\/\/sindik.at\/wp-content\/uploads\/2015\/06\/Piatok03.jpg\"><img loading=\"lazy\" decoding=\"async\" class=\"aligncenter size-full wp-image-929889\" src=\"http:\/\/sindik.at\/wp-content\/uploads\/2015\/06\/Piatok03.jpg\" alt=\"Piatok03\" width=\"1024\" height=\"680\" srcset=\"https:\/\/sindik.at\/wp-content\/uploads\/2015\/06\/Piatok03.jpg 1024w, https:\/\/sindik.at\/wp-content\/uploads\/2015\/06\/Piatok03-300x199.jpg 300w, https:\/\/sindik.at\/wp-content\/uploads\/2015\/06\/Piatok03-452x300.jpg 452w\" sizes=\"auto, (max-width: 1024px) 100vw, 1024px\" \/><\/a>V piatok som sa hlavne socializoval pri pive\u010dku a fajnov\u00fdch opekan\u00fdch klob\u00e1skach. \u010ci\u017eo rozlo\u017eil aj jedin\u00fa ma\u0161inu so Z80 CPU, ktor\u00e1 nebola priamo (sinclair) alebo sprostredkovane (didaktik, pentevo) od str\u00fd\u010dka Clivea. Ja som spektrum iba vybalil, ale ani nezapojil.<br \/>\nHodn\u00fa chv\u00ed\u013eu po polnoci sme sa podgur\u00e1\u017een\u00ed vydali na cesty po dedine, lebo penzi\u00f3n bol a\u017e na jej konci. V\u0161etko prebehlo hladko, dokonca sme nemali ani probl\u00e9m trafi\u0165 aj s na\u0161im promile.<\/p>\n<p>Slne\u010dn\u00e9 r\u00e1no sa rozbehlo v\u00fddatn\u00fdmi ra\u0148ajkami zakon\u010den\u00fdmi pop\u00edjan\u00edm n\u00e1pojov s dostato\u010dn\u00fdm obsahom kofe\u00ednu, aby sme sa r\u00fdchlo zotavili po kr\u00e1tkej noci.<br \/>\nPo pr\u00edchode na p\u00e1rtyp\u013eac u\u017e mali niektor\u00ed\u00a0 na\u010dapovan\u00e9 rann\u00e9 pive\u010dko na prebratie, ale vzh\u013eadom na to, \u017ee sa spom\u00ednal nejak\u00fd v\u00fdlet ja som zostal pri nealku.<br \/>\nDobre som spravil, lebo pevnos\u0165 Dobro\u0161ov naozaj\u00a0nebola na pe\u0161\u00ed v\u00fdlet. Museli sme najprv autom prejs\u0165 asi pol hodinku &#8211; cez cel\u00fd N\u00e1chod, zop\u00e1r ded\u00edn a\u017e sme k nej dorazili. Z n\u00e1stenky sme sa dozvedeli, \u017ee posledn\u00fd term\u00edn prehliadky <strong>pred<\/strong> poludn\u00edm je <strong>12:30<\/strong>, tak\u017ee n\u00e1m od\u013eahlo &#8211; v\u0161etko st\u00edhame \ud83d\ude42<\/p>\n<p><a href=\"http:\/\/sindik.at\/wp-content\/uploads\/2015\/06\/Dobrosov00.jpg\"><img loading=\"lazy\" decoding=\"async\" class=\"aligncenter size-full wp-image-929885\" src=\"http:\/\/sindik.at\/wp-content\/uploads\/2015\/06\/Dobrosov00.jpg\" alt=\"Dobrosov00\" width=\"1024\" height=\"680\" srcset=\"https:\/\/sindik.at\/wp-content\/uploads\/2015\/06\/Dobrosov00.jpg 1024w, https:\/\/sindik.at\/wp-content\/uploads\/2015\/06\/Dobrosov00-300x199.jpg 300w, https:\/\/sindik.at\/wp-content\/uploads\/2015\/06\/Dobrosov00-452x300.jpg 452w\" sizes=\"auto, (max-width: 1024px) 100vw, 1024px\" \/><\/a> <a href=\"http:\/\/sindik.at\/wp-content\/uploads\/2015\/06\/Dobrosov02.jpg\"><img loading=\"lazy\" decoding=\"async\" class=\"aligncenter size-full wp-image-929884\" src=\"http:\/\/sindik.at\/wp-content\/uploads\/2015\/06\/Dobrosov02.jpg\" alt=\"Dobrosov02\" width=\"1024\" height=\"680\" srcset=\"https:\/\/sindik.at\/wp-content\/uploads\/2015\/06\/Dobrosov02.jpg 1024w, https:\/\/sindik.at\/wp-content\/uploads\/2015\/06\/Dobrosov02-300x199.jpg 300w, https:\/\/sindik.at\/wp-content\/uploads\/2015\/06\/Dobrosov02-452x300.jpg 452w\" sizes=\"auto, (max-width: 1024px) 100vw, 1024px\" \/><\/a>Do term\u00ednu \u010fal\u0161ej prehliadky zost\u00e1valo necel\u00fdch 20 min\u00fat, tak sme si najprv bez sprievodcu prezreli bunker N-72 M\u016fstek. <a href=\"http:\/\/sindik.at\/wp-content\/uploads\/2015\/06\/Dobrosov01.jpg\"><img loading=\"lazy\" decoding=\"async\" class=\"aligncenter size-full wp-image-929886\" src=\"http:\/\/sindik.at\/wp-content\/uploads\/2015\/06\/Dobrosov01.jpg\" alt=\"Dobrosov01\" width=\"1024\" height=\"680\" srcset=\"https:\/\/sindik.at\/wp-content\/uploads\/2015\/06\/Dobrosov01.jpg 1024w, https:\/\/sindik.at\/wp-content\/uploads\/2015\/06\/Dobrosov01-300x199.jpg 300w, https:\/\/sindik.at\/wp-content\/uploads\/2015\/06\/Dobrosov01-452x300.jpg 452w\" sizes=\"auto, (max-width: 1024px) 100vw, 1024px\" \/><\/a>Nasledovala prehliadka so sprievodcom, ktor\u00e1 skuto\u010dne st\u00e1la za to. Obdivujem toho chlapa, ktor\u00fd dok\u00e1\u017ee zhruba 400 schodov do priestorov skryt\u00fdch 32 metrov pod zemou a naspa\u0165 absolvova\u0165 aj viackr\u00e1t za de\u0148. Kto tieto podzemn\u00e9 priestory e\u0161te nevidel vrele odpor\u00fa\u010dam. Ak uv\u00e1\u017eime \u00farove\u0148 technol\u00f3gi\u00ed z \u010dias 1. \u010cS republiky je t\u00e1to stavba jednoducho \u00fachvatn\u00e1.<\/p>\n<p><a href=\"http:\/\/sindik.at\/wp-content\/uploads\/2015\/06\/Dobrosov06.jpg\"><img loading=\"lazy\" decoding=\"async\" class=\"aligncenter size-full wp-image-929880\" src=\"http:\/\/sindik.at\/wp-content\/uploads\/2015\/06\/Dobrosov06.jpg\" alt=\"Dobrosov06\" width=\"1024\" height=\"680\" srcset=\"https:\/\/sindik.at\/wp-content\/uploads\/2015\/06\/Dobrosov06.jpg 1024w, https:\/\/sindik.at\/wp-content\/uploads\/2015\/06\/Dobrosov06-300x199.jpg 300w, https:\/\/sindik.at\/wp-content\/uploads\/2015\/06\/Dobrosov06-452x300.jpg 452w\" sizes=\"auto, (max-width: 1024px) 100vw, 1024px\" \/><\/a> <a href=\"http:\/\/sindik.at\/wp-content\/uploads\/2015\/06\/Dobrosov05.jpg\"><img loading=\"lazy\" decoding=\"async\" class=\"aligncenter size-full wp-image-929881\" src=\"http:\/\/sindik.at\/wp-content\/uploads\/2015\/06\/Dobrosov05.jpg\" alt=\"Dobrosov05\" width=\"1024\" height=\"680\" srcset=\"https:\/\/sindik.at\/wp-content\/uploads\/2015\/06\/Dobrosov05.jpg 1024w, https:\/\/sindik.at\/wp-content\/uploads\/2015\/06\/Dobrosov05-300x199.jpg 300w, https:\/\/sindik.at\/wp-content\/uploads\/2015\/06\/Dobrosov05-452x300.jpg 452w\" sizes=\"auto, (max-width: 1024px) 100vw, 1024px\" \/><\/a> <a href=\"http:\/\/sindik.at\/wp-content\/uploads\/2015\/06\/Dobrosov07.jpg\"><img loading=\"lazy\" decoding=\"async\" class=\"aligncenter size-full wp-image-929879\" src=\"http:\/\/sindik.at\/wp-content\/uploads\/2015\/06\/Dobrosov07.jpg\" alt=\"Dobrosov07\" width=\"1024\" height=\"680\" srcset=\"https:\/\/sindik.at\/wp-content\/uploads\/2015\/06\/Dobrosov07.jpg 1024w, https:\/\/sindik.at\/wp-content\/uploads\/2015\/06\/Dobrosov07-300x199.jpg 300w, https:\/\/sindik.at\/wp-content\/uploads\/2015\/06\/Dobrosov07-452x300.jpg 452w\" sizes=\"auto, (max-width: 1024px) 100vw, 1024px\" \/><\/a> <a href=\"http:\/\/sindik.at\/wp-content\/uploads\/2015\/06\/Dobrosov03.jpg\"><img loading=\"lazy\" decoding=\"async\" class=\"aligncenter size-full wp-image-929882\" src=\"http:\/\/sindik.at\/wp-content\/uploads\/2015\/06\/Dobrosov04.jpg\" alt=\"Dobrosov04\" width=\"1024\" height=\"680\" srcset=\"https:\/\/sindik.at\/wp-content\/uploads\/2015\/06\/Dobrosov04.jpg 1024w, https:\/\/sindik.at\/wp-content\/uploads\/2015\/06\/Dobrosov04-300x199.jpg 300w, https:\/\/sindik.at\/wp-content\/uploads\/2015\/06\/Dobrosov04-452x300.jpg 452w\" sizes=\"auto, (max-width: 1024px) 100vw, 1024px\" \/><img loading=\"lazy\" decoding=\"async\" class=\"aligncenter size-full wp-image-929883\" src=\"http:\/\/sindik.at\/wp-content\/uploads\/2015\/06\/Dobrosov03.jpg\" alt=\"Dobrosov03\" width=\"1024\" height=\"680\" srcset=\"https:\/\/sindik.at\/wp-content\/uploads\/2015\/06\/Dobrosov03.jpg 1024w, https:\/\/sindik.at\/wp-content\/uploads\/2015\/06\/Dobrosov03-300x199.jpg 300w, https:\/\/sindik.at\/wp-content\/uploads\/2015\/06\/Dobrosov03-452x300.jpg 452w\" sizes=\"auto, (max-width: 1024px) 100vw, 1024px\" \/><\/a><\/p>\n<p>V podzem\u00ed bolo pr\u00edjemne chladno, ale po n\u00e1vrate na povrch n\u00e1s pote\u0161il bufet s tepl\u00fdmi p\u00e1rkami a studen\u00fdm pivom \u010di pre \u0161of\u00e9rov nealkom.<br \/>\n\u010ealej sme sa t\u00falali po lesnej \u010distinke, kde n\u00e1s zaujali prvky infra\u0161trukt\u00fary, ktor\u00e9\u00a0 \u0165a\u017eko n\u00e1js\u0165 aj v zastavan\u00fdch civilizovan\u00fdch aglomer\u00e1ci\u00e1ch. Cesta uprostred \u010distinky bola lemovan\u00e1 pouli\u010dn\u00fdm osvetlen\u00edm a na jej konci sa nach\u00e1dzal zrejme \u010derstvo natret\u00fd po\u017eiarny hydrant obrasten\u00fd hustou nepokosenou \u010fatelinou a l\u00fa\u010dnou tr\u00e1vou. Skuto\u010dne osvie\u017euj\u00faca potom bola stud\u0148a s ru\u010dnou pumpou, kde sme sa ovla\u017eili.<\/p>\n<p>V\u00fdlet pokra\u010doval k \u010fal\u0161\u00edm vojensk\u00fdm bunkrom, ktor\u00e9 sa l\u00ed\u0161ili stavom a vybaven\u00edm. Najkompletnej\u0161\u00ed bol bunker B\u0159ezinka, ktor\u00fd sa sna\u017eil dobovo presne nazna\u010di\u0165 ako to vyzeralo resp. malo vyzera\u0165 za ostrej prev\u00e1dzky.<\/p>\n<p><a href=\"http:\/\/sindik.at\/wp-content\/uploads\/2015\/06\/Dobrosov08.jpg\"><img loading=\"lazy\" decoding=\"async\" class=\"aligncenter size-full wp-image-929878\" src=\"http:\/\/sindik.at\/wp-content\/uploads\/2015\/06\/Dobrosov08.jpg\" alt=\"Dobrosov08\" width=\"1024\" height=\"680\" srcset=\"https:\/\/sindik.at\/wp-content\/uploads\/2015\/06\/Dobrosov08.jpg 1024w, https:\/\/sindik.at\/wp-content\/uploads\/2015\/06\/Dobrosov08-300x199.jpg 300w, https:\/\/sindik.at\/wp-content\/uploads\/2015\/06\/Dobrosov08-452x300.jpg 452w\" sizes=\"auto, (max-width: 1024px) 100vw, 1024px\" \/><\/a> <a href=\"http:\/\/sindik.at\/wp-content\/uploads\/2015\/06\/Dobrosov09.jpg\"><img loading=\"lazy\" decoding=\"async\" class=\"aligncenter size-full wp-image-929877\" src=\"http:\/\/sindik.at\/wp-content\/uploads\/2015\/06\/Dobrosov09.jpg\" alt=\"Dobrosov09\" width=\"1024\" height=\"680\" srcset=\"https:\/\/sindik.at\/wp-content\/uploads\/2015\/06\/Dobrosov09.jpg 1024w, https:\/\/sindik.at\/wp-content\/uploads\/2015\/06\/Dobrosov09-300x199.jpg 300w, https:\/\/sindik.at\/wp-content\/uploads\/2015\/06\/Dobrosov09-452x300.jpg 452w\" sizes=\"auto, (max-width: 1024px) 100vw, 1024px\" \/><\/a> <a href=\"http:\/\/sindik.at\/wp-content\/uploads\/2015\/06\/Dobrosov10.jpg\"><img loading=\"lazy\" decoding=\"async\" class=\"aligncenter size-full wp-image-929876\" src=\"http:\/\/sindik.at\/wp-content\/uploads\/2015\/06\/Dobrosov10.jpg\" alt=\"Dobrosov10\" width=\"1024\" height=\"680\" srcset=\"https:\/\/sindik.at\/wp-content\/uploads\/2015\/06\/Dobrosov10.jpg 1024w, https:\/\/sindik.at\/wp-content\/uploads\/2015\/06\/Dobrosov10-300x199.jpg 300w, https:\/\/sindik.at\/wp-content\/uploads\/2015\/06\/Dobrosov10-452x300.jpg 452w\" sizes=\"auto, (max-width: 1024px) 100vw, 1024px\" \/><\/a> <a href=\"http:\/\/sindik.at\/wp-content\/uploads\/2015\/06\/Dobrosov11.jpg\"><img loading=\"lazy\" decoding=\"async\" class=\"aligncenter size-full wp-image-929875\" src=\"http:\/\/sindik.at\/wp-content\/uploads\/2015\/06\/Dobrosov11.jpg\" alt=\"Dobrosov11\" width=\"1024\" height=\"680\" srcset=\"https:\/\/sindik.at\/wp-content\/uploads\/2015\/06\/Dobrosov11.jpg 1024w, https:\/\/sindik.at\/wp-content\/uploads\/2015\/06\/Dobrosov11-300x199.jpg 300w, https:\/\/sindik.at\/wp-content\/uploads\/2015\/06\/Dobrosov11-452x300.jpg 452w\" sizes=\"auto, (max-width: 1024px) 100vw, 1024px\" \/><\/a><br \/>\nMysl\u00edm, \u017ee v\u00fdlet n\u00e1m prospel. Pookriali sme na tele aj na duchu a mohli sa znova vr\u00e1ti\u0165 k na\u0161im mil\u00e1\u010dikom. Samozrejme \u0161t\u00fdlovo s pive\u010dkom v ruke a griluj\u00facimi sa kurencami v r\u00fare.<br \/>\nKone\u010dne som sa za\u010dal venova\u0165 nie\u010domu k t\u00e9me &#8211; sna\u017eili sme sa s Pavlom diagnostikova\u0165 a n\u00e1sledne opravi\u0165 Wyctorovu 128k. Spom\u00ednal, \u017ee ju pripojil na nezn\u00e1my zdroj s v\u00fdstupom 16V napr\u00e1zdno a potom za\u010dal \u0161trajkova\u0165 obraz. Bolo vidie\u0165 iba \u013eav\u00fa tretinu riadkov aj to nie v\u0161etk\u00fdch a prejavoval sa tak aj RGB v\u00fdstup, nie kompozitn\u00fd. Podozrenie padlo na nap\u00e1jaciu vetvu 12V z meni\u010da. Pod\u013ea o\u010dak\u00e1van\u00ed tam \u017eiadne nap\u00e4tie nebolo, preto nasledovala v\u00fdmena tranzistora. Pavel mal obavy, \u010di sa nie\u010do zl\u00e9 nestane, ke\u010f p\u00f4vodn\u00fd dvojamp\u00e9rov\u00fd ZTX nahrad\u00edme klasickou jednoamp\u00e9rovou BC6xx. Tento \u0165ah sme u\u017e na sindikate sk\u00fa\u0161ali nieko\u013ekokr\u00e1t a probl\u00e9my sa nevyskytli. Podobne to dopadlo aj v tomto pr\u00edpade, prehodi\u0165 no\u017ei\u010dky, zaizolova\u0165 a vymeni\u0165 tranzistor v doske zabralo iba p\u00e1r min\u00fat a potom sa u\u017e objavil kr\u00e1sny obraz cez RGB k\u00e1bel. Znamen\u00e1 to, \u017ee pokia\u013e ch\u00fdba nap\u00e1janie na 12V vetve TEA2000 \u0165ah\u00e1 RGB v\u00fdstupy z ULY kamsi do oblasti mimo \u0161pecifik\u00e1cie a obraz sa zmr\u0161\u00ed.<\/p>\n<p><a href=\"http:\/\/sindik.at\/wp-content\/uploads\/2015\/06\/Sobota06.jpg\"><img loading=\"lazy\" decoding=\"async\" class=\"aligncenter size-full wp-image-929871\" src=\"http:\/\/sindik.at\/wp-content\/uploads\/2015\/06\/Sobota06.jpg\" alt=\"Sobota06\" width=\"1024\" height=\"680\" srcset=\"https:\/\/sindik.at\/wp-content\/uploads\/2015\/06\/Sobota06.jpg 1024w, https:\/\/sindik.at\/wp-content\/uploads\/2015\/06\/Sobota06-300x199.jpg 300w, https:\/\/sindik.at\/wp-content\/uploads\/2015\/06\/Sobota06-452x300.jpg 452w\" sizes=\"auto, (max-width: 1024px) 100vw, 1024px\" \/><\/a> <a href=\"http:\/\/sindik.at\/wp-content\/uploads\/2015\/06\/Sobota04.jpg\"><img loading=\"lazy\" decoding=\"async\" class=\"aligncenter size-full wp-image-929873\" src=\"http:\/\/sindik.at\/wp-content\/uploads\/2015\/06\/Sobota04.jpg\" alt=\"Sobota04\" width=\"1024\" height=\"680\" srcset=\"https:\/\/sindik.at\/wp-content\/uploads\/2015\/06\/Sobota04.jpg 1024w, https:\/\/sindik.at\/wp-content\/uploads\/2015\/06\/Sobota04-300x199.jpg 300w, https:\/\/sindik.at\/wp-content\/uploads\/2015\/06\/Sobota04-452x300.jpg 452w\" sizes=\"auto, (max-width: 1024px) 100vw, 1024px\" \/><\/a> <a href=\"http:\/\/sindik.at\/wp-content\/uploads\/2015\/06\/Sobota07.jpg\"><img loading=\"lazy\" decoding=\"async\" class=\"aligncenter size-full wp-image-929870\" src=\"http:\/\/sindik.at\/wp-content\/uploads\/2015\/06\/Sobota07.jpg\" alt=\"Sobota07\" width=\"1024\" height=\"680\" srcset=\"https:\/\/sindik.at\/wp-content\/uploads\/2015\/06\/Sobota07.jpg 1024w, https:\/\/sindik.at\/wp-content\/uploads\/2015\/06\/Sobota07-300x199.jpg 300w, https:\/\/sindik.at\/wp-content\/uploads\/2015\/06\/Sobota07-452x300.jpg 452w\" sizes=\"auto, (max-width: 1024px) 100vw, 1024px\" \/><\/a> <a href=\"http:\/\/sindik.at\/wp-content\/uploads\/2015\/06\/Sobota05.jpg\"><img loading=\"lazy\" decoding=\"async\" class=\"aligncenter size-full wp-image-929872\" src=\"http:\/\/sindik.at\/wp-content\/uploads\/2015\/06\/Sobota05.jpg\" alt=\"Sobota05\" width=\"1024\" height=\"680\" srcset=\"https:\/\/sindik.at\/wp-content\/uploads\/2015\/06\/Sobota05.jpg 1024w, https:\/\/sindik.at\/wp-content\/uploads\/2015\/06\/Sobota05-300x199.jpg 300w, https:\/\/sindik.at\/wp-content\/uploads\/2015\/06\/Sobota05-452x300.jpg 452w\" sizes=\"auto, (max-width: 1024px) 100vw, 1024px\" \/><\/a> <a href=\"http:\/\/sindik.at\/wp-content\/uploads\/2015\/06\/Sobota08.jpg\"><img loading=\"lazy\" decoding=\"async\" class=\"aligncenter size-full wp-image-929869\" src=\"http:\/\/sindik.at\/wp-content\/uploads\/2015\/06\/Sobota08.jpg\" alt=\"Sobota08\" width=\"1024\" height=\"680\" srcset=\"https:\/\/sindik.at\/wp-content\/uploads\/2015\/06\/Sobota08.jpg 1024w, https:\/\/sindik.at\/wp-content\/uploads\/2015\/06\/Sobota08-300x199.jpg 300w, https:\/\/sindik.at\/wp-content\/uploads\/2015\/06\/Sobota08-452x300.jpg 452w\" sizes=\"auto, (max-width: 1024px) 100vw, 1024px\" \/><\/a>Ellvis sa rozhodol prerobi\u0165 svoju ZX +2 na ZX +3e resp. +2e ako sa ma\u0161ina po v\u00fdmene romiek za epromky prihl\u00e1sila. Potom sta\u010dilo pripoji\u0165 spr\u00e1vne nad\u017eamprovan\u00e9 divide a nastavi\u0165 master\/slejv na CF redukcii a pripravi\u0165 m\u00e9dium presne pod\u013ea \u010dl\u00e1nku v \u010dasopise Spectrum Today (nie od nezn\u00e1meho autora :). Trochu sme sa bavili aj so Z88, ktor\u00e9 Ellvis tajne vyf\u00fakol v eBay aukcii z00movi, len pre t\u00fa psinu, aby mu ho nakoniec dal.<\/p>\n<p><a href=\"http:\/\/sindik.at\/wp-content\/uploads\/2015\/06\/Sobota03.jpg\"><img loading=\"lazy\" decoding=\"async\" class=\"aligncenter size-full wp-image-929874\" src=\"http:\/\/sindik.at\/wp-content\/uploads\/2015\/06\/Sobota03.jpg\" alt=\"Sobota03\" width=\"1024\" height=\"680\" srcset=\"https:\/\/sindik.at\/wp-content\/uploads\/2015\/06\/Sobota03.jpg 1024w, https:\/\/sindik.at\/wp-content\/uploads\/2015\/06\/Sobota03-300x199.jpg 300w, https:\/\/sindik.at\/wp-content\/uploads\/2015\/06\/Sobota03-452x300.jpg 452w\" sizes=\"auto, (max-width: 1024px) 100vw, 1024px\" \/><\/a> <a href=\"http:\/\/sindik.at\/wp-content\/uploads\/2015\/06\/Sobota01.jpg\"><img loading=\"lazy\" decoding=\"async\" class=\"aligncenter size-full wp-image-929891\" src=\"http:\/\/sindik.at\/wp-content\/uploads\/2015\/06\/Sobota01.jpg\" alt=\"Sobota01\" width=\"1024\" height=\"681\" srcset=\"https:\/\/sindik.at\/wp-content\/uploads\/2015\/06\/Sobota01.jpg 1024w, https:\/\/sindik.at\/wp-content\/uploads\/2015\/06\/Sobota01-300x200.jpg 300w, https:\/\/sindik.at\/wp-content\/uploads\/2015\/06\/Sobota01-451x300.jpg 451w\" sizes=\"auto, (max-width: 1024px) 100vw, 1024px\" \/><\/a>Mike a \u010ci\u017eo zobrali pr\u00edle\u017eitos\u0165 za pa\u010desy a vyu\u017eili \u010das na lekciu asembleru spektra. Mike chcel predvies\u0165 \u010ci\u017eovi ako sa nak\u00f3di flejm efekt v re\u00e1lnom \u010dase. Za\u010dal zo seba chrli\u0165 in\u0161trukcie a \u010fatlova\u0165 ich do Prometea. \u010co \u010dert nechcel po kr\u00e1tkej chv\u00edli vypadla elektrina pr\u00e1ve na tej f\u00e1ze, kde be\u017ealo Pentevo, na ktorom sa toto r\u00edltajm kompo odohr\u00e1valo. Mike zistil, \u017ee by bolo vhodn\u00e9 v\u00fdtvor aj kamsi uklada\u0165. \u010co je v\u0161ak na Penteve probl\u00e9m ak m\u00e1me Prometea so slu\u017ebami iba pre kaze\u0165\u00e1k. Na rad teda pri\u0161lo MRS, ktor\u00e9 m\u00e1 od roku 1993 rutiny na ukladanie a nahr\u00e1vanie z Betadisku, preto\u017ee to je \u0161tandardn\u00fd diskov\u00fd OS rusk\u00fdch klonov spektra. V\u010faka internetu a hlavne Nairamovi sa \u00faprava MRS od bratislavk\u00e9ho Betaklubu zachovala. R\u00fdchlo sme ju stiahli a i\u0161li vysk\u00fa\u0161a\u0165 na Penteve. Ono si ale na na\u0161e prekvapenie nevedelo poradi\u0165 so z\u00e1pisom do diskov\u00e9ho obrazu. Mike teda prehodil Pentevo za Gamu s divIDE a ESXDOSom, ktor\u00fd samozrejme tie\u017e m\u00e1 podporu Betadisku. Dokonca som si po 22 rokoch spomenul aj na pr\u00edkazy, ktor\u00e9 sa pou\u017e\u00edvali na z\u00e1pis a na\u010d\u00edtanie z disku ke\u010f u\u017e som si na \u00favodnej obrazovke betadiskovej verzie Busyho MRS-09 vo v\u0161etkej skromnosti pre\u010d\u00edtal aj moje meno.<\/p>\n<p>Ke\u010f na projektore pr\u00e1ve nebe\u017ealo MRS, v ktorom sa veselo k\u00f3dovalo, bola premietan\u00e1 produkcia ZX dem a v pozad\u00ed hrala ay\u010dkov\u00e1 muzika. V piatok sme mali mali mo\u017enos\u0165 zhliadnu\u0165 aj jeden z vrcholov film\u00e1rskej produkcie &#8211; Kung Fury.<\/p>\n<p>\u010ealej prebiehala snaha o rie\u0161enie \u0161trajkuj\u00facej Pavlovej konfigur\u00e1cie Spektra\/divIDE\/CF redukcie. Zistili sme, \u017ee s inou CF redukciou to chod\u00ed, tak\u017ee tam bude treba h\u013eada\u0165 zdroj probl\u00e9mov. Pavel behal po\u010das cel\u00e9ho DRConu ako spla\u0161en\u00fd zajac pri ka\u017edej po\u017eiadavke na k\u00e1bel, interface, ma\u0161inu \u010di \u013eubovoln\u00fa s\u00fa\u010diastku. Ako Ellvis v\u00fdsti\u017ene poznamenal, \u017ee svoj\u00edm spr\u00e1van\u00edm takmer dokonale pripom\u00ednal m\u0148a po\u010das priebehu sindikatskych stretnut\u00ed. Pavel sa tie\u017e sna\u017eil dorobi\u0165 progressbar do svojho loudra tapiek cez s\u00e9riov\u00fd port, ale po p\u00e1r orosen\u00fdch kr\u00edgloch zlat\u00e9ho moku to vzdal.<\/p>\n<p><a href=\"http:\/\/sindik.at\/wp-content\/uploads\/2015\/06\/Sobota02.jpg\"><img loading=\"lazy\" decoding=\"async\" class=\"aligncenter size-full wp-image-929887\" src=\"http:\/\/sindik.at\/wp-content\/uploads\/2015\/06\/Sobota02.jpg\" alt=\"Sobota02\" width=\"1024\" height=\"680\" srcset=\"https:\/\/sindik.at\/wp-content\/uploads\/2015\/06\/Sobota02.jpg 1024w, https:\/\/sindik.at\/wp-content\/uploads\/2015\/06\/Sobota02-300x199.jpg 300w, https:\/\/sindik.at\/wp-content\/uploads\/2015\/06\/Sobota02-452x300.jpg 452w\" sizes=\"auto, (max-width: 1024px) 100vw, 1024px\" \/><\/a> <a href=\"http:\/\/sindik.at\/wp-content\/uploads\/2015\/06\/Nedela_EllvisZXTricko.jpg\"><img loading=\"lazy\" decoding=\"async\" class=\"aligncenter size-full wp-image-929894\" src=\"http:\/\/sindik.at\/wp-content\/uploads\/2015\/06\/Nedela_EllvisZXTricko.jpg\" alt=\"Nedela_EllvisZXTricko\" width=\"1024\" height=\"680\" srcset=\"https:\/\/sindik.at\/wp-content\/uploads\/2015\/06\/Nedela_EllvisZXTricko.jpg 1024w, https:\/\/sindik.at\/wp-content\/uploads\/2015\/06\/Nedela_EllvisZXTricko-300x199.jpg 300w, https:\/\/sindik.at\/wp-content\/uploads\/2015\/06\/Nedela_EllvisZXTricko-452x300.jpg 452w\" sizes=\"auto, (max-width: 1024px) 100vw, 1024px\" \/><\/a>Davidove pohostenie bolo \u00faplne fam\u00f3zne, po ka\u017edom chode sme si oblizovali ruky a jedlo zap\u00edjali \u010derstvo na\u010dapovan\u00fdm Krakono\u0161om. Sobotn\u00e9 v\u00fdpe\u010dky bola \u00fapln\u00e1 lah\u00f4dka, prid\u00e1val som si aspo\u0148 dvakr\u00e1t a tu\u0161\u00edm som nebol s\u00e1m. Na dobr\u00e9 tr\u00e1venie sme si zase zop\u00e1rkr\u00e1t \u0161upli kal\u00ed\u0161tek Toccainu.<\/p>\n<p>Ve\u010der sa op\u00e4\u0165 r\u00fdchlo nach\u00fdlil k svojmu koncu a s \u010ci\u017eom sme sa vybrali na opa\u010dn\u00fd koniec dediny za noc\u013eahom.<\/p>\n<p>V nede\u013eu zr\u00e1na u\u017e bolo jasn\u00e9, \u017ee akcia pomaly kon\u010d\u00ed: \u0161of\u00e9ri z pochopite\u013en\u00fdch d\u00f4vodov odmietali rann\u00e9 pivk\u00e1, pomaly sa dokon\u010dovali na\u010dat\u00e9 t\u00e9my a balili prepravky. Na z\u00e1ver zop\u00e1r spolo\u010dn\u00fdch fotiek pred b\u00fdvalou stodolou n\u00e1sledne b\u00fdvalou hospodou a rozl\u00fa\u010dka so skvelou partiou a bodka za par\u00e1dnym v\u00edkendom.<\/p>\n<p><a href=\"http:\/\/sindik.at\/wp-content\/uploads\/2015\/06\/Nedela01.jpg\"><img loading=\"lazy\" decoding=\"async\" class=\"aligncenter size-full wp-image-929895\" src=\"http:\/\/sindik.at\/wp-content\/uploads\/2015\/06\/Nedela01.jpg\" alt=\"Nedela01\" width=\"1024\" height=\"680\" srcset=\"https:\/\/sindik.at\/wp-content\/uploads\/2015\/06\/Nedela01.jpg 1024w, https:\/\/sindik.at\/wp-content\/uploads\/2015\/06\/Nedela01-300x199.jpg 300w, https:\/\/sindik.at\/wp-content\/uploads\/2015\/06\/Nedela01-452x300.jpg 452w\" sizes=\"auto, (max-width: 1024px) 100vw, 1024px\" \/><\/a><\/p>\n<p>U\u017e sa te\u0161\u00edm na \u010fal\u0161\u00ed ro\u010dn\u00edk.<\/p>\n<p>\/ikon<\/p>\n<p>P.S.: V\u0161etky Davidove fotky z akcie s\u00fa k nahliadnutiu <a href=\"https:\/\/picasaweb.google.com\/116254296862617467209\/DRCon2015?authuser=0&amp;feat=directlink\" target=\"_blank\">na Picase <\/a><\/p>\n","protected":false},"excerpt":{"rendered":"<p>Z na\u0161ich z\u00e1padoslovensk\u00fdch kon\u010d\u00edn sme sa na t\u00fato akciu napokon odhodlali vyrazi\u0165 iba dvaja &#8211; \u010ci\u017eo a ja.<\/p>\n","protected":false},"author":1,"featured_media":0,"comment_status":"open","ping_status":"open","sticky":false,"template":"","format":"standard","meta":{"jetpack_post_was_ever_published":false,"_jetpack_newsletter_access":"","_jetpack_dont_email_post_to_subs":false,"_jetpack_newsletter_tier_id":0,"_jetpack_memberships_contains_paywalled_content":false,"_jetpack_memberships_contains_paid_content":false,"footnotes":"","jetpack_publicize_message":"","jetpack_publicize_feature_enabled":true,"jetpack_social_post_already_shared":true,"jetpack_social_options":{"image_generator_settings":{"template":"highway","default_image_id":0,"font":"","enabled":false},"version":2}},"categories":[7],"tags":[],"class_list":["post-929863","post","type-post","status-publish","format-standard","hentry","category-tema-4-stretnutia-php"],"jetpack_publicize_connections":[],"jetpack_featured_media_url":"","jetpack_sharing_enabled":true,"jetpack_shortlink":"https:\/\/wp.me\/p5aqy8-3TTN","jetpack_likes_enabled":true,"jetpack-related-posts":[],"_links":{"self":[{"href":"https:\/\/sindik.at\/index.php?rest_route=\/wp\/v2\/posts\/929863","targetHints":{"allow":["GET"]}}],"collection":[{"href":"https:\/\/sindik.at\/index.php?rest_route=\/wp\/v2\/posts"}],"about":[{"href":"https:\/\/sindik.at\/index.php?rest_route=\/wp\/v2\/types\/post"}],"author":[{"embeddable":true,"href":"https:\/\/sindik.at\/index.php?rest_route=\/wp\/v2\/users\/1"}],"replies":[{"embeddable":true,"href":"https:\/\/sindik.at\/index.php?rest_route=%2Fwp%2Fv2%2Fcomments&post=929863"}],"version-history":[{"count":8,"href":"https:\/\/sindik.at\/index.php?rest_route=\/wp\/v2\/posts\/929863\/revisions"}],"predecessor-version":[{"id":929898,"href":"https:\/\/sindik.at\/index.php?rest_route=\/wp\/v2\/posts\/929863\/revisions\/929898"}],"wp:attachment":[{"href":"https:\/\/sindik.at\/index.php?rest_route=%2Fwp%2Fv2%2Fmedia&parent=929863"}],"wp:term":[{"taxonomy":"category","embeddable":true,"href":"https:\/\/sindik.at\/index.php?rest_route=%2Fwp%2Fv2%2Fcategories&post=929863"},{"taxonomy":"post_tag","embeddable":true,"href":"https:\/\/sindik.at\/index.php?rest_route=%2Fwp%2Fv2%2Ftags&post=929863"}],"curies":[{"name":"wp","href":"https:\/\/api.w.org\/{rel}","templated":true}]}}