{"id":929798,"date":"2014-08-03T13:10:00","date_gmt":"2014-08-03T12:10:00","guid":{"rendered":"http:\/\/sindik.at\/?p=929798"},"modified":"2014-08-03T13:10:00","modified_gmt":"2014-08-03T12:10:00","slug":"zapisky-05-ii2014","status":"publish","type":"post","link":"https:\/\/sindik.at\/?p=929798","title":{"rendered":"Z\u00e1pisky 05-II\/2014"},"content":{"rendered":"<p>Na prelome j\u00fana a j\u00fala sa konalo stretnutie u Ikona na z\u00e1hrade<\/p>\n<p><!--more--><br \/>\nKe\u010f\u017ee po pres\u0165ahovan\u00ed za hranice Slovenska sa nem\u00f4\u017eem z\u00fa\u010dastni\u0165 stretnut\u00ed<br \/>\nSindik\u00e1tu tak \u010dasto, je pre m\u0148a ka\u017ed\u00e1 n\u00e1v\u0161teva mal\u00fdm sviatkom. Tentokr\u00e1t sme<br \/>\nnapl\u00e1novali dvojd\u0148ov\u00e9 stretnutie u Ikona na z\u00e1hrade.<\/p>\n<p>Moje pl\u00e1ny boli jasn\u00e9: Opravi\u0165 obe moje divIDE. Jedno som vymenil s Polom,<br \/>\npreto\u017ee jeho nefungovalo, tak aby mal aspo\u0148 nejak\u00e9 na hranie. To vymenen\u00e9<br \/>\n\u00faplne rozhodilo obraz pripojen\u00e9ho po\u010d\u00edta\u010da, \u010do sa nakoniec uk\u00e1zalo ako zl\u00fd<br \/>\nAGAL. Ten si \u017eial neviem naprogramova\u0165 a aj preto som zav\u00edtal do Pezinka. Moje<br \/>\ndruh\u00e9 divIDE za\u010dalo \u0161trajkova\u0165 po prehadzovan\u00ed s\u00fa\u010diastok medzi n\u00edm a druh\u00fdm<br \/>\nopravova\u00fdm.<\/p>\n<p>Po pr\u00edchode vlakom do Pezinka som sa rozhliadol a nasmeroval si to na ve\u013ek\u00e9<br \/>\nparkovisko ved\u013ea stanice a u\u017e mi volal Ikon, \u017ee ma \u010dak\u00e1 a m\u00e1m sa vyda\u0165 na<br \/>\nopa\u010dn\u00fa stranu, ne\u017e na ktor\u00fa som mal namieren\u00e9. A skuto\u010dne ma tam \u010dakal aj s<br \/>\n&#8222;maringotkou&#8220; (\u010d\u00edtaj \u0161portovo-\u00fa\u017eitkov\u00e9 auto, do ktor\u00e9ho by sa aj Bambu\u013eka<br \/>\nzmestila), ktorou sme sa presunuli na miesto konania. Aj ke\u010f mi to nepri\u0161lo<br \/>\n\u010faleko, pe\u0161o by som to asi nechcel \u0161\u013eapa\u0165.<\/p>\n<p><a href=\"http:\/\/sindik.at\/wp-content\/uploads\/2014\/08\/DSC_0160.jpg\"><img loading=\"lazy\" decoding=\"async\" class=\"aligncenter size-full wp-image-929801\" src=\"http:\/\/sindik.at\/wp-content\/uploads\/2014\/08\/DSC_0160.jpg\" alt=\"DSC_0160\" width=\"2592\" height=\"1944\" srcset=\"https:\/\/sindik.at\/wp-content\/uploads\/2014\/08\/DSC_0160.jpg 2592w, https:\/\/sindik.at\/wp-content\/uploads\/2014\/08\/DSC_0160-300x225.jpg 300w, https:\/\/sindik.at\/wp-content\/uploads\/2014\/08\/DSC_0160-1024x768.jpg 1024w, https:\/\/sindik.at\/wp-content\/uploads\/2014\/08\/DSC_0160-400x300.jpg 400w\" sizes=\"auto, (max-width: 2592px) 100vw, 2592px\" \/><\/a>Na mieste konania (z\u00e1hradka s malou chatkou v miestej z\u00e1hradk\u00e1rskej kol\u00f3nii)<br \/>\nu\u017e bol pr\u00edtomn\u00fd \u010c\u00ed\u017eo so svojou C128. Ved\u013ea mal Ikon rozlo\u017een\u00fa +3 a na chatke<br \/>\nbola rozvinut\u00e1 z\u00e1stava Sindik\u00e1tu. Aj napriek odhodlaniu sme v prv\u00fd de\u0148 moc<br \/>\npo\u010d\u00edta\u010dovej roboty nespravili. Po priv\u00edtan\u00ed a obhliadke miesta sme viac<br \/>\ndiskutovali, ako po\u010d\u00edta\u010dovali. Ikon ugriloval ve\u010deru a zbehol autom po<br \/>\nDu\u0161kyho, ktor\u00fd pri\u0161iel a\u017e nesk\u00f4r. Du\u0161ky okrem svojho nespeccyfick\u00e9ho notebooku<br \/>\npriniesol aj hlavolamy, s ktor\u00fdmi sme tie\u017e &#8222;zabili&#8220; nejak\u00fd \u010das. Na chv\u00ed\u013eu sa<br \/>\nobjavil aj z00m so \u017eenou, ktor\u00ed n\u00e1s pri\u0161li pozdravi\u0165 a pokra\u010dovali \u010falej. A<br \/>\nke\u010f\u017ee sa akcia konala v Pezinku, tak sa pilo v\u00edno a po\u010d\u00favala sa chipov\u00e1 hudba<br \/>\nz C128 alebo z youtube. Ve\u010der sa aj zap\u00e1lil ohe\u0148, preto\u017ee bola docela zima.<\/p>\n<p><a href=\"http:\/\/sindik.at\/wp-content\/uploads\/2014\/08\/DSC_0159.jpg\"><img loading=\"lazy\" decoding=\"async\" class=\"aligncenter size-full wp-image-929800\" src=\"http:\/\/sindik.at\/wp-content\/uploads\/2014\/08\/DSC_0159.jpg\" alt=\"DSC_0159\" width=\"2592\" height=\"1944\" srcset=\"https:\/\/sindik.at\/wp-content\/uploads\/2014\/08\/DSC_0159.jpg 2592w, https:\/\/sindik.at\/wp-content\/uploads\/2014\/08\/DSC_0159-300x225.jpg 300w, https:\/\/sindik.at\/wp-content\/uploads\/2014\/08\/DSC_0159-1024x768.jpg 1024w, https:\/\/sindik.at\/wp-content\/uploads\/2014\/08\/DSC_0159-400x300.jpg 400w\" sizes=\"auto, (max-width: 2592px) 100vw, 2592px\" \/><\/a>Na druh\u00fd de\u0148 sa u\u017e po\u010d\u00edta\u010dovalo o dos\u0165 viac. \u010c\u00ed\u017eo tr\u00e1pil nejak\u00fd tracker na<br \/>\nCommodori, pozeral tutori\u00e1ly na youtube a sna\u017eil sa vytvori\u0165 nejak\u00fd zauj\u00edmav\u00fd<br \/>\nzvuk. Nastaven\u00ed kopec, tak\u017ee ob\u010das to nie\u010do zahralo, ob\u010das bolo po\u010du\u0165 iba<br \/>\npuknutie Attack \u010dasti z ADSR ob\u00e1lky. Du\u0161ky a Ikon rie\u0161ili pripojenie SD karty<br \/>\nna paraleln\u00fd port +3. Ako spr\u00e1vne spektristick\u00e9 rie\u0161enie je k tomu potreba len<br \/>\nminimum s\u00fa\u010diastok, ale ako oby\u010dajne si to odmak\u00e1 CPU. Ikon pou\u017eil namiesto SD<br \/>\nkarty s\u00e9riov\u00fa pam\u00e4\u0165, ktor\u00e1 sa ale ovl\u00e1da tak isto, ako SD karta a nahr\u00e1val z<br \/>\nnej obr\u00e1zky. S Du\u0161kym sa potom sna\u017eili prelo\u017ei\u0165 FAT driver nap\u00edsan\u00fd v jazyku<br \/>\nC, s ktor\u00fdm ale boli nejak\u00e9 probl\u00e9my. Podrobnosti o tomto interface si m\u00f4\u017eete<br \/>\npre\u010d\u00edta\u0165 v \u010dl\u00e1nku http:\/\/sindik.at\/?p=929780. Napokon pri\u0161ieli na rad aj moje<br \/>\ndivIDE. Ikon mi nap\u00e1lil nov\u00fd AGAL a na\u0161iel nejak\u00e9 odtrhnut\u00e9 plo\u0161ky. Po t\u00fdchto<br \/>\n\u00faprav\u00e1ch u\u017e divIDE nerozhadzuje obraz, ale st\u00e1le m\u00e1 probl\u00e9my s mapovan\u00edm<br \/>\nsvojej pam\u00e4te. Ka\u017edop\u00e1dne je to ur\u010dit\u00fd progres, tak\u017ee v\u010faka aj za to. Druh\u00e9<br \/>\ndivIDE \u017eial \u0161trajkuje aj na\u010falej.<\/p>\n<p><a href=\"http:\/\/sindik.at\/wp-content\/uploads\/2014\/08\/DSC_0158.jpg\"><img loading=\"lazy\" decoding=\"async\" class=\"aligncenter size-full wp-image-929799\" src=\"http:\/\/sindik.at\/wp-content\/uploads\/2014\/08\/DSC_0158.jpg\" alt=\"DSC_0158\" width=\"2592\" height=\"1944\" srcset=\"https:\/\/sindik.at\/wp-content\/uploads\/2014\/08\/DSC_0158.jpg 2592w, https:\/\/sindik.at\/wp-content\/uploads\/2014\/08\/DSC_0158-300x225.jpg 300w, https:\/\/sindik.at\/wp-content\/uploads\/2014\/08\/DSC_0158-1024x768.jpg 1024w, https:\/\/sindik.at\/wp-content\/uploads\/2014\/08\/DSC_0158-400x300.jpg 400w\" sizes=\"auto, (max-width: 2592px) 100vw, 2592px\" \/><\/a>\u010cas ubehol ako voda a kr\u00e1tko po obede sme sa vydali domov. Aj ke\u010f na pezinskom<br \/>\nstretnut\u00ed nie je mo\u017en\u00e9 spravi\u0165 to\u013eko, \u010do v klubovni, tak je to pr\u00edjemn\u00e9<br \/>\nstretnutie a ak sa bude da\u0165, r\u00e1d sa z\u00fa\u010dastn\u00edm aj nabud\u00face.<\/p>\n<p>mike\/zeroteam<\/p>\n","protected":false},"excerpt":{"rendered":"<p>Na prelome j\u00fana a j\u00fala sa konalo stretnutie u Ikona na z\u00e1hrade<\/p>\n","protected":false},"author":1,"featured_media":0,"comment_status":"open","ping_status":"open","sticky":false,"template":"","format":"standard","meta":{"jetpack_post_was_ever_published":false,"_jetpack_newsletter_access":"","_jetpack_dont_email_post_to_subs":false,"_jetpack_newsletter_tier_id":0,"_jetpack_memberships_contains_paywalled_content":false,"_jetpack_memberships_contains_paid_content":false,"footnotes":"","jetpack_publicize_message":"","jetpack_publicize_feature_enabled":true,"jetpack_social_post_already_shared":false,"jetpack_social_options":{"image_generator_settings":{"template":"highway","default_image_id":0,"font":"","enabled":false},"version":2}},"categories":[7],"tags":[],"class_list":["post-929798","post","type-post","status-publish","format-standard","hentry","category-tema-4-stretnutia-php"],"jetpack_publicize_connections":[],"jetpack_featured_media_url":"","jetpack_sharing_enabled":true,"jetpack_shortlink":"https:\/\/wp.me\/p5aqy8-3TSK","jetpack_likes_enabled":true,"jetpack-related-posts":[],"_links":{"self":[{"href":"https:\/\/sindik.at\/index.php?rest_route=\/wp\/v2\/posts\/929798","targetHints":{"allow":["GET"]}}],"collection":[{"href":"https:\/\/sindik.at\/index.php?rest_route=\/wp\/v2\/posts"}],"about":[{"href":"https:\/\/sindik.at\/index.php?rest_route=\/wp\/v2\/types\/post"}],"author":[{"embeddable":true,"href":"https:\/\/sindik.at\/index.php?rest_route=\/wp\/v2\/users\/1"}],"replies":[{"embeddable":true,"href":"https:\/\/sindik.at\/index.php?rest_route=%2Fwp%2Fv2%2Fcomments&post=929798"}],"version-history":[{"count":1,"href":"https:\/\/sindik.at\/index.php?rest_route=\/wp\/v2\/posts\/929798\/revisions"}],"predecessor-version":[{"id":929802,"href":"https:\/\/sindik.at\/index.php?rest_route=\/wp\/v2\/posts\/929798\/revisions\/929802"}],"wp:attachment":[{"href":"https:\/\/sindik.at\/index.php?rest_route=%2Fwp%2Fv2%2Fmedia&parent=929798"}],"wp:term":[{"taxonomy":"category","embeddable":true,"href":"https:\/\/sindik.at\/index.php?rest_route=%2Fwp%2Fv2%2Fcategories&post=929798"},{"taxonomy":"post_tag","embeddable":true,"href":"https:\/\/sindik.at\/index.php?rest_route=%2Fwp%2Fv2%2Ftags&post=929798"}],"curies":[{"name":"wp","href":"https:\/\/api.w.org\/{rel}","templated":true}]}}