{"id":929791,"date":"2014-07-24T20:45:45","date_gmt":"2014-07-24T19:45:45","guid":{"rendered":"http:\/\/sindik.at\/?p=929791"},"modified":"2014-07-24T23:52:09","modified_gmt":"2014-07-24T22:52:09","slug":"julove-stretnutie-2","status":"publish","type":"post","link":"https:\/\/sindik.at\/?p=929791","title":{"rendered":"J\u00falov\u00e9 stretnutie"},"content":{"rendered":"<p>Op\u00e4\u0165 sa stretneme u\u017e t\u00fato sobotu (26.7) v Pezinku na z\u00e1hradke od 9.00<\/p>\n<p><!--more--><\/p>\n<p>Aj v\u00a0Smoleniciach maj\u00fa dru\u017estevn\u00edci sez\u00f3nu \u017eatvy, tak\u017ee jed\u00e1le\u0148 bude obsaden\u00e1. Preto sme operat\u00edvne toto stretnutie presunuli znova na &#8222;takmer&#8220; Malack\u00fa cestu 31 v Pezinku.<\/p>\n<p>Kto u\u017e bol, tak vie, kto e\u0161te nebol a chyst\u00e1 sa, nech sa mi ozve a odnavigujem ho.<\/p>\n<p>Ikon<\/p>\n","protected":false},"excerpt":{"rendered":"<p>Op\u00e4\u0165 sa stretneme u\u017e t\u00fato sobotu (26.7) v Pezinku na z\u00e1hradke od 9.00<\/p>\n","protected":false},"author":1,"featured_media":0,"comment_status":"open","ping_status":"open","sticky":false,"template":"","format":"standard","meta":{"jetpack_post_was_ever_published":false,"_jetpack_newsletter_access":"","_jetpack_dont_email_post_to_subs":false,"_jetpack_newsletter_tier_id":0,"_jetpack_memberships_contains_paywalled_content":false,"_jetpack_memberships_contains_paid_content":false,"footnotes":"","jetpack_publicize_message":"","jetpack_publicize_feature_enabled":true,"jetpack_social_post_already_shared":false,"jetpack_social_options":{"image_generator_settings":{"template":"highway","default_image_id":0,"font":"","enabled":false},"version":2}},"categories":[7],"tags":[],"class_list":["post-929791","post","type-post","status-publish","format-standard","hentry","category-tema-4-stretnutia-php"],"jetpack_publicize_connections":[],"jetpack_featured_media_url":"","jetpack_sharing_enabled":true,"jetpack_shortlink":"https:\/\/wp.me\/p5aqy8-3TSD","jetpack_likes_enabled":true,"jetpack-related-posts":[],"_links":{"self":[{"href":"https:\/\/sindik.at\/index.php?rest_route=\/wp\/v2\/posts\/929791","targetHints":{"allow":["GET"]}}],"collection":[{"href":"https:\/\/sindik.at\/index.php?rest_route=\/wp\/v2\/posts"}],"about":[{"href":"https:\/\/sindik.at\/index.php?rest_route=\/wp\/v2\/types\/post"}],"author":[{"embeddable":true,"href":"https:\/\/sindik.at\/index.php?rest_route=\/wp\/v2\/users\/1"}],"replies":[{"embeddable":true,"href":"https:\/\/sindik.at\/index.php?rest_route=%2Fwp%2Fv2%2Fcomments&post=929791"}],"version-history":[{"count":5,"href":"https:\/\/sindik.at\/index.php?rest_route=\/wp\/v2\/posts\/929791\/revisions"}],"predecessor-version":[{"id":929796,"href":"https:\/\/sindik.at\/index.php?rest_route=\/wp\/v2\/posts\/929791\/revisions\/929796"}],"wp:attachment":[{"href":"https:\/\/sindik.at\/index.php?rest_route=%2Fwp%2Fv2%2Fmedia&parent=929791"}],"wp:term":[{"taxonomy":"category","embeddable":true,"href":"https:\/\/sindik.at\/index.php?rest_route=%2Fwp%2Fv2%2Fcategories&post=929791"},{"taxonomy":"post_tag","embeddable":true,"href":"https:\/\/sindik.at\/index.php?rest_route=%2Fwp%2Fv2%2Ftags&post=929791"}],"curies":[{"name":"wp","href":"https:\/\/api.w.org\/{rel}","templated":true}]}}