{"id":929764,"date":"2014-05-15T21:58:31","date_gmt":"2014-05-15T20:58:31","guid":{"rendered":"http:\/\/sindik.at\/?p=929764"},"modified":"2014-05-16T09:39:41","modified_gmt":"2014-05-16T08:39:41","slug":"zapisky-052014","status":"publish","type":"post","link":"https:\/\/sindik.at\/?p=929764","title":{"rendered":"Z\u00e1pisky 05\/2014"},"content":{"rendered":"<p>Matn\u00e9 spomienky na ostatn\u00e9 stretnutie<\/p>\n<p><!--more--><\/p>\n<p>K z\u00e1piskom som sa dostal a\u017e dnes a predpoklad\u00e1m, \u017ee v\u0161etky d\u00f4le\u017eit\u00e9 veci som u\u017e medzit\u00fdm zabudol, ale predsa sa pok\u00fasim zhrn\u00fa\u0165 \u010do sa bastlilo na poslednom stretnut\u00ed.<\/p>\n<p>Za\u010dnem z00mom. Ten sa takmer cel\u00fd \u010das v\u0155tal v +3, ktor\u00fa prer\u00e1bal na +3e s Pera Putnik CF interfejsom, jeho postrehy n\u00e1jdete\u00a0<a href=\"http:\/\/blog.darkbyte.sk\/?p=929285\">tu<\/a>.<\/p>\n<p><a href=\"http:\/\/sindik.at\/wp-content\/uploads\/2014\/05\/z00m_05_2014.jpg\"><img loading=\"lazy\" decoding=\"async\" class=\"aligncenter size-full wp-image-929767\" src=\"http:\/\/sindik.at\/wp-content\/uploads\/2014\/05\/z00m_05_2014.jpg\" alt=\"z00m_05_2014\" width=\"1024\" height=\"768\" srcset=\"https:\/\/sindik.at\/wp-content\/uploads\/2014\/05\/z00m_05_2014.jpg 1024w, https:\/\/sindik.at\/wp-content\/uploads\/2014\/05\/z00m_05_2014-300x225.jpg 300w, https:\/\/sindik.at\/wp-content\/uploads\/2014\/05\/z00m_05_2014-400x300.jpg 400w\" sizes=\"auto, (max-width: 1024px) 100vw, 1024px\" \/><\/a><\/p>\n<p>Ja som sa zasa venoval osadzovaniu dosky divIDE, ktor\u00fa mi expresne doru\u010dil Noby e\u0161te pred SinDiKatom. D\u00f4vod pre\u010do som chcel z\u00edska\u0165 \u010fal\u0161ie divIDE bol jednoduch\u00fd &#8211; potreboval som odsk\u00fa\u0161a\u0165 \u010di kombin\u00e1cia ZX Spectrum Issue 2, 3, 4 a ESXDOS nechod\u00ed iba na mojom p\u00f4vodnom kuse, alebo je to nejak\u00e1 v\u0161eobecn\u00e1 fi\u010d\u00faria.<\/p>\n<p>DivIDE som po\u010das stretnutia s\u00edce poskladal, ale mal som nar\u00fdchlo k dispoz\u00edcii iba pou\u017eit\u00fd zbernicov\u00fd konektor. Ten u\u017e mal nie\u010do odsl\u00fa\u017een\u00e9 a v\u010faka zl\u00fdm kontaktom na \u0148om cel\u00e9 zapojenie\u00a0viac ne\u0161lo ako i\u0161lo. Na z\u00e1ver stretnutia som sa preto rozhodol tento ru\u0161iv\u00fd element vycvaka\u0165 a nahradi\u0165 nov\u00fdm.<\/p>\n<p><a href=\"http:\/\/sindik.at\/wp-content\/uploads\/2014\/05\/Cizo_Ub880d_05_2014.jpg\"><img loading=\"lazy\" decoding=\"async\" class=\"aligncenter size-full wp-image-929766\" src=\"http:\/\/sindik.at\/wp-content\/uploads\/2014\/05\/Cizo_Ub880d_05_2014.jpg\" alt=\"Cizo_Ub880d_05_2014\" width=\"1024\" height=\"768\" srcset=\"https:\/\/sindik.at\/wp-content\/uploads\/2014\/05\/Cizo_Ub880d_05_2014.jpg 1024w, https:\/\/sindik.at\/wp-content\/uploads\/2014\/05\/Cizo_Ub880d_05_2014-300x225.jpg 300w, https:\/\/sindik.at\/wp-content\/uploads\/2014\/05\/Cizo_Ub880d_05_2014-400x300.jpg 400w\" sizes=\"auto, (max-width: 1024px) 100vw, 1024px\" \/><\/a><\/p>\n<p>Doma\u00a0som potom zaletoval poriadny konektor a v\u0161etko \u0161lapalo k spokojnosti &#8211; teda s FATware. S ESXDOSom sa nov\u00e9 divIDE spr\u00e1valo \u00faplne rovnako ako to star\u00e9. Po laborovan\u00ed som pri\u0161iel na to, \u017ee so\u00a0SRAM s pr\u00edstupovou dobou 55ns ESXDOS pohodlne funguje, ale s mojou p\u00f4vodnou SRAM 70ns sa nechyt\u00e1. Op\u00e4\u0165 pripom\u00ednam, \u017ee to je len probl\u00e9m Issue4 a ni\u017e\u0161\u00edch. Na Issue 6, Delte, +2, +2A, +3 ESXDOS beh\u00e1 ako v\u00edno aj s &#8222;pomal\u00fdmi&#8220; SRAM v divIDE.<\/p>\n<p>\u010ci\u017eo sa rozhodol po nieko\u013ek\u00fdch rokoch kone\u010dne doladi\u0165 video v\u00fdstup z C64 do EasyCapu. Za\u010dali sme zaraden\u00edm trimra na v\u00fdstup, nastavili sme uspokojiv\u00fd obraz a nahradili trimer pevn\u00fdmi odpormi. S EasyCapom v\u0161etko fungovalo k spokojnosti, \u017eia\u013e na norm\u00e1lnom CRT TV za\u010dala vypad\u00e1va\u0165 synchroniz\u00e1cia. Nabud\u00face to bude chcie\u0165 \u010fal\u0161iu iter\u00e1ciu na vytiahnutie extra v\u00fdstupu pre zariadenia s riadne terminovan\u00fdm videovstupom (75R).<\/p>\n<p>Ub880d tu\u0161\u00edm rie\u0161il testovanie patchnutej ROM pre LOAD\/SAVE\u00a0cez SIF.<\/p>\n<p><a href=\"http:\/\/sindik.at\/wp-content\/uploads\/2014\/05\/Issue6_05_2014.jpg\"><img loading=\"lazy\" decoding=\"async\" class=\"aligncenter size-full wp-image-929765\" src=\"http:\/\/sindik.at\/wp-content\/uploads\/2014\/05\/Issue6_05_2014.jpg\" alt=\"Issue6_05_2014\" width=\"1024\" height=\"768\" srcset=\"https:\/\/sindik.at\/wp-content\/uploads\/2014\/05\/Issue6_05_2014.jpg 1024w, https:\/\/sindik.at\/wp-content\/uploads\/2014\/05\/Issue6_05_2014-300x225.jpg 300w, https:\/\/sindik.at\/wp-content\/uploads\/2014\/05\/Issue6_05_2014-400x300.jpg 400w\" sizes=\"auto, (max-width: 1024px) 100vw, 1024px\" \/><\/a><\/p>\n<p>Z00m nieko\u013ekokr\u00e1t odbehol domov, ke\u010f zistil, \u017ee n\u00e1m nie\u010do ch\u00fdba k bastleniu. Pri jednom odskoku n\u00e1m doviezol pizzu, ktor\u00fa sme si predt\u00fdm objednali v miestnej re\u0161tike.<\/p>\n<p>Stretnutie sa zrazu prehuplo ku svojmu koncu sk\u00f4r ako sme o\u010dak\u00e1vali a pomaly sme sa rozp\u0155chli domov.<\/p>\n<p>Te\u0161\u00edm sa aj na bud\u00face.<\/p>\n<p>\/ikon<a href=\"http:\/\/sindik.at\/wp-content\/uploads\/2014\/05\/Issue6_05_2014.jpg\"><br \/>\n<\/a><\/p>\n","protected":false},"excerpt":{"rendered":"<p>Matn\u00e9 spomienky na ostatn\u00e9 stretnutie<\/p>\n","protected":false},"author":1,"featured_media":0,"comment_status":"open","ping_status":"open","sticky":false,"template":"","format":"standard","meta":{"jetpack_post_was_ever_published":false,"_jetpack_newsletter_access":"","_jetpack_dont_email_post_to_subs":false,"_jetpack_newsletter_tier_id":0,"_jetpack_memberships_contains_paywalled_content":false,"_jetpack_memberships_contains_paid_content":false,"footnotes":"","jetpack_publicize_message":"","jetpack_publicize_feature_enabled":true,"jetpack_social_post_already_shared":false,"jetpack_social_options":{"image_generator_settings":{"template":"highway","default_image_id":0,"font":"","enabled":false},"version":2}},"categories":[7],"tags":[],"class_list":["post-929764","post","type-post","status-publish","format-standard","hentry","category-tema-4-stretnutia-php"],"jetpack_publicize_connections":[],"jetpack_featured_media_url":"","jetpack_sharing_enabled":true,"jetpack_shortlink":"https:\/\/wp.me\/p5aqy8-3TSc","jetpack_likes_enabled":true,"jetpack-related-posts":[],"_links":{"self":[{"href":"https:\/\/sindik.at\/index.php?rest_route=\/wp\/v2\/posts\/929764","targetHints":{"allow":["GET"]}}],"collection":[{"href":"https:\/\/sindik.at\/index.php?rest_route=\/wp\/v2\/posts"}],"about":[{"href":"https:\/\/sindik.at\/index.php?rest_route=\/wp\/v2\/types\/post"}],"author":[{"embeddable":true,"href":"https:\/\/sindik.at\/index.php?rest_route=\/wp\/v2\/users\/1"}],"replies":[{"embeddable":true,"href":"https:\/\/sindik.at\/index.php?rest_route=%2Fwp%2Fv2%2Fcomments&post=929764"}],"version-history":[{"count":2,"href":"https:\/\/sindik.at\/index.php?rest_route=\/wp\/v2\/posts\/929764\/revisions"}],"predecessor-version":[{"id":929769,"href":"https:\/\/sindik.at\/index.php?rest_route=\/wp\/v2\/posts\/929764\/revisions\/929769"}],"wp:attachment":[{"href":"https:\/\/sindik.at\/index.php?rest_route=%2Fwp%2Fv2%2Fmedia&parent=929764"}],"wp:term":[{"taxonomy":"category","embeddable":true,"href":"https:\/\/sindik.at\/index.php?rest_route=%2Fwp%2Fv2%2Fcategories&post=929764"},{"taxonomy":"post_tag","embeddable":true,"href":"https:\/\/sindik.at\/index.php?rest_route=%2Fwp%2Fv2%2Ftags&post=929764"}],"curies":[{"name":"wp","href":"https:\/\/api.w.org\/{rel}","templated":true}]}}