{"id":929741,"date":"2014-03-31T10:25:53","date_gmt":"2014-03-31T09:25:53","guid":{"rendered":"http:\/\/sindik.at\/?p=929741"},"modified":"2014-04-09T20:16:55","modified_gmt":"2014-04-09T19:16:55","slug":"aprilove-stretnutie","status":"publish","type":"post","link":"https:\/\/sindik.at\/?p=929741","title":{"rendered":"Apr\u00edlov\u00e9 stretnutie &#8211; ZMENEN\u00c9"},"content":{"rendered":"<p>Aktualiz\u00e1cia 9.4.2014:<\/p>\n<p>V\u010dera to vyzeralo, \u017ee sa stretnutie ru\u0161\u00ed. Dnes je v\u0161etko inak. V sobotu 12.4. sa stretneme v nov\u00fdch priestoroch.<\/p>\n<p><!--more--><\/p>\n<p>V\u010dera som nap\u00edsal, \u017ee u ryb\u00e1rov sa pomenili &#8222;mocensk\u00e9 \u0161truk\u00fary&#8220; a \u010falej u\u017e nebudeme m\u00f4c\u0165 vyu\u017e\u00edva\u0165 ich priestory ako na\u0161u klubov\u0148u.<\/p>\n<p>Na tom sa ni\u010d nemen\u00ed, ale z00movi sa podarilo zohna\u0165 <a href=\"http:\/\/sindik.at\/?p=929748\">n\u00e1hradn\u00e9 priestory<\/a> a apr\u00edlov\u00e9 stretnutie sa bude kona\u0165 u\u017e t\u00fato sobotu 12.4. pod\u013ea p\u00f4vodn\u00e9ho pl\u00e1nu, ale na novej adrese:\u00a0Tov\u00e1rensk\u00e1 1124, Smolenice.<\/p>\n<p>Za\u010diatok stretnutia bude o 10.00.<\/p>\n<p>Vhodn\u00e9 doobedn\u00e9 a priame spoje z bratislavskej autobusovej stanice id\u00fa o 8:05, 9:25 a 10:10, cie\u013eov\u00e1 zast\u00e1vka Smolenice &#8211; obecn\u00fd \u00farad. Ak by ste sa nevedeli nar\u00fdchlo v Smoleniciach zorientova\u0165, volajte z00movi alebo mne, pok\u00fasime sa v\u00e1s vyp\u00e1tra\u0165 a doru\u010di\u0165 na miesto konania \ud83d\ude42<\/p>\n<p>Te\u0161\u00edme sa na va\u0161u \u00fa\u010das\u0165 na premi\u00e9rovom stretnut\u00ed na novom mieste.<\/p>\n<p>\/z00m &amp; ikon<\/p>\n<p>&nbsp;<\/p>\n<p>&nbsp;<\/p>\n","protected":false},"excerpt":{"rendered":"<p>Aktualiz\u00e1cia 9.4.2014: V\u010dera to vyzeralo, \u017ee sa stretnutie ru\u0161\u00ed. Dnes je v\u0161etko inak. V sobotu 12.4. sa stretneme v nov\u00fdch priestoroch.<\/p>\n","protected":false},"author":1,"featured_media":0,"comment_status":"open","ping_status":"open","sticky":false,"template":"","format":"standard","meta":{"jetpack_post_was_ever_published":false,"_jetpack_newsletter_access":"","_jetpack_dont_email_post_to_subs":false,"_jetpack_newsletter_tier_id":0,"_jetpack_memberships_contains_paywalled_content":false,"_jetpack_memberships_contains_paid_content":false,"footnotes":"","jetpack_publicize_message":"","jetpack_publicize_feature_enabled":true,"jetpack_social_post_already_shared":false,"jetpack_social_options":{"image_generator_settings":{"template":"highway","default_image_id":0,"font":"","enabled":false},"version":2}},"categories":[7],"tags":[],"class_list":["post-929741","post","type-post","status-publish","format-standard","hentry","category-tema-4-stretnutia-php"],"jetpack_publicize_connections":[],"jetpack_featured_media_url":"","jetpack_sharing_enabled":true,"jetpack_shortlink":"https:\/\/wp.me\/p5aqy8-3TRP","jetpack_likes_enabled":true,"jetpack-related-posts":[],"_links":{"self":[{"href":"https:\/\/sindik.at\/index.php?rest_route=\/wp\/v2\/posts\/929741","targetHints":{"allow":["GET"]}}],"collection":[{"href":"https:\/\/sindik.at\/index.php?rest_route=\/wp\/v2\/posts"}],"about":[{"href":"https:\/\/sindik.at\/index.php?rest_route=\/wp\/v2\/types\/post"}],"author":[{"embeddable":true,"href":"https:\/\/sindik.at\/index.php?rest_route=\/wp\/v2\/users\/1"}],"replies":[{"embeddable":true,"href":"https:\/\/sindik.at\/index.php?rest_route=%2Fwp%2Fv2%2Fcomments&post=929741"}],"version-history":[{"count":8,"href":"https:\/\/sindik.at\/index.php?rest_route=\/wp\/v2\/posts\/929741\/revisions"}],"predecessor-version":[{"id":929752,"href":"https:\/\/sindik.at\/index.php?rest_route=\/wp\/v2\/posts\/929741\/revisions\/929752"}],"wp:attachment":[{"href":"https:\/\/sindik.at\/index.php?rest_route=%2Fwp%2Fv2%2Fmedia&parent=929741"}],"wp:term":[{"taxonomy":"category","embeddable":true,"href":"https:\/\/sindik.at\/index.php?rest_route=%2Fwp%2Fv2%2Fcategories&post=929741"},{"taxonomy":"post_tag","embeddable":true,"href":"https:\/\/sindik.at\/index.php?rest_route=%2Fwp%2Fv2%2Ftags&post=929741"}],"curies":[{"name":"wp","href":"https:\/\/api.w.org\/{rel}","templated":true}]}}