{"id":929715,"date":"2014-01-29T11:44:50","date_gmt":"2014-01-29T10:44:50","guid":{"rendered":"http:\/\/sindik.at\/?p=929715"},"modified":"2014-01-29T11:54:48","modified_gmt":"2014-01-29T10:54:48","slug":"zapisky-012014","status":"publish","type":"post","link":"https:\/\/sindik.at\/?p=929715","title":{"rendered":"Z\u00e1pisky 01\/2014"},"content":{"rendered":"<p>Mikeho z\u00e1pisky z posledn\u00e9ho stretnutia<\/p>\n<p><!--more--><\/p>\n<p>U\u017e to bud\u00fa takmer dva roky, \u010do som sa ods\u0165ahoval zo Slovenska a preto som sa musiel zrieknu\u0165 pravideln\u00fdch n\u00e1v\u0161tev Sindik\u00e1tu. T\u00fa\u017eba znovu sa stretn\u00fa\u0165 so sindikatistami bola ale u\u017e nato\u013eko ve\u013ek\u00e1, \u017ee som poh\u013eadal spoje a k ve\u013ekej radosti sa dalo kr\u00e1sne pr\u00eds\u0165 r\u00e1no do Bratislavy no\u010dn\u00fdm vlakom EuroNight. No, ono to a\u017e tak ru\u017eov\u00e9 nebolo, preto\u017ee vlak mal pr\u00edchod do Bratislavy o pol \u0161iestej a Sindik\u00e1t za\u010d\u00ednal a\u017e o cca. deviatej hodine na elektroburze v Stredisku kult\u00fary Vajnorsk\u00e1.<\/p>\n<p>Tu by som r\u00e1d po\u010fakoval Du\u0161kymu, ktor\u00fd sa ma ujal u\u017e o takejto rannej nekres\u0165anskej hodine a navaril hromadu \u010daju, ktor\u00fd padol po pobyte v mraziv\u00fdch exteri\u00e9roch ve\u013emi vhod. A aby \u010das r\u00fdchlej\u0161ie ubiehal, tak vytiahol jeho zbierku logick\u00fdch hier, s ktorou sme pre\u010dkali do pr\u00edchodu Ikona a spol. na burzu. Ka\u017edop\u00e1dne ja som sa bavil a kto vie, mo\u017eno z toho vznikn\u00fa aj logick\u00e9 hry pre Spectrum. \ud83d\ude42<\/p>\n<p>Burza je len k\u00fasok od Du\u0161kyho bytu a tak sme sa po zaplaten\u00ed vstupn\u00e9ho zv\u00edtali s Ikonom, Ri\u0161om a Martinom a pre\u0161li si predajcov. Burza bola vraj tentokr\u00e1t poslab\u0161ia a tak si iba Ikon zak\u00fapil nieko\u013eko CF kariet po 50 centov a krokov\u00e9 motor\u010deky na omladenie Alfiho. Zlat\u00fd kliniec teda nakoniec boli ra\u0148ajky v bufete v podobe varenej klob\u00e1sy. N\u00e1sledne sme sa rozl\u00fa\u010dili s burzovn\u00edkmi a sindikatska \u00faderka sa premiestnila do Petr\u017ealky do klubovne.<\/p>\n<p><a href=\"http:\/\/sindik.at\/wp-content\/uploads\/2014\/01\/Osadenstvo_2014_01.jpg\"><img loading=\"lazy\" decoding=\"async\" class=\"aligncenter size-full wp-image-929717\" alt=\"Osadenstvo_2014_01\" src=\"http:\/\/sindik.at\/wp-content\/uploads\/2014\/01\/Osadenstvo_2014_01.jpg\" width=\"1024\" height=\"959\" srcset=\"https:\/\/sindik.at\/wp-content\/uploads\/2014\/01\/Osadenstvo_2014_01.jpg 1024w, https:\/\/sindik.at\/wp-content\/uploads\/2014\/01\/Osadenstvo_2014_01-300x280.jpg 300w, https:\/\/sindik.at\/wp-content\/uploads\/2014\/01\/Osadenstvo_2014_01-320x300.jpg 320w\" sizes=\"auto, (max-width: 1024px) 100vw, 1024px\" \/><\/a>Na miesto sme pri\u0161li asi len min\u00fatu po \u010c\u00ed\u017eovi, ktor\u00e9ho stret\u00e1me pri jeho aute a spolo\u010dne vyr\u00e1\u017eame otvori\u0165 klubov\u0148u. Hne\u010f sa aj objavuje Busy, ktor\u00fd sa schov\u00e1val vo ved\u013eaj\u0161om vchode pred vetrom. V klubovni je ale vyk\u00faren\u00e9 a tak rozklad\u00e1me prinesen\u00fd harv\u00e9r a za\u010d\u00edna sa majstrovanie.<\/p>\n<p><a href=\"http:\/\/sindik.at\/wp-content\/uploads\/2014\/01\/PicEmu_New_2014_03.jpg\"><img loading=\"lazy\" decoding=\"async\" class=\"aligncenter size-full wp-image-929720\" alt=\"PicEmu_New_2014_03\" src=\"http:\/\/sindik.at\/wp-content\/uploads\/2014\/01\/PicEmu_New_2014_03.jpg\" width=\"1024\" height=\"728\" srcset=\"https:\/\/sindik.at\/wp-content\/uploads\/2014\/01\/PicEmu_New_2014_03.jpg 1024w, https:\/\/sindik.at\/wp-content\/uploads\/2014\/01\/PicEmu_New_2014_03-300x213.jpg 300w, https:\/\/sindik.at\/wp-content\/uploads\/2014\/01\/PicEmu_New_2014_03-421x300.jpg 421w\" sizes=\"auto, (max-width: 1024px) 100vw, 1024px\" \/><\/a>Ikon vy\u0165ahuje picEmu a chv\u00e1li sa s upgradom firmwaru. Taktie\u017e ukazuje, ako si predstavuje bud\u00facnos\u0165 picEmu &#8211; ultra prenosn\u00e9, v malej krabi\u010dke s minikl\u00e1vesni\u010dkou a integrovan\u00fdm joystickom z PSP. Na tak\u00e9to Spectrum sa u\u017e teraz te\u0161\u00edm. Tie\u017e vyber\u00e1 STMZ800 a testujeme emul\u00e1tory Spectra aj PMD, nako\u013eko so Sharpom nikto nevie pracova\u0165.<\/p>\n<p><a href=\"http:\/\/sindik.at\/wp-content\/uploads\/2014\/01\/STMZ800_2014_04.jpg\"><img loading=\"lazy\" decoding=\"async\" class=\"aligncenter size-full wp-image-929719\" alt=\"STMZ800_2014_04\" src=\"http:\/\/sindik.at\/wp-content\/uploads\/2014\/01\/STMZ800_2014_04.jpg\" width=\"1024\" height=\"687\" srcset=\"https:\/\/sindik.at\/wp-content\/uploads\/2014\/01\/STMZ800_2014_04.jpg 1024w, https:\/\/sindik.at\/wp-content\/uploads\/2014\/01\/STMZ800_2014_04-300x201.jpg 300w, https:\/\/sindik.at\/wp-content\/uploads\/2014\/01\/STMZ800_2014_04-447x300.jpg 447w\" sizes=\"auto, (max-width: 1024px) 100vw, 1024px\" \/><\/a>Du\u0161ky prein\u0161talov\u00e1val tenk\u00e9ho klienta, ktor\u00e9ho si priniesol v ByteFestu, FreeDosom a in\u0161taluje program na p\u00e1lenie epromiek a PICov. Aj ke\u010f samotn\u00fd po\u010d\u00edta\u010d neovpl\u00fdva v\u00fdkonn\u00fdmi parametrami, obsahuje s\u00e9riov\u00fd aj paraleln\u00fd port a v\u010faka mal\u00fdm rozmerom nie je probl\u00e9m ho skladova\u0165, alebo pren\u00e1\u0161a\u0165. Ku koncu stretnutia u\u017e je v\u0161etko nain\u0161talovan\u00e9 a po\u010d\u00edta\u010d pekne p\u00e1li aj \u010d\u00edta obsahy IO. Taktie\u017e s Ikonom diskutovali, kde by mohol by\u0165 probl\u00e9m s picEmu, ktor\u00e9mu rob\u00ed probl\u00e9m hra Tapper.<\/p>\n<p><a href=\"http:\/\/sindik.at\/wp-content\/uploads\/2014\/01\/PikProg_2014_02.jpg\"><img loading=\"lazy\" decoding=\"async\" class=\"aligncenter size-full wp-image-929721\" alt=\"PikProg_2014_02\" src=\"http:\/\/sindik.at\/wp-content\/uploads\/2014\/01\/PikProg_2014_02.jpg\" width=\"1024\" height=\"412\" srcset=\"https:\/\/sindik.at\/wp-content\/uploads\/2014\/01\/PikProg_2014_02.jpg 1024w, https:\/\/sindik.at\/wp-content\/uploads\/2014\/01\/PikProg_2014_02-300x120.jpg 300w, https:\/\/sindik.at\/wp-content\/uploads\/2014\/01\/PikProg_2014_02-500x201.jpg 500w\" sizes=\"auto, (max-width: 1024px) 100vw, 1024px\" \/><\/a>\u010ci\u017eo si s\u00edce priniesol aj svoj C128, ale ke\u010f\u017ee bol leniv\u00fd ho vyklada\u0165, tak sa spokoj\u00ed s emul\u00e1torom na svojom notebooku. Busy vyzved\u00e1, \u010di n\u00e1hodou niekto neprogramuje pre 6502 v nejakom cross-assembleri na PeCi a tak mu \u010ci\u017eo nejak\u00fd assembler ukazuje aj s kopcom pr\u00edkladov.<\/p>\n<p>Ja zap\u00ednam svoj notebook a ukazujem Busymu efekt do dema na Forever a sna\u017e\u00edm sa z\u00edska\u0165 n\u00e1pady na optimaliz\u00e1ciu. Nejak si ale nerozumieme a tak efekt mierne upravujem a nakoniec sn\u00e1\u010f m\u00e1m aj v\u00fdborn\u00fd tip na zr\u00fdchlenie cel\u00e9ho vykres\u013eovania. N\u00e1sledne zap\u00e1jam svoju Gamu&#8217;88 a sna\u017e\u00edme sa s Ikonom eliminova\u0165 zvisl\u00e9 pruhy cez obraz. To sa n\u00e1m v\u00f4bec nedar\u00ed a aj ke\u010f sme dosadili asi 7 (\u0161\u0165astn\u00e9 \u010d\u00edslo!) nov\u00fdch blokovac\u00edch kondenz\u00e1torov, tak obraz ost\u00e1va rovnak\u00fd. Ikon sa ma sna\u017e\u00ed presved\u010di\u0165, \u017ee to nie je bug, ale feature, ale ja na\u010falej ver\u00edm z00movmu nad\u0161en\u00e9mu t\u00f3nu, \u017ee tento efekt sa d\u00e1 odstr\u00e1ni\u0165. Mo\u017eno nabud\u00face.<\/p>\n<p><a href=\"http:\/\/sindik.at\/wp-content\/uploads\/2014\/01\/Gama88_2014_05.jpg\"><img loading=\"lazy\" decoding=\"async\" class=\"aligncenter size-full wp-image-929718\" alt=\"Gama88_2014_05\" src=\"http:\/\/sindik.at\/wp-content\/uploads\/2014\/01\/Gama88_2014_05.jpg\" width=\"1024\" height=\"768\" srcset=\"https:\/\/sindik.at\/wp-content\/uploads\/2014\/01\/Gama88_2014_05.jpg 1024w, https:\/\/sindik.at\/wp-content\/uploads\/2014\/01\/Gama88_2014_05-300x225.jpg 300w, https:\/\/sindik.at\/wp-content\/uploads\/2014\/01\/Gama88_2014_05-400x300.jpg 400w\" sizes=\"auto, (max-width: 1024px) 100vw, 1024px\" \/><\/a>Pre \u00faplnos\u0165 treba doda\u0165, \u017ee obed bol znova v tradi\u010dnom \u00e1zijskom bistre a stretnutie bolo op\u00e4\u0165 ve\u013emi plodn\u00e9 a st\u00e1lo to za to. \u0160koda len, \u017ee to tak r\u00fdchlo ubehlo a te\u0161\u00edm sa na niektor\u00e9 z bud\u00facich stretnut\u00ed.<\/p>\n<p>mike\/zeroteam<\/p>\n","protected":false},"excerpt":{"rendered":"<p>Mikeho z\u00e1pisky z posledn\u00e9ho stretnutia<\/p>\n","protected":false},"author":1,"featured_media":0,"comment_status":"open","ping_status":"open","sticky":false,"template":"","format":"standard","meta":{"jetpack_post_was_ever_published":false,"_jetpack_newsletter_access":"","_jetpack_dont_email_post_to_subs":false,"_jetpack_newsletter_tier_id":0,"_jetpack_memberships_contains_paywalled_content":false,"_jetpack_memberships_contains_paid_content":false,"footnotes":"","jetpack_publicize_message":"","jetpack_publicize_feature_enabled":true,"jetpack_social_post_already_shared":false,"jetpack_social_options":{"image_generator_settings":{"template":"highway","default_image_id":0,"font":"","enabled":false},"version":2}},"categories":[7],"tags":[],"class_list":["post-929715","post","type-post","status-publish","format-standard","hentry","category-tema-4-stretnutia-php"],"jetpack_publicize_connections":[],"jetpack_featured_media_url":"","jetpack_sharing_enabled":true,"jetpack_shortlink":"https:\/\/wp.me\/p5aqy8-3TRp","jetpack_likes_enabled":true,"jetpack-related-posts":[],"_links":{"self":[{"href":"https:\/\/sindik.at\/index.php?rest_route=\/wp\/v2\/posts\/929715","targetHints":{"allow":["GET"]}}],"collection":[{"href":"https:\/\/sindik.at\/index.php?rest_route=\/wp\/v2\/posts"}],"about":[{"href":"https:\/\/sindik.at\/index.php?rest_route=\/wp\/v2\/types\/post"}],"author":[{"embeddable":true,"href":"https:\/\/sindik.at\/index.php?rest_route=\/wp\/v2\/users\/1"}],"replies":[{"embeddable":true,"href":"https:\/\/sindik.at\/index.php?rest_route=%2Fwp%2Fv2%2Fcomments&post=929715"}],"version-history":[{"count":3,"href":"https:\/\/sindik.at\/index.php?rest_route=\/wp\/v2\/posts\/929715\/revisions"}],"predecessor-version":[{"id":929723,"href":"https:\/\/sindik.at\/index.php?rest_route=\/wp\/v2\/posts\/929715\/revisions\/929723"}],"wp:attachment":[{"href":"https:\/\/sindik.at\/index.php?rest_route=%2Fwp%2Fv2%2Fmedia&parent=929715"}],"wp:term":[{"taxonomy":"category","embeddable":true,"href":"https:\/\/sindik.at\/index.php?rest_route=%2Fwp%2Fv2%2Fcategories&post=929715"},{"taxonomy":"post_tag","embeddable":true,"href":"https:\/\/sindik.at\/index.php?rest_route=%2Fwp%2Fv2%2Ftags&post=929715"}],"curies":[{"name":"wp","href":"https:\/\/api.w.org\/{rel}","templated":true}]}}