{"id":929595,"date":"2013-03-10T23:53:32","date_gmt":"2013-03-10T21:53:32","guid":{"rendered":"http:\/\/sindik.at\/?p=929595"},"modified":"2013-03-11T17:43:53","modified_gmt":"2013-03-11T15:43:53","slug":"zapisky-032013","status":"publish","type":"post","link":"https:\/\/sindik.at\/?p=929595","title":{"rendered":"Z\u00e1pisky 03\/2013"},"content":{"rendered":"<p>Stretnutie minul\u00fa nede\u013eu bolo u\u017e od za\u010diatku zameran\u00e9 na Spektr\u00e1.<\/p>\n<p><!--more-->Kone\u010dne som sa po dlh\u0161om \u010dase rozhodol, \u017ee nebudem rie\u0161i\u0165 kadejak\u00e9 emul\u00e1tory a za\u0165ahova\u0165 do tak\u00fdchto aktiv\u00edt po\u010das stretnutia aj \u010fal\u0161\u00edch s\u00faputn\u00edkov a tak sme sa mohli op\u00e4\u0165 raz plne zamera\u0165 na na\u0161e spektr\u00e1 \u010di nejak\u00e9 ich klony.<br \/>\nSamozrejme som ako obvykle me\u0161kal asi 20 min\u00fat. Nech mi sl\u00fa\u017ei ku cti, \u017ee organizovanie vec\u00ed na stavbe mi zabralo len tie min\u00fatky navy\u0161e a \u017ee som kv\u00f4li tomu nemusel vynech\u00e1va\u0165 cel\u00e9 stretnutie (\u010di desiatky stretnut\u00ed?). V ka\u017edom pr\u00edpade zainteresovan\u00ed vedia&#8230;<\/p>\n<p><a href=\"http:\/\/sindik.at\/wp-content\/uploads\/2013\/03\/DSCF1943.jpg\"><img loading=\"lazy\" decoding=\"async\" class=\"aligncenter size-full wp-image-929596\" alt=\"DSCF1943\" src=\"http:\/\/sindik.at\/wp-content\/uploads\/2013\/03\/DSCF1943.jpg\" width=\"800\" height=\"600\" srcset=\"https:\/\/sindik.at\/wp-content\/uploads\/2013\/03\/DSCF1943.jpg 800w, https:\/\/sindik.at\/wp-content\/uploads\/2013\/03\/DSCF1943-300x225.jpg 300w, https:\/\/sindik.at\/wp-content\/uploads\/2013\/03\/DSCF1943-400x300.jpg 400w\" sizes=\"auto, (max-width: 800px) 100vw, 800px\" \/><\/a><\/p>\n<p>Pred klubov\u0148ou ma u\u017e \u010dakali FFG a Laco, ktor\u00fd priniesol svojho kr\u00e1sne zachoval\u00e9ho gum\u00e1\u010dika. Samozrejme to bol prv\u00fd k\u00fasok, ktor\u00fd sme sa odhodlal rozpitva\u0165. Pomerne dlho fungoval spo\u013eahlivo, a\u017e ke\u010f sa v\u00fdrazne za\u010dal prehrieva\u0165 za\u010dali sa n\u00e1hodne objavova\u0165 chyby \u2018R Tape\u2019 nie len pri nahr\u00e1van\u00ed z kazety &#8211; teda v tomto pr\u00edpade CD prehr\u00e1va\u010da, ale podivuhodne aj z pripojen\u00e9ho divIDE. Zhodnotili sme to ako kus, v ktorom bude treba vymeni\u0165 v\u0161etky elyty a sk\u00fasi\u0165 znova.<\/p>\n<p><a href=\"http:\/\/sindik.at\/wp-content\/uploads\/2013\/03\/DSCF1944.jpg\"><img loading=\"lazy\" decoding=\"async\" class=\"aligncenter size-full wp-image-929597\" alt=\"DSCF1944\" src=\"http:\/\/sindik.at\/wp-content\/uploads\/2013\/03\/DSCF1944.jpg\" width=\"800\" height=\"600\" srcset=\"https:\/\/sindik.at\/wp-content\/uploads\/2013\/03\/DSCF1944.jpg 800w, https:\/\/sindik.at\/wp-content\/uploads\/2013\/03\/DSCF1944-300x225.jpg 300w, https:\/\/sindik.at\/wp-content\/uploads\/2013\/03\/DSCF1944-400x300.jpg 400w\" sizes=\"auto, (max-width: 800px) 100vw, 800px\" \/><\/a><\/p>\n<p><a href=\"http:\/\/sindik.at\/wp-content\/uploads\/2013\/03\/DSCF1957.jpg\"><img loading=\"lazy\" decoding=\"async\" class=\"aligncenter size-full wp-image-929600\" alt=\"DSCF1957\" src=\"http:\/\/sindik.at\/wp-content\/uploads\/2013\/03\/DSCF1957.jpg\" width=\"800\" height=\"600\" srcset=\"https:\/\/sindik.at\/wp-content\/uploads\/2013\/03\/DSCF1957.jpg 800w, https:\/\/sindik.at\/wp-content\/uploads\/2013\/03\/DSCF1957-300x225.jpg 300w, https:\/\/sindik.at\/wp-content\/uploads\/2013\/03\/DSCF1957-400x300.jpg 400w\" sizes=\"auto, (max-width: 800px) 100vw, 800px\" \/><\/a>\u010ealej pri\u0161li na rad k\u00fasky zo ZX zbierky FFG, konkr\u00e9tne jedno Spektrum, jedna Delta (resp. plusko bez prelepky) a jeden Didaktik Gama. \u017diaden z nich nebol preroben\u00fd na kompozitn\u00fd v\u00fdstup, tak\u017ee v\u00fdrazne pomohol zbalen\u00fd origin\u00e1lny ant\u00e9nny k\u00e1bel. V\u0161etky testovan\u00e9 k\u00fasky napodiv fungovali bez akejko\u013evek obety di\u00f3dov\u00e9mu b\u00f4\u017eikovi.<\/p>\n<p><a href=\"http:\/\/sindik.at\/wp-content\/uploads\/2013\/03\/DSCF1953.jpg\"><img loading=\"lazy\" decoding=\"async\" class=\"aligncenter size-full wp-image-929598\" alt=\"DSCF1953\" src=\"http:\/\/sindik.at\/wp-content\/uploads\/2013\/03\/DSCF1953.jpg\" width=\"800\" height=\"600\" srcset=\"https:\/\/sindik.at\/wp-content\/uploads\/2013\/03\/DSCF1953.jpg 800w, https:\/\/sindik.at\/wp-content\/uploads\/2013\/03\/DSCF1953-300x225.jpg 300w, https:\/\/sindik.at\/wp-content\/uploads\/2013\/03\/DSCF1953-400x300.jpg 400w\" sizes=\"auto, (max-width: 800px) 100vw, 800px\" \/><\/a><\/p>\n<p><a href=\"http:\/\/sindik.at\/wp-content\/uploads\/2013\/03\/DSCF1954.jpg\"><img loading=\"lazy\" decoding=\"async\" class=\"aligncenter size-full wp-image-929599\" alt=\"DSCF1954\" src=\"http:\/\/sindik.at\/wp-content\/uploads\/2013\/03\/DSCF1954.jpg\" width=\"800\" height=\"600\" srcset=\"https:\/\/sindik.at\/wp-content\/uploads\/2013\/03\/DSCF1954.jpg 800w, https:\/\/sindik.at\/wp-content\/uploads\/2013\/03\/DSCF1954-300x225.jpg 300w, https:\/\/sindik.at\/wp-content\/uploads\/2013\/03\/DSCF1954-400x300.jpg 400w\" sizes=\"auto, (max-width: 800px) 100vw, 800px\" \/><\/a><\/p>\n<p>FFG si e\u0161te spomenul na jedno plusko, ktor\u00e9 so sebou nebral, ale asi mal. Tam chcel pr\u00e1ve diagnostikova\u0165 nefun\u010dn\u00fd beeper. Priniesol n\u00e1m v\u0161ak uk\u00e1za\u0165 dve zauj\u00edmav\u00e9 perif\u00e9rie k ZX &#8211; prechodku z priameho konektora na FRB a n\u00e1sledne interface s 8255 (zrejme Mirek), ktor\u00fd mal na strane zbernice pr\u00e1ve to FRB.<\/p>\n<p><a href=\"http:\/\/sindik.at\/wp-content\/uploads\/2013\/03\/DSCF1947.jpg\"><img loading=\"lazy\" decoding=\"async\" class=\"aligncenter size-full wp-image-929607\" alt=\"DSCF1947\" src=\"http:\/\/sindik.at\/wp-content\/uploads\/2013\/03\/DSCF1947.jpg\" width=\"800\" height=\"600\" srcset=\"https:\/\/sindik.at\/wp-content\/uploads\/2013\/03\/DSCF1947.jpg 800w, https:\/\/sindik.at\/wp-content\/uploads\/2013\/03\/DSCF1947-300x225.jpg 300w, https:\/\/sindik.at\/wp-content\/uploads\/2013\/03\/DSCF1947-400x300.jpg 400w\" sizes=\"auto, (max-width: 800px) 100vw, 800px\" \/><\/a><\/p>\n<p>Predviedol n\u00e1m aj nov\u00fd \u010d\u00ednsky tablet, na ktorom sa pok\u00fa\u0161al spusi\u0165 AYland, ale ten mal zjavne op\u00e4\u0165 minul\u00fa nede\u013eu nejak\u00fa odst\u00e1vku alebo si len jednoducho nerozumel s \u010d\u00ednskym z\u00e1zrakom.<\/p>\n<p>Laco sa pred obedom odobral za rodinou, a nechal n\u00e1s tr\u00e1pi\u0165 sa s jeho spektr\u00e1\u010dom sam\u00fdch. V podstate sa prestriedal s Ub880d, ktor\u00fd pri\u0161iel zanedlho.<\/p>\n<p><a href=\"http:\/\/sindik.at\/wp-content\/uploads\/2013\/03\/DSCF1958.jpg\"><img loading=\"lazy\" decoding=\"async\" class=\"aligncenter size-full wp-image-929601\" alt=\"DSCF1958\" src=\"http:\/\/sindik.at\/wp-content\/uploads\/2013\/03\/DSCF1958.jpg\" width=\"800\" height=\"600\" srcset=\"https:\/\/sindik.at\/wp-content\/uploads\/2013\/03\/DSCF1958.jpg 800w, https:\/\/sindik.at\/wp-content\/uploads\/2013\/03\/DSCF1958-300x225.jpg 300w, https:\/\/sindik.at\/wp-content\/uploads\/2013\/03\/DSCF1958-400x300.jpg 400w\" sizes=\"auto, (max-width: 800px) 100vw, 800px\" \/><\/a><\/p>\n<p>Po kr\u00e1tkom \u010dase sme vyrazili na obed. I\u0161li sme ako na hotov\u00e9 k \u010d\u00ed\u0148anom, ale na na\u0161e prekvapenie mali tentokr\u00e1t zavret\u00e9. A\u017e potom som si uvedomil, \u017ee minule to bol \u0161t\u00e1tny sviatok a nie nede\u013ea, kedy mali otvoren\u00e9. Preto sme sa nakoniec vybrali opa\u010dn\u00fdm smerom do Engerau na Osusk\u00e9ho ul.\u00a0S UB sme si dali celkom v\u00fddatn\u00fd obed, FFG zostal pri svojej di\u00e9te v podobe bublinkovej miner\u00e1lky s citr\u00f3nom. Poobede sme sa klasicky zastavili vo ve\u010dierke. Po n\u00e1vrate do klubovne sme si aj uvarili \u010daj a pote\u0161ili sa v\u00fdstavkou spektier.<\/p>\n<p><a href=\"http:\/\/sindik.at\/wp-content\/uploads\/2013\/03\/DSCF1987.jpg\"><img loading=\"lazy\" decoding=\"async\" class=\"aligncenter size-full wp-image-929606\" alt=\"DSCF1987\" src=\"http:\/\/sindik.at\/wp-content\/uploads\/2013\/03\/DSCF1987-e1362951497717.jpg\" width=\"600\" height=\"800\" srcset=\"https:\/\/sindik.at\/wp-content\/uploads\/2013\/03\/DSCF1987-e1362951497717.jpg 600w, https:\/\/sindik.at\/wp-content\/uploads\/2013\/03\/DSCF1987-e1362951497717-225x300.jpg 225w\" sizes=\"auto, (max-width: 600px) 100vw, 600px\" \/><\/a><a href=\"http:\/\/sindik.at\/wp-content\/uploads\/2013\/03\/DSCF1989.jpg\"><img loading=\"lazy\" decoding=\"async\" class=\"aligncenter size-full wp-image-929614\" alt=\"DSCF1989\" src=\"http:\/\/sindik.at\/wp-content\/uploads\/2013\/03\/DSCF1989.jpg\" width=\"800\" height=\"600\" srcset=\"https:\/\/sindik.at\/wp-content\/uploads\/2013\/03\/DSCF1989.jpg 800w, https:\/\/sindik.at\/wp-content\/uploads\/2013\/03\/DSCF1989-300x225.jpg 300w, https:\/\/sindik.at\/wp-content\/uploads\/2013\/03\/DSCF1989-400x300.jpg 400w\" sizes=\"auto, (max-width: 800px) 100vw, 800px\" \/><\/a>N\u00e1sledne bola z\u00e1bava r\u00f4zna. FFG sa pustil do rozoberania \u010d\u00ednskeho MP3 prehr\u00e1va\u010da, v ktorom bol podozrivo nefunk\u010dn\u00fd akumul\u00e1tor.<\/p>\n<p><a href=\"http:\/\/sindik.at\/wp-content\/uploads\/2013\/03\/DSCF1960.jpg\"><img loading=\"lazy\" decoding=\"async\" class=\"aligncenter size-full wp-image-929603\" alt=\"DSCF1960\" src=\"http:\/\/sindik.at\/wp-content\/uploads\/2013\/03\/DSCF1960.jpg\" width=\"800\" height=\"600\" srcset=\"https:\/\/sindik.at\/wp-content\/uploads\/2013\/03\/DSCF1960.jpg 800w, https:\/\/sindik.at\/wp-content\/uploads\/2013\/03\/DSCF1960-300x225.jpg 300w, https:\/\/sindik.at\/wp-content\/uploads\/2013\/03\/DSCF1960-400x300.jpg 400w\" sizes=\"auto, (max-width: 800px) 100vw, 800px\" \/><\/a>Ja som sa trochu r\u00fdpal v zdroji k Didaktiku M, ktor\u00e9ho p\u00f4vodn\u00fdm majite\u013eom bol Pe\u0165o Chrenko. Upravili sme ho tak, aby sa dal vysk\u00fa\u0161a\u0165 s FFGov\u00fdm Didaktikom Gama.<\/p>\n<p><a href=\"http:\/\/sindik.at\/wp-content\/uploads\/2013\/03\/DSCF1967.jpg\"><img loading=\"lazy\" decoding=\"async\" class=\"aligncenter size-full wp-image-929604\" alt=\"DSCF1967\" src=\"http:\/\/sindik.at\/wp-content\/uploads\/2013\/03\/DSCF1967.jpg\" width=\"800\" height=\"600\" srcset=\"https:\/\/sindik.at\/wp-content\/uploads\/2013\/03\/DSCF1967.jpg 800w, https:\/\/sindik.at\/wp-content\/uploads\/2013\/03\/DSCF1967-300x225.jpg 300w, https:\/\/sindik.at\/wp-content\/uploads\/2013\/03\/DSCF1967-400x300.jpg 400w\" sizes=\"auto, (max-width: 800px) 100vw, 800px\" \/><\/a> <a href=\"http:\/\/sindik.at\/wp-content\/uploads\/2013\/03\/DSCF1959.jpg\"><img loading=\"lazy\" decoding=\"async\" class=\"aligncenter size-full wp-image-929602\" alt=\"DSCF1959\" src=\"http:\/\/sindik.at\/wp-content\/uploads\/2013\/03\/DSCF1959.jpg\" width=\"800\" height=\"600\" srcset=\"https:\/\/sindik.at\/wp-content\/uploads\/2013\/03\/DSCF1959.jpg 800w, https:\/\/sindik.at\/wp-content\/uploads\/2013\/03\/DSCF1959-300x225.jpg 300w, https:\/\/sindik.at\/wp-content\/uploads\/2013\/03\/DSCF1959-400x300.jpg 400w\" sizes=\"auto, (max-width: 800px) 100vw, 800px\" \/><\/a> <a href=\"http:\/\/sindik.at\/wp-content\/uploads\/2013\/03\/DSCF1968.jpg\"><img loading=\"lazy\" decoding=\"async\" class=\"aligncenter size-full wp-image-929605\" alt=\"DSCF1968\" src=\"http:\/\/sindik.at\/wp-content\/uploads\/2013\/03\/DSCF1968.jpg\" width=\"800\" height=\"600\" srcset=\"https:\/\/sindik.at\/wp-content\/uploads\/2013\/03\/DSCF1968.jpg 800w, https:\/\/sindik.at\/wp-content\/uploads\/2013\/03\/DSCF1968-300x225.jpg 300w, https:\/\/sindik.at\/wp-content\/uploads\/2013\/03\/DSCF1968-400x300.jpg 400w\" sizes=\"auto, (max-width: 800px) 100vw, 800px\" \/><\/a><\/p>\n<p>&nbsp;<\/p>\n<p>Niekedy pred z\u00e1vere\u010dnou sa e\u0161te zastavil z00m aj man\u017eelkou. Pri\u0161li fakt iba na skok, prehodil som s nimi h\u00e1dam dve vety a znova sa stratili.<\/p>\n<p><a href=\"http:\/\/sindik.at\/wp-content\/uploads\/2013\/03\/DSCF1992.jpg\"><img loading=\"lazy\" decoding=\"async\" class=\"aligncenter size-full wp-image-929608\" alt=\"DSCF1992\" src=\"http:\/\/sindik.at\/wp-content\/uploads\/2013\/03\/DSCF1992.jpg\" width=\"800\" height=\"600\" srcset=\"https:\/\/sindik.at\/wp-content\/uploads\/2013\/03\/DSCF1992.jpg 800w, https:\/\/sindik.at\/wp-content\/uploads\/2013\/03\/DSCF1992-300x225.jpg 300w, https:\/\/sindik.at\/wp-content\/uploads\/2013\/03\/DSCF1992-400x300.jpg 400w\" sizes=\"auto, (max-width: 800px) 100vw, 800px\" \/><\/a><br \/>\n\u010cosi po piatej sme to u ryb\u00e1rov zabalili a zahl\u00e1sili rozchod. Teda nie a\u017e tak \u00faplne, lebo UB som hodil po ceste domov a e\u0161te sme zba\u0161tili ve\u010deru v re\u0161tike oproti domu, kde aktu\u00e1lne pob\u00fdva.<br \/>\nM\u00f4j osembitmi nabit\u00fd t\u00fd\u017ede\u0148 touto nede\u013eou iba za\u010dal, ale o t\u00fdch \u010fal\u0161\u00edch z\u00e1\u017eitkoch op\u00e4\u0165 nabud\u00face.<\/p>\n<p>\/ikon<\/p>\n<p>&nbsp;<\/p>\n","protected":false},"excerpt":{"rendered":"<p>Stretnutie minul\u00fa nede\u013eu bolo u\u017e od za\u010diatku zameran\u00e9 na Spektr\u00e1.<\/p>\n","protected":false},"author":1,"featured_media":0,"comment_status":"open","ping_status":"open","sticky":false,"template":"","format":"standard","meta":{"jetpack_post_was_ever_published":false,"_jetpack_newsletter_access":"","_jetpack_dont_email_post_to_subs":false,"_jetpack_newsletter_tier_id":0,"_jetpack_memberships_contains_paywalled_content":false,"_jetpack_memberships_contains_paid_content":false,"footnotes":"","jetpack_publicize_message":"","jetpack_publicize_feature_enabled":true,"jetpack_social_post_already_shared":false,"jetpack_social_options":{"image_generator_settings":{"template":"highway","default_image_id":0,"font":"","enabled":false},"version":2}},"categories":[7],"tags":[],"class_list":["post-929595","post","type-post","status-publish","format-standard","hentry","category-tema-4-stretnutia-php"],"jetpack_publicize_connections":[],"jetpack_featured_media_url":"","jetpack_sharing_enabled":true,"jetpack_shortlink":"https:\/\/wp.me\/p5aqy8-3TPt","jetpack_likes_enabled":true,"jetpack-related-posts":[],"_links":{"self":[{"href":"https:\/\/sindik.at\/index.php?rest_route=\/wp\/v2\/posts\/929595","targetHints":{"allow":["GET"]}}],"collection":[{"href":"https:\/\/sindik.at\/index.php?rest_route=\/wp\/v2\/posts"}],"about":[{"href":"https:\/\/sindik.at\/index.php?rest_route=\/wp\/v2\/types\/post"}],"author":[{"embeddable":true,"href":"https:\/\/sindik.at\/index.php?rest_route=\/wp\/v2\/users\/1"}],"replies":[{"embeddable":true,"href":"https:\/\/sindik.at\/index.php?rest_route=%2Fwp%2Fv2%2Fcomments&post=929595"}],"version-history":[{"count":6,"href":"https:\/\/sindik.at\/index.php?rest_route=\/wp\/v2\/posts\/929595\/revisions"}],"predecessor-version":[{"id":929612,"href":"https:\/\/sindik.at\/index.php?rest_route=\/wp\/v2\/posts\/929595\/revisions\/929612"}],"wp:attachment":[{"href":"https:\/\/sindik.at\/index.php?rest_route=%2Fwp%2Fv2%2Fmedia&parent=929595"}],"wp:term":[{"taxonomy":"category","embeddable":true,"href":"https:\/\/sindik.at\/index.php?rest_route=%2Fwp%2Fv2%2Fcategories&post=929595"},{"taxonomy":"post_tag","embeddable":true,"href":"https:\/\/sindik.at\/index.php?rest_route=%2Fwp%2Fv2%2Ftags&post=929595"}],"curies":[{"name":"wp","href":"https:\/\/api.w.org\/{rel}","templated":true}]}}