{"id":929394,"date":"2012-05-24T00:16:00","date_gmt":"2012-05-24T00:16:00","guid":{"rendered":"http:\/\/sindikat.bloguje.sk\/929394-zapisky-05-2012.php"},"modified":"2012-05-24T00:16:00","modified_gmt":"2012-05-24T00:16:00","slug":"929394-zapisky-05-2012-php","status":"publish","type":"post","link":"https:\/\/sindik.at\/?p=929394","title":{"rendered":"Z\u00e1pisky 05\/2012"},"content":{"rendered":"<p><span id=\"internal-source-marker_0.7642356151892513\" style=\"color: #000000; background-color: transparent; font-weight: normal; font-style: normal; font-variant: normal; text-decoration: none; vertical-align: baseline;\">Pr\u00edtmie, DVB-T a hokej<\/span><\/p>\n<p><!--more--><\/p>\n<p><span id=\"internal-source-marker_0.7642356151892513\" style=\"color: #000000; background-color: transparent; font-weight: normal; font-style: normal; font-variant: normal; text-decoration: none; vertical-align: baseline;\">Na  miesto som dorazil so sklzom 3 min\u00fat, tak\u017ee nikto na m\u0148a nemusel dlho  \u010daka\u0165. Ako som po pr\u00edchode k dver\u00e1m zistil, tak ani ne\u010dakal.<\/span><br \/><span style=\"color: #000000; background-color: transparent; font-weight: normal; font-style: normal; font-variant: normal; text-decoration: none; vertical-align: baseline;\">Otvoril  som klubov\u0148u, nanosil veci, rozbalil n\u00e1\u0161 klubov\u00fd projektor &#8211; \u010di\u017ee  meotar s pricapen\u00fdm LCD a laptopom a \u010dakal na pr\u00edchod \u00fa\u010dastn\u00edkov. <\/span><\/p>\n<p><span style=\"color: #000000; background-color: transparent; font-weight: normal; font-style: normal; font-variant: normal; text-decoration: none; vertical-align: baseline;\">\u010coskoro  pri\u0161iel FFG, n\u00e1sledoval ho \u010ci\u017eo, ktor\u00fd priniesol hodnotn\u00fd materi\u00e1l  kv\u00f4li ktor\u00e9mu som projektor so sebou na stretnutie teperil. Klubov\u0148u sme  pritemnili prekryt\u00edm okna sindikatskou vlajkou a po pr\u00edprave obsahu USB  k\u013e\u00fa\u010da sme na projektore spustili prehr\u00e1vanie vy\u0161e <\/span><a href=\"http:\/\/www.youtube.com\/watch?v=xmnlkLc1Foc\"><span style=\"color: #1155cc; background-color: transparent; font-weight: normal; font-style: normal; font-variant: normal; text-decoration: underline; vertical-align: baseline;\">dvojhodinov\u00e9ho filmu<\/span><\/a><span style=\"color: #000000; background-color: transparent; font-weight: normal; font-style: normal; font-variant: normal; text-decoration: none; vertical-align: baseline;\"> popisuj\u00faceho svkel\u00e9 a takmer neobmedzen\u00e9 mo\u017enosti modern\u00e9ho po\u010d\u00edta\u010da  Commodore C64. Film z roku 1982 v kvalite VHS p\u00e1sky prehr\u00e1van\u00fd na  laptope z minulej dek\u00e1dy, ktor\u00fd pri plnoobrazovkovom m\u00f3de nest\u00edha rie\u0161i\u0165  zv\u00e4\u010d\u0161enie obrazu na cel\u00fa plochu rozhodne malo svoje nostalgick\u00e9 \u010daro.<\/span><\/p>\n<p><span style=\"color: #000000; background-color: transparent; font-weight: normal; font-style: normal; font-variant: normal; text-decoration: none; vertical-align: baseline;\">O \u010dosi nesk\u00f4r sa zjavil Busy a p\u00e1r min\u00fat po pr\u00edchode Ub880d sme vyhl\u00e1sili obedn\u00fa prest\u00e1vku.<\/span><br \/><span style=\"color: #000000; background-color: transparent; font-weight: normal; font-style: normal; font-variant: normal; text-decoration: none; vertical-align: baseline;\">Op\u00e4\u0165 sme vyu\u017eili slu\u017eby re\u0161taur\u00e1cie Engerau. Po obede sa k n\u00e1m pridal aj Nairam.<\/span><\/p>\n<p><span style=\"color: #000000; background-color: transparent; font-weight: normal; font-style: normal; font-variant: normal; text-decoration: none; vertical-align: baseline;\">Po  zhruba hodinovej konzuma\u010dnej prest\u00e1vke a doplnen\u00ed z\u00e1sob vo ve\u010dierke sme  sa vrhli na dopozeranie propaga\u010dn\u00e9ho filmu z doobedia.<\/span><br \/><span style=\"color: #000000; background-color: transparent; font-weight: normal; font-style: normal; font-variant: normal; text-decoration: none; vertical-align: baseline;\">Ja  som sa popri \u0148om trochu venoval testovaniu Didaktiku Gama, ku ktor\u00e9mu  som sa chystal pripoji\u0165 ethernetov\u00fd modul na konektor perif\u00e9ri\u00ed &#8211; \u010di\u017ee  na 8255. Samotn\u00e1 Gama sa ale nespr\u00e1vala stabilne, tak\u017ee som ostatn\u00fdm  trochu p\u00edlil u\u0161i testovan\u00edm nejak\u00fdch 48K hier. Po\u010d\u00edta\u010d som nakoniec aj  rozobral, preto\u017ee sa mi v dostupnej literat\u00fare nepodarilo zisti\u0165, \u010di je  rozte\u010d na priamom konektore na DPS rovnak\u00e1 pre syst\u00e9mov\u00fa \u010das\u0165 aj  perif\u00e9rnu \u010das\u0165 &#8211; ke\u010f\u017ee sa jedn\u00e1 o model 89, ktor\u00fd nem\u00e1 osaden\u00fd FRB  konektor. Mal som pocit, \u017ee kedysi d\u00e1vno som zachytil v\u00fd\u010ditku in\u017einierom  zo Skalice, \u017ee syst\u00e9mov\u00fd konektor mal raster ako ZX Spectrum &#8211; \u010di\u017ee  2,54mm a perif\u00e9rny vraj 2,5mm. Meranie dostupn\u00fdmi prostriedkami (ceruza,  papier) t\u00fato t\u00e9zu nepotvrdilo a vyzer\u00e1, \u017ee oba konektory s\u00fa v rovnakom  rastri 2,54mm. K samotn\u00e9mu pripojeniu modulu s ENC28J60 som sa ale  nedostal, lebo sme sa vrhli na in\u00fa \u010dinnos\u0165. Odhodlali sme sa rozbeha\u0165 TV  kartu s DVB-T tunerom na projektorovom laptope, aby sme si mohli  pozrie\u0165 zost\u00e1vaj\u00facu \u010das\u0165 poobed\u0148aj\u0161ieho z\u00e1pasu MS v hokeji.<\/span><\/p>\n<p><span style=\"color: #000000; background-color: transparent; font-weight: normal; font-style: normal; font-variant: normal; text-decoration: none; vertical-align: baseline;\">PCMCIA karta AverMedia E506 Hybrid nikdy nebola pre Linux \u013eahk\u00fd orie\u0161ok a neby\u0165 <\/span><a href=\"http:\/\/darkbyte.bloguje.sk\/928919-dvb-t-a-linux.php\"><span style=\"color: #1155cc; background-color: transparent; font-weight: normal; font-style: normal; font-variant: normal; text-decoration: underline; vertical-align: baseline;\">aktu\u00e1lneho \u010dl\u00e1nku<\/span><\/a><span style=\"color: #000000; background-color: transparent; font-weight: normal; font-style: normal; font-variant: normal; text-decoration: none; vertical-align: baseline;\"> na z00movom blogu zrejme by sme za\u017e\u00edvali viac \u0165a\u017ek\u00fdch chv\u00ed\u013e. Karta  nechcela skenova\u0165 digit\u00e1lne kan\u00e1ly, qv4l2 nepodporovalo prepnutie vstupu  z analog TV na DVB-T, ale po nakop\u00edrovan\u00ed s\u00faborov <\/span><span style=\"color: #000000; background-color: transparent; font-weight: normal; font-style: italic; font-variant: normal; text-decoration: none; vertical-align: baseline;\">~\/.mplayer\/channels.conf <\/span><span style=\"color: #000000; background-color: transparent; font-weight: normal; font-style: normal; font-variant: normal; text-decoration: none; vertical-align: baseline;\">a \u0161pecifikovan\u00ed spr\u00e1vneho zariadenia pre mplayer, sa podarilo dosta\u0165 obraz na stenu.<\/span><\/p>\n<p><span style=\"color: #000000; background-color: transparent; font-weight: normal; font-style: normal; font-variant: normal; text-decoration: none; vertical-align: baseline;\">Pri  ob\u010dasnom \u0165ukan\u00ed do kl\u00e1vesnice a kl\u00e1bosen\u00ed sme dopozerali prebiehaj\u00faci  z\u00e1pas Rusko:F\u00ednsko. Ob\u010das nastal probl\u00e9m s kvalitou sign\u00e1lu, tak sme  cvi\u010dili s malou ant\u00e9nkou sem a tam. Nane\u0161\u0165astie ka\u017ed\u00e1 tak\u00e1to manipul\u00e1cia  si z nejak\u00e9ho d\u00f4vodu vy\u017eadovala re\u0161tart mplayera.<\/span><\/p>\n<p><span style=\"color: #000000; background-color: transparent; font-weight: normal; font-style: normal; font-variant: normal; text-decoration: none; vertical-align: baseline;\">Na  z\u00e1ver som zinkasoval vstupn\u00e9 od platiacich div\u00e1kov, pobalili sme veci a  pomaly sa odobrali domov pozera\u0165 k\u013e\u00fa\u010dov\u00fd z\u00e1pas MS Slovensko:\u010cesko.<\/span><\/p>\n<p><span style=\"color: #000000; background-color: transparent; font-weight: normal; font-style: normal; font-variant: normal; text-decoration: none; vertical-align: baseline;\">V ten de\u0148 dopadlo v\u0161etko pod\u013ea o\u010dak\u00e1van\u00ed.<\/span><br \/><span style=\"color: #000000; background-color: transparent; font-weight: normal; font-style: normal; font-variant: normal; text-decoration: none; vertical-align: baseline;\">\/ikon<\/span><\/p>\n","protected":false},"excerpt":{"rendered":"<p>Pr\u00edtmie, DVB-T a hokej<\/p>\n","protected":false},"author":1,"featured_media":0,"comment_status":"open","ping_status":"open","sticky":false,"template":"","format":"standard","meta":{"jetpack_post_was_ever_published":false,"_jetpack_newsletter_access":"","_jetpack_dont_email_post_to_subs":false,"_jetpack_newsletter_tier_id":0,"_jetpack_memberships_contains_paywalled_content":false,"_jetpack_memberships_contains_paid_content":false,"footnotes":"","jetpack_publicize_message":"","jetpack_publicize_feature_enabled":true,"jetpack_social_post_already_shared":false,"jetpack_social_options":{"image_generator_settings":{"template":"highway","default_image_id":0,"font":"","enabled":false},"version":2}},"categories":[7],"tags":[],"class_list":["post-929394","post","type-post","status-publish","format-standard","hentry","category-tema-4-stretnutia-php"],"jetpack_publicize_connections":[],"jetpack_featured_media_url":"","jetpack_sharing_enabled":true,"jetpack_shortlink":"https:\/\/wp.me\/p5aqy8-3TMe","jetpack_likes_enabled":true,"jetpack-related-posts":[],"_links":{"self":[{"href":"https:\/\/sindik.at\/index.php?rest_route=\/wp\/v2\/posts\/929394","targetHints":{"allow":["GET"]}}],"collection":[{"href":"https:\/\/sindik.at\/index.php?rest_route=\/wp\/v2\/posts"}],"about":[{"href":"https:\/\/sindik.at\/index.php?rest_route=\/wp\/v2\/types\/post"}],"author":[{"embeddable":true,"href":"https:\/\/sindik.at\/index.php?rest_route=\/wp\/v2\/users\/1"}],"replies":[{"embeddable":true,"href":"https:\/\/sindik.at\/index.php?rest_route=%2Fwp%2Fv2%2Fcomments&post=929394"}],"version-history":[{"count":0,"href":"https:\/\/sindik.at\/index.php?rest_route=\/wp\/v2\/posts\/929394\/revisions"}],"wp:attachment":[{"href":"https:\/\/sindik.at\/index.php?rest_route=%2Fwp%2Fv2%2Fmedia&parent=929394"}],"wp:term":[{"taxonomy":"category","embeddable":true,"href":"https:\/\/sindik.at\/index.php?rest_route=%2Fwp%2Fv2%2Fcategories&post=929394"},{"taxonomy":"post_tag","embeddable":true,"href":"https:\/\/sindik.at\/index.php?rest_route=%2Fwp%2Fv2%2Ftags&post=929394"}],"curies":[{"name":"wp","href":"https:\/\/api.w.org\/{rel}","templated":true}]}}