{"id":906681,"date":"2011-10-06T23:03:00","date_gmt":"2011-10-06T23:03:00","guid":{"rendered":"http:\/\/sindikat.bloguje.sk\/906681-zapisky-09-2011.php"},"modified":"2011-10-06T23:03:00","modified_gmt":"2011-10-06T23:03:00","slug":"906681-zapisky-09-2011-php","status":"publish","type":"post","link":"https:\/\/sindik.at\/?p=906681","title":{"rendered":"Z\u00e1pisky 09\/2011"},"content":{"rendered":"<p>Oneskoren\u00e9 z\u00e1pisky zo stretnutia pred 2 t\u00fd\u017ed\u0148ami.<\/p>\n<p><!--more--><\/p>\n<p>Medzi\u010dasom prebehol aj ByteFest a ja som sa dostal k sp\u00edsaniu z\u00e1piskov z posledn\u00e9ho stretnutia s riadnym oneskoren\u00edm. U\u017e mi dos\u0165 vec\u00ed vyfu\u010dalo z hlavy, ale pok\u00fasim sa o kr\u00e1tku rekapitul\u00e1ciu toho, \u010do sa udialo.<\/p>\n<p>\u00a0<\/p>\n<p>Sobotu sme za\u010dali n\u00e1v\u0161tevou elektroburzy na Vajnorskej. Sortiment haraburdia z druhej ruky bol pomerne pestr\u00fd, aj ke\u010f sa ned\u00e1 poveda\u0165, \u017ee by po\u010det pred\u00e1vaj\u00facich mal narastaj\u00facu tendenciu. Sk\u00f4r naopak, takmer polovica stolov z\u00edvala pr\u00e1zdnotou. Ja som sa ulakomil na 5V adapt\u00e9r, telef\u00f3nne tla\u010d\u00edtka z Tesly za 2E a bezdr\u00f4tov\u00fa kl\u00e1vesnicu za 1E, ktorej ch\u00fdba prij\u00edma\u010d.<br \/>Po n\u00e1kupe proviantu v bl\u00edzkych potravin\u00e1ch sme sa presunuli do n\u00e1\u0161ho d\u00fap\u00e4\u0165a.<\/p>\n<p>\u00a0<\/p>\n<p>Pri vybalen\u00ed obsahu prepraviek som za zameral na Speccy2010 a PMD85 s pr\u00edslu\u0161enstvom.<\/p>\n<p><img decoding=\"async\" src=\"img\/rozlozeny_hw.jpg\"><\/p>\n<p>Tie\u017e som vytiahol 8&#8243; LCD TV z DealExtreme, na ktorom som pl\u00e1noval riadne otestova\u0165 spolupr\u00e1cu s hardv\u00e9rom, ktor\u00fd som v ten de\u0148 dovliekol. V\u00fdsledky testov s\u00fa zatia\u013e rozporupln\u00e9. So Speccy2010 spolupracuje iba cez kompozitn\u00fd video v\u00fdstup, kde je kvalita obrazu dobr\u00e1. Naopak VGA sa v\u00f4bec nechyt\u00e1.<\/p>\n<p>Speccy2010 zrejme pou\u017e\u00edva mierne ne\u0161tandardn\u00e9 \u010dasovanie a jeho v\u00fdstup nie je \u00faplne kompatibiln\u00fd s VGA. Po pripojen\u00ed TV k laptopu VGA vstup funguje norm\u00e1lne. PMD85 som sk\u00fa\u0161al iba cez kompozitn\u00e9 video. Tu ma v\u00fdsledok e\u0161te viac rozladil. Obraz je iba \u010diernobiely a jeho doln\u00e1 \u010das\u0165 je \u00faplne urezan\u00e1 a v\u00f4bec nie je vidie\u0165 pr\u00edkazov\u00fd riadok. Vyzer\u00e1 to tak, ako by TV s\u00e1m detekoval normu NTSC namiesto PAL, ale ani po ru\u010dnom prepnut\u00ed do re\u017eimu PAL sa v\u00fdsledok nezlep\u0161il. D\u00e1vam tomu e\u0161te \u0161ancu cez YPrPb vstup, ale na jeho otestovanie budem musie\u0165 najprv vyrobi\u0165 \u0161peci\u00e1lny k\u00e1bel.<\/p>\n<p>\u00a0<\/p>\n<p>Na in\u00e9 8bity &#8211; Spectrum (testovan\u00e9 plusko, +2 a +3) a C64 &#8211; je TV ale plne pou\u017eite\u013en\u00fd, obraz je stabiln\u00fd, zvl\u00e1da aj multikol\u00f3ry. Scandoubler e\u0161te nem\u00e1m dokon\u010den\u00fd, tak\u017ee zatia\u013e neviem zhodnoti\u0165 ako by fungoval VGA vstup v tomto pr\u00edpade. <br \/>Pokia\u013e teda nem\u00e1te \u0161pefick\u00e9 po\u017eiadavky (VGA) alebo raritn\u00fd HW (PMD) je tento k\u00fasok plne pou\u017eite\u013en\u00fd hlavne z h\u013eadiska \u00faspory miesta pri preprave na r\u00f4zne akcie.<\/p>\n<p><img decoding=\"async\" src=\"img\/speccy2010_and_8inch.jpg\"><\/p>\n<p>Sk\u00fasim zhrn\u00fa\u0165 \u010domu sa venovali \u010fal\u0161i \u00fa\u010dastn\u00edci stretnutia. <br \/>Pokia\u013e ma pam\u00e4\u0165 neklame Mikezt pripravoval a testoval \u010d\u00edta\u010d obrazov diskiet D40\/80, ktor\u00e9 posiela cez SIF na nejak\u00fd &#8222;z\u00e1lohovac\u00ed&#8220; po\u010d\u00edta\u010d.\u00a0 V tomto pr\u00edpade to bol palmtop Ericsson MC218.<\/p>\n<p><img decoding=\"async\" src=\"img\/ericsson_mc218.jpg\"><\/p>\n<p>Ub880d sa pok\u00fa\u0161al pripravi\u0165 si prostredie na dok\u00f3denie Atomixu pre PMD. Nu\u017e ale debata &#8211; prim\u00e1rne s Igorom a Martinom &#8211; mu zabr\u00e1nila v tejto \u010dinnosti.<\/p>\n<p>Spom\u00ednan\u00ed burzov\u00ed harcovn\u00edci a priaznivci mikrokontrol\u00e9rov &#8211; Igor a Martin &#8211; viedli debaty o bud\u00facnosti RetroBSD na PIC32 a tie\u017e Arduine a jeho klonoch. Nevynechali ani nostalgicke spomienky na 8 a 16 bitov\u00fa \u00e9ru.<\/p>\n<p>\u010ci\u017eo sa prim\u00e1rne venoval svojej dc\u00e9rke Nelke, n\u00e1sledne skladal r\u00e1diobud\u00edk so zbrusu pripojen\u00edm nap\u00e1jacieho adapt\u00e9ra napevno a na 8bity mu neostalo ve\u013ea \u010dasu.<\/p>\n<p><img decoding=\"async\" src=\"img\/osadenstvo_09_2011.jpg\"><\/p>\n<p>Obedn\u00e1 prest\u00e1vka prebehla pod\u013ea \u0161tandardnej sch\u00e9my: op\u00e4\u0165 sme nav\u0161t\u00edvili ob\u013e\u00faben\u00fa \u00e1zijsk\u00fa prev\u00e1dzku a po ceste nasp\u00e4\u0165 sme sa zastavili v bl\u00edzkej ve\u010dierke na doplnenie proviantu.<\/p>\n<p>Aj vzh\u013eadom na oneskoren\u00fd za\u010diatok sp\u00f4soben\u00fd n\u00e1v\u0161tevou Strediska kult\u00fary na Vajnorskej mi toto stretnutie ubehlo podozrivo r\u00fdchlo.<\/p>\n<p>Te\u0161\u00edm sa na \u010fal\u0161ie v priebehu tohto mesiaca.<\/p>\n<p>\/ikon<\/p>\n","protected":false},"excerpt":{"rendered":"<p>Oneskoren\u00e9 z\u00e1pisky zo stretnutia pred 2 t\u00fd\u017ed\u0148ami.<\/p>\n","protected":false},"author":1,"featured_media":0,"comment_status":"open","ping_status":"open","sticky":false,"template":"","format":"standard","meta":{"jetpack_post_was_ever_published":false,"_jetpack_newsletter_access":"","_jetpack_dont_email_post_to_subs":false,"_jetpack_newsletter_tier_id":0,"_jetpack_memberships_contains_paywalled_content":false,"_jetpack_memberships_contains_paid_content":false,"footnotes":"","jetpack_publicize_message":"","jetpack_publicize_feature_enabled":true,"jetpack_social_post_already_shared":false,"jetpack_social_options":{"image_generator_settings":{"template":"highway","default_image_id":0,"font":"","enabled":false},"version":2}},"categories":[7],"tags":[],"class_list":["post-906681","post","type-post","status-publish","format-standard","hentry","category-tema-4-stretnutia-php"],"jetpack_publicize_connections":[],"jetpack_featured_media_url":"","jetpack_sharing_enabled":true,"jetpack_shortlink":"https:\/\/wp.me\/p5aqy8-3NRT","jetpack_likes_enabled":true,"jetpack-related-posts":[],"_links":{"self":[{"href":"https:\/\/sindik.at\/index.php?rest_route=\/wp\/v2\/posts\/906681","targetHints":{"allow":["GET"]}}],"collection":[{"href":"https:\/\/sindik.at\/index.php?rest_route=\/wp\/v2\/posts"}],"about":[{"href":"https:\/\/sindik.at\/index.php?rest_route=\/wp\/v2\/types\/post"}],"author":[{"embeddable":true,"href":"https:\/\/sindik.at\/index.php?rest_route=\/wp\/v2\/users\/1"}],"replies":[{"embeddable":true,"href":"https:\/\/sindik.at\/index.php?rest_route=%2Fwp%2Fv2%2Fcomments&post=906681"}],"version-history":[{"count":0,"href":"https:\/\/sindik.at\/index.php?rest_route=\/wp\/v2\/posts\/906681\/revisions"}],"wp:attachment":[{"href":"https:\/\/sindik.at\/index.php?rest_route=%2Fwp%2Fv2%2Fmedia&parent=906681"}],"wp:term":[{"taxonomy":"category","embeddable":true,"href":"https:\/\/sindik.at\/index.php?rest_route=%2Fwp%2Fv2%2Fcategories&post=906681"},{"taxonomy":"post_tag","embeddable":true,"href":"https:\/\/sindik.at\/index.php?rest_route=%2Fwp%2Fv2%2Ftags&post=906681"}],"curies":[{"name":"wp","href":"https:\/\/api.w.org\/{rel}","templated":true}]}}