{"id":828678,"date":"2010-01-01T10:56:00","date_gmt":"2010-01-01T10:56:00","guid":{"rendered":"http:\/\/sindikat.bloguje.sk\/828678-stretnutie-1-2010.php"},"modified":"2010-01-01T10:56:00","modified_gmt":"2010-01-01T10:56:00","slug":"828678-stretnutie-1-2010-php","status":"publish","type":"post","link":"https:\/\/sindik.at\/?p=828678","title":{"rendered":"Stretnutie 1\/2010"},"content":{"rendered":"<p>V\u0161etko najlep\u0161ie v Novom roku 2010! Do \u010fal\u0161ieho stretnutia zost\u00e1va u\u017e len 8 dn\u00ed.<!--more--><\/p>\n<p>Sviatky s\u00fa takmer za nami a \u010dakaj\u00fa n\u00e1s len Traja kr\u00e1li najbli\u017e\u0161iu stredu. P\u00e1r dn\u00ed na to m\u00e1me sobotu (9.1.), ktor\u00fa by sme mohli vyu\u017ei\u0165 na prv\u00e9 tohtoro\u010dn\u00e9 stretnutie.<\/p>\n<p>Na tomto mieste mi dovo\u013ete za\u017eela\u0165 v\u00e1m do nov\u00e9ho roku len to najlep\u0161ie, hlavne pevn\u00e9 zdravie, ve\u013ek\u00fd kus \u0161\u0165astia, v\u0161etk\u00e9ho nadosta\u010d a \u00faspechy v ka\u017edej veci, do ktorej sa tento rok pust\u00edte. <\/p>\n<p>Pre n\u00e1s vern\u00fdch osembi\u0165\u00e1kov tie\u017e prajem ve\u013ea entuziazmu do \u010fal\u0161ieho p\u00f4sobenia a aby n\u00e1m na\u0161e (pre mnoh\u00fdch u\u017e vysl\u00fa\u017eil\u00e9) ma\u0161inky vydr\u017eali a na\u010falej dobre sl\u00fa\u017eili. <\/p>\n<p>&nbsp;<\/p>\n<p>ikon<\/p>\n","protected":false},"excerpt":{"rendered":"<p>V\u0161etko najlep\u0161ie v Novom roku 2010! Do \u010fal\u0161ieho stretnutia zost\u00e1va u\u017e len 8 dn\u00ed.<\/p>\n","protected":false},"author":1,"featured_media":0,"comment_status":"open","ping_status":"open","sticky":false,"template":"","format":"standard","meta":{"jetpack_post_was_ever_published":false,"_jetpack_newsletter_access":"","_jetpack_dont_email_post_to_subs":false,"_jetpack_newsletter_tier_id":0,"_jetpack_memberships_contains_paywalled_content":false,"_jetpack_memberships_contains_paid_content":false,"footnotes":"","jetpack_publicize_message":"","jetpack_publicize_feature_enabled":true,"jetpack_social_post_already_shared":false,"jetpack_social_options":{"image_generator_settings":{"template":"highway","default_image_id":0,"font":"","enabled":false},"version":2}},"categories":[7],"tags":[],"class_list":["post-828678","post","type-post","status-publish","format-standard","hentry","category-tema-4-stretnutia-php"],"jetpack_publicize_connections":[],"jetpack_featured_media_url":"","jetpack_sharing_enabled":true,"jetpack_shortlink":"https:\/\/wp.me\/p5aqy8-3tzM","jetpack_likes_enabled":true,"jetpack-related-posts":[],"_links":{"self":[{"href":"https:\/\/sindik.at\/index.php?rest_route=\/wp\/v2\/posts\/828678","targetHints":{"allow":["GET"]}}],"collection":[{"href":"https:\/\/sindik.at\/index.php?rest_route=\/wp\/v2\/posts"}],"about":[{"href":"https:\/\/sindik.at\/index.php?rest_route=\/wp\/v2\/types\/post"}],"author":[{"embeddable":true,"href":"https:\/\/sindik.at\/index.php?rest_route=\/wp\/v2\/users\/1"}],"replies":[{"embeddable":true,"href":"https:\/\/sindik.at\/index.php?rest_route=%2Fwp%2Fv2%2Fcomments&post=828678"}],"version-history":[{"count":0,"href":"https:\/\/sindik.at\/index.php?rest_route=\/wp\/v2\/posts\/828678\/revisions"}],"wp:attachment":[{"href":"https:\/\/sindik.at\/index.php?rest_route=%2Fwp%2Fv2%2Fmedia&parent=828678"}],"wp:term":[{"taxonomy":"category","embeddable":true,"href":"https:\/\/sindik.at\/index.php?rest_route=%2Fwp%2Fv2%2Fcategories&post=828678"},{"taxonomy":"post_tag","embeddable":true,"href":"https:\/\/sindik.at\/index.php?rest_route=%2Fwp%2Fv2%2Ftags&post=828678"}],"curies":[{"name":"wp","href":"https:\/\/api.w.org\/{rel}","templated":true}]}}