{"id":821994,"date":"2009-11-16T12:39:00","date_gmt":"2009-11-16T12:39:00","guid":{"rendered":"http:\/\/sindikat.bloguje.sk\/821994-zapisky-z-tretieho-stretnutia.php"},"modified":"2009-11-16T12:39:00","modified_gmt":"2009-11-16T12:39:00","slug":"821994-zapisky-z-tretieho-stretnutia-php","status":"publish","type":"post","link":"https:\/\/sindik.at\/?p=821994","title":{"rendered":"Z\u00e1pisky z tretieho stretnutia"},"content":{"rendered":"<p>Ako to prebiehalo na tre\u0165om zraze?<!--more--><\/p>\n<div align=\"justify\">Tretie stretko sa odohralo vo v\u00fdrazne technickom duchu, dorazila v\u0161ak len z\u00e1kladn\u00e1 zostava &#8211; Ikon, \u010ci\u017eo, ja a Du\u0161ky. Navrhnut\u00fd harmonogram sme op\u00e4\u0165 dodr\u017eali len \u010diasto\u010dne, ale to v\u00f4bec nevadilo, preto\u017ee aj tak sme mali \u010do robi\u0165.<\/div>\n<p align=\"justify\">\u010ci\u017eo sa zo za\u010diatku t\u00e1pil l\u00fa\u0161ten\u00edm svojho star\u0161ieho k\u00f3du, v druhej \u010dasti d\u0148a sk\u00fa\u0161ali s Ikonom opravi\u0165 hapruj\u00face C64. Du\u0161ky \u010distil pozostatky VRAM na svojom DG a n\u00e1sledne voperoval svoj SRAM modul. Bohu\u017eia\u013e len s \u010dasto\u010dn\u00fdm \u00faspechom. Aspo\u0148 budeme ma\u0165 \u010do robi\u0165 nabud\u00face \ud83d\ude42 Ku koncu d\u0148a sa Du\u0161ky sna\u017eil aj trocha Eaglova\u0165 plo\u0161\u00e1k k LED mape, ale nakoniec som ho od toho odhovoril. Bez tak som chcel vyrobi\u0165 poriadny plo\u0161\u00e1k, tak je zbyto\u010dn\u00e9, aby sa s t\u00fdm tr\u00e1pili dvaja \u013eudia. D\u00fafam, \u017ee sa mi podar\u00ed nejak\u00fd slu\u0161n\u00fd zhlobi\u0165.<\/p>\n<p align=\"justify\">Ikon testoval svoju implement\u00e1ciu RAMiek, pom\u00e1hal Du\u0161kymu s DG, mne naprogramoval atmela a xilinxa do m\u00f4jho prototypu PS\/2 interface, zalo\u017eenom na JORKovej sch\u00e9me, proste ka\u017ed\u00e9mu s nie\u010d\u00edm pom\u00e1hal a\u017e nakoniec jemu sam\u00e9mu nezostal \u010das na zabudovanie 8255. Ja som p\u00f4vodne chcel posklada\u0165 LED mapu, ale podstatn\u00e9 komponenty som si zabudol doma, tak som nakoniec vyv\u0155tal, osadil a o\u017eivil m\u00f4j upraven\u00fd prototyp JROKovho keyboard interface. Skoro som si odp\u00e1lil \u010derstvo k\u00fapen\u00e9ho Xilinxa, lebo som ho blbec osadil do patice zle. Na\u0161\u0165astie to pre\u017eil bez ujmy a prototyp je plne funk\u010dn\u00fd. Pri prekres\u013eovan\u00ed sch\u00e9my som vyrobil bug na adresn\u00fdch vodi\u010doch, dva pre\u0161kraby a dve prepojky na prototype to ale odstr\u00e1nili. Uk\u00e1zalo sa, \u017ee obsah atmela bude treba e\u0161te trocha doladi\u0165, preto\u017ee kl\u00e1vesnica ob\u010das zam\u0155za. Zd\u00e1 sa, \u017ee JROK tam v\u00f4bec nem\u00e1 error handling. Pre istotu som v prototype spojil \/RESET atmela s \/RESETom Spektr\u00e1\u010da, aby nebolo treba vyp\u00edna\u0165 stroj, ke\u010f to zmrzne. Sta\u010d\u00ed odpoji\u0165 a pripoji\u0165 kl\u00e1vesnicu. <\/p>\n<p align=\"justify\">Pri v\u00fdrobe prototypov\u00e9ho plo\u0161\u00e1ku som si vysk\u00fa\u0161al met\u00f3du na\u017eeh\u013eovania spojov. Dopadlo to ve\u013emi dobre, vi\u010f fotka v predo\u0161lom pr\u00edspevku, pravdepodobne o tom nap\u00ed\u0161em zvl\u00e1\u0161\u0165 \u010dl\u00e1nok, len e\u0161te neviem kedy.<\/p>\n<p align=\"justify\">Do bud\u00faceho stretnutia by som chcel vyrobi\u0165 plo\u0161\u00e1k pre Du\u0161kyho, aby sme ho mohli o\u017eivi\u0165 priamo na stretnut\u00ed tak ako m\u00f4j kus. Rozhodol som sa, \u017ee na \u010fal\u0161ie stretnutia budem so sebou \u0161tandardne nosi\u0165 Gum\u00e1ka a divIDE, lebo sa ukazuje, \u017ee je to v podstate nevyhnutn\u00e1 vec na sk\u00fa\u0161anie a porovn\u00e1vanie r\u00f4znych vychyt\u00e1vok, na kror\u00fdch pr\u00e1ve pracujeme.<\/p>\n<p align=\"justify\">\u010co doda\u0165, stretnutie zbehlo ako voda, op\u00e4\u0165 bolo plodn\u00e9 na fyzick\u00e9 v\u00fdsledky a prinieslo nejak\u00e9 nov\u00e9 poznatky. \u0160tvrt\u00e9 stretnutie sa bude nies\u0165 zrejme v duchu dobiehania nestihnutej agendy z predo\u0161l\u00fdch zrazov. Pravdepodobne bude u\u017e t\u00fato sobotu, detaily e\u0161te upresn\u00edme. <\/p>\n","protected":false},"excerpt":{"rendered":"<p>Ako to prebiehalo na tre\u0165om zraze?<\/p>\n","protected":false},"author":1,"featured_media":0,"comment_status":"open","ping_status":"open","sticky":false,"template":"","format":"standard","meta":{"jetpack_post_was_ever_published":false,"_jetpack_newsletter_access":"","_jetpack_dont_email_post_to_subs":false,"_jetpack_newsletter_tier_id":0,"_jetpack_memberships_contains_paywalled_content":false,"_jetpack_memberships_contains_paid_content":false,"footnotes":"","jetpack_publicize_message":"","jetpack_publicize_feature_enabled":true,"jetpack_social_post_already_shared":false,"jetpack_social_options":{"image_generator_settings":{"template":"highway","default_image_id":0,"font":"","enabled":false},"version":2}},"categories":[7],"tags":[],"class_list":["post-821994","post","type-post","status-publish","format-standard","hentry","category-tema-4-stretnutia-php"],"jetpack_publicize_connections":[],"jetpack_featured_media_url":"","jetpack_sharing_enabled":true,"jetpack_shortlink":"https:\/\/wp.me\/p5aqy8-3rPY","jetpack_likes_enabled":true,"jetpack-related-posts":[],"_links":{"self":[{"href":"https:\/\/sindik.at\/index.php?rest_route=\/wp\/v2\/posts\/821994","targetHints":{"allow":["GET"]}}],"collection":[{"href":"https:\/\/sindik.at\/index.php?rest_route=\/wp\/v2\/posts"}],"about":[{"href":"https:\/\/sindik.at\/index.php?rest_route=\/wp\/v2\/types\/post"}],"author":[{"embeddable":true,"href":"https:\/\/sindik.at\/index.php?rest_route=\/wp\/v2\/users\/1"}],"replies":[{"embeddable":true,"href":"https:\/\/sindik.at\/index.php?rest_route=%2Fwp%2Fv2%2Fcomments&post=821994"}],"version-history":[{"count":0,"href":"https:\/\/sindik.at\/index.php?rest_route=\/wp\/v2\/posts\/821994\/revisions"}],"wp:attachment":[{"href":"https:\/\/sindik.at\/index.php?rest_route=%2Fwp%2Fv2%2Fmedia&parent=821994"}],"wp:term":[{"taxonomy":"category","embeddable":true,"href":"https:\/\/sindik.at\/index.php?rest_route=%2Fwp%2Fv2%2Fcategories&post=821994"},{"taxonomy":"post_tag","embeddable":true,"href":"https:\/\/sindik.at\/index.php?rest_route=%2Fwp%2Fv2%2Ftags&post=821994"}],"curies":[{"name":"wp","href":"https:\/\/api.w.org\/{rel}","templated":true}]}}