{"id":815385,"date":"2009-10-08T10:30:00","date_gmt":"2009-10-08T10:30:00","guid":{"rendered":"http:\/\/sindikat.bloguje.sk\/815385-prve-stretnutie.php"},"modified":"2009-10-08T10:30:00","modified_gmt":"2009-10-08T10:30:00","slug":"815385-prve-stretnutie-php","status":"publish","type":"post","link":"https:\/\/sindik.at\/?p=815385","title":{"rendered":"Prv\u00e9 stretnutie"},"content":{"rendered":"<p>Pl\u00e1novan\u00fd term\u00edn: 17.10. od 9.30.<!--more--><\/p>\n<p>Historicky prv\u00e9 stretnutie za\u010d\u00edname 17.10.2009 od 9.30 r\u00e1no.<\/p>\n<p>Zoberte si so sebou aj nejak\u00e9 ob\u010derstveni, aby v\u00e1s neprekvapil hlad alebo sm\u00e4d. <\/p>\n<p>Osobne m\u00e1m v pl\u00e1ne venova\u0165 sa nasledovn\u00e9mu:<\/p>\n<ul>\n<li><a href=\"http:\/\/bitcycle.org\/retro\/spectrum\/SRAM_replacement\/\" target=\"_blank\">n\u00e1hrada VRAM &#8211; DRAM 4116 za SRAM<\/a> v ZX issue 6A <\/li>\n<li><a href=\"http:\/\/pmd85.topindex.sk\/\" target=\"_blank\">SMD klon PMD85<\/a> &#8211; o\u017eivenie a programovanie MCU Atmel<\/li>\n<li>(ak zostane \u010das) ZX Spectrum emul\u00e1tor FuseSP na Asus M930- zmena obsluhy BORDERu + ladenie nefunk\u010dn\u00fdch hier<\/li>\n<\/ul>\n<p>V\u00edtam ak\u00e9ko\u013evek \u010fal\u0161ie n\u00e1mety. <\/p>\n<p>&nbsp;<\/p>\n<p>\/ikon\/ <\/p>\n","protected":false},"excerpt":{"rendered":"<p>Pl\u00e1novan\u00fd term\u00edn: 17.10. od 9.30.<\/p>\n","protected":false},"author":1,"featured_media":0,"comment_status":"open","ping_status":"open","sticky":false,"template":"","format":"standard","meta":{"jetpack_post_was_ever_published":false,"_jetpack_newsletter_access":"","_jetpack_dont_email_post_to_subs":false,"_jetpack_newsletter_tier_id":0,"_jetpack_memberships_contains_paywalled_content":false,"_jetpack_memberships_contains_paid_content":false,"footnotes":"","jetpack_publicize_message":"","jetpack_publicize_feature_enabled":true,"jetpack_social_post_already_shared":false,"jetpack_social_options":{"image_generator_settings":{"template":"highway","default_image_id":0,"font":"","enabled":false},"version":2}},"categories":[7],"tags":[],"class_list":["post-815385","post","type-post","status-publish","format-standard","hentry","category-tema-4-stretnutia-php"],"jetpack_publicize_connections":[],"jetpack_featured_media_url":"","jetpack_sharing_enabled":true,"jetpack_shortlink":"https:\/\/wp.me\/p5aqy8-3q7n","jetpack_likes_enabled":true,"jetpack-related-posts":[],"_links":{"self":[{"href":"https:\/\/sindik.at\/index.php?rest_route=\/wp\/v2\/posts\/815385","targetHints":{"allow":["GET"]}}],"collection":[{"href":"https:\/\/sindik.at\/index.php?rest_route=\/wp\/v2\/posts"}],"about":[{"href":"https:\/\/sindik.at\/index.php?rest_route=\/wp\/v2\/types\/post"}],"author":[{"embeddable":true,"href":"https:\/\/sindik.at\/index.php?rest_route=\/wp\/v2\/users\/1"}],"replies":[{"embeddable":true,"href":"https:\/\/sindik.at\/index.php?rest_route=%2Fwp%2Fv2%2Fcomments&post=815385"}],"version-history":[{"count":0,"href":"https:\/\/sindik.at\/index.php?rest_route=\/wp\/v2\/posts\/815385\/revisions"}],"wp:attachment":[{"href":"https:\/\/sindik.at\/index.php?rest_route=%2Fwp%2Fv2%2Fmedia&parent=815385"}],"wp:term":[{"taxonomy":"category","embeddable":true,"href":"https:\/\/sindik.at\/index.php?rest_route=%2Fwp%2Fv2%2Fcategories&post=815385"},{"taxonomy":"post_tag","embeddable":true,"href":"https:\/\/sindik.at\/index.php?rest_route=%2Fwp%2Fv2%2Ftags&post=815385"}],"curies":[{"name":"wp","href":"https:\/\/api.w.org\/{rel}","templated":true}]}}